{"id":530854,"date":"2022-01-03T00:08:48","date_gmt":"2022-01-03T06:08:48","guid":{"rendered":"https:\/\/www.diarioimagen.net\/?p=530854"},"modified":"2022-01-03T01:41:25","modified_gmt":"2022-01-03T07:41:25","slug":"bienvenidos-al-2022","status":"publish","type":"post","link":"https:\/\/www.diarioimagen.net\/?p=530854","title":{"rendered":"Bienvenidos al 2022"},"content":{"rendered":"<h2>Punto por punto<\/h2>\n<h5>Augusto Corro<\/h5>\n<p>&nbsp;<\/p>\n<p>Bienvenidos al 2022, un a\u00f1o que ofrece tambi\u00e9n incertidumbres derivadas de la pandemia de la Covid-19 que se empe\u00f1a en continuar sobre nuestras cabezas.<\/p>\n<p>Gracias a la vacuna contra el coronavirus se redujo el \u00edndice de mortalidad y contagios, pero no ha sido suficiente.<\/p>\n<p>La distribuci\u00f3n y la aplicaci\u00f3n del ant\u00edgeno no fue suficiente para detener las variantes de virus.<\/p>\n<p>La pandemia ya cobr\u00f3 millones de vidas en el mundo y sigue presente. Es el reto permanente que exige soluci\u00f3n.<\/p>\n<p>De ah\u00ed la necesidad de aplicarse hasta tres o cuatro veces la dosis como refuerzo necesario para evitar la infecci\u00f3n.<\/p>\n<p>Sin embargo, las variantes siguen presentes con sus acciones devastadoras. Delta y \u00f3micron no se detienen.<\/p>\n<p>Inclusive en Israel ya se descubri\u00f3 una infecci\u00f3n simult\u00e1nea de gripe y coronavirus al que le pusieron el nombre de \u201cflurona\u201d.<\/p>\n<p>Tras las fiestas decembrinas, en M\u00e9xico se conocer\u00e1 el avance de la pandemia. Ojal\u00e1 y empiece a reducir el n\u00famero de decesos y contagios.\u00a0 Mientras, todos estamos obligados a continuar con las medidas de protecci\u00f3n contra el coronavirus.<\/p>\n<p>No bajar la guardia. Por ejemplo, aunque el cubrebocas sea desde\u00f1ado por las autoridades, nosotros debemos entender que se trata de un arma para proteger nuestra salud.<\/p>\n<p>Tambi\u00e9n desarrollar nuestras actividades en lugares ventilados. Adem\u00e1s, evitar las reuniones de muchas personas.<\/p>\n<p>Y tener presente que el lavado de manos constante y la sana distancia son medidas sanitarias muy importantes.<\/p>\n<p>En fin, el coronavirus no deja de amenazarnos, Debemos agilizar los recursos protectores con los que contamos, para no ser v\u00edctimas del coronavirus y sus variantes.<\/p>\n<p style=\"text-align: center;\"><strong>El escenario pol\u00edtico<\/strong><\/p>\n<p>El 2022 ser\u00e1 un a\u00f1o muy movido en el escenario pol\u00edtico.<\/p>\n<p>Entre los eventos que llamar\u00e1n la atenci\u00f3n se encuentra la encuesta sobre la revocaci\u00f3n del mandato del presidente L\u00f3pez Obrador.\u00a0 La poblaci\u00f3n decidir\u00e1 si quiere que el mandatario tabasque\u00f1o contin\u00fae en el poder o se retire a su finca de descanso.<\/p>\n<p>La realizaci\u00f3n de la consulta provoc\u00f3 innumerables confrontaciones verbales entre el propio presidente L\u00f3pez Obrador y el titular del Instituto Nacional Electoral (INE), Lorenzo C\u00f3rdova.<\/p>\n<p>En franca rebeld\u00eda, Lorenzo C\u00f3rdova se negaba a realizar la citada encuesta, debido a que, seg\u00fan \u00e9l, no tiene el INE los suficientes recursos econ\u00f3micos para realizarla.<\/p>\n<p>Las autoridades superiores le ordenaron que debe realizar el evento y en este punto de la pugna se encuentran los adversarios.<\/p>\n<p>Incluida la amenaza de que las autoridades electorales, podr\u00edan ser acusadas penalmente por el incumplimiento de sus funciones, entre otras cosas.<\/p>\n<p>Aunque todo hace suponer que esto no ocurrir\u00e1.<\/p>\n<p>Consideramos que los partidos pol\u00edticos y las autoridades se encuentran en condiciones de buscar reformas a las leyes para el establecimiento de un nuevo INE.<\/p>\n<p>El actual es un organismo pol\u00edtico que se maneja con la intenci\u00f3n de favorecer los intereses de los consejeros.<\/p>\n<p>Esos funcionarios electorales tienen salarios m\u00e1s elevados que el presidente L\u00f3pez Obrador y se encuentran amparados para que nadie los toque.<\/p>\n<p style=\"text-align: center;\"><strong>La democracia m\u00e1s cara<\/strong><\/p>\n<p>Comparativamente, M\u00e9xico tiene una democracia que cuesta muchos miles de millones de pesos.<\/p>\n<p>Y de los m\u00e1s beneficiados de ese derroche de recursos econ\u00f3micos son los consejeros del INE y los partidos pol\u00edticos.\u00a0 Los subsidios tambi\u00e9n son cuantiosos. A los dirigentes de las organizaciones pol\u00edticas les toca el esfuerzo de dar las gracias.<\/p>\n<p>Esas condiciones que benefician a los partidos pol\u00edticos deben ser revisadas. \u00bfPor qu\u00e9 invertir el dinero de los ciudadanos en el mantenimiento de las organizaciones pol\u00edticas?\u00a0 Nunca ser\u00e1 tarde para revisar el tema de los subsidios que benefician a una clase pol\u00edtica que \u00fanicamente vela por sus intereses.<\/p>\n<p>\u00bfUsted qu\u00e9 opina amable lector?<\/p>\n<p><a href=\"mailto:aco2742@hotmail.com\" target=\"_blank\" rel=\"noopener noreferrer\"><em>aco2742@hotmail.com<\/em><\/a><\/p>\n","protected":false},"excerpt":{"rendered":"<p><span style=\"color: #005497;\"><strong>Augusto Corro<\/strong><\/span><\/p>\n","protected":false},"author":3,"featured_media":0,"comment_status":"open","ping_status":"open","sticky":false,"template":"","format":"standard","meta":{"_monsterinsights_skip_tracking":false,"_monsterinsights_sitenote_active":false,"_monsterinsights_sitenote_note":"","_monsterinsights_sitenote_category":0,"footnotes":""},"categories":[157],"tags":[43686,43674,11515],"class_list":["post-530854","post","type-post","status-publish","format-standard","hentry","category-augusto-corro","tag-augusto-corro","tag-opinion","tag-punto-por-punto"],"_links":{"self":[{"href":"https:\/\/www.diarioimagen.net\/index.php?rest_route=\/wp\/v2\/posts\/530854","targetHints":{"allow":["GET"]}}],"collection":[{"href":"https:\/\/www.diarioimagen.net\/index.php?rest_route=\/wp\/v2\/posts"}],"about":[{"href":"https:\/\/www.diarioimagen.net\/index.php?rest_route=\/wp\/v2\/types\/post"}],"author":[{"embeddable":true,"href":"https:\/\/www.diarioimagen.net\/index.php?rest_route=\/wp\/v2\/users\/3"}],"replies":[{"embeddable":true,"href":"https:\/\/www.diarioimagen.net\/index.php?rest_route=%2Fwp%2Fv2%2Fcomments&post=530854"}],"version-history":[{"count":0,"href":"https:\/\/www.diarioimagen.net\/index.php?rest_route=\/wp\/v2\/posts\/530854\/revisions"}],"wp:attachment":[{"href":"https:\/\/www.diarioimagen.net\/index.php?rest_route=%2Fwp%2Fv2%2Fmedia&parent=530854"}],"wp:term":[{"taxonomy":"category","embeddable":true,"href":"https:\/\/www.diarioimagen.net\/index.php?rest_route=%2Fwp%2Fv2%2Fcategories&post=530854"},{"taxonomy":"post_tag","embeddable":true,"href":"https:\/\/www.diarioimagen.net\/index.php?rest_route=%2Fwp%2Fv2%2Ftags&post=530854"}],"curies":[{"name":"wp","href":"https:\/\/api.w.org\/{rel}","templated":true}]}}