{"id":530863,"date":"2022-01-03T00:08:59","date_gmt":"2022-01-03T06:08:59","guid":{"rendered":"https:\/\/www.diarioimagen.net\/?p=530863"},"modified":"2022-01-03T01:48:05","modified_gmt":"2022-01-03T07:48:05","slug":"martin-esparza-y-su-falsa-interlocucion-para-las-jubilaciones-del-sme","status":"publish","type":"post","link":"https:\/\/www.diarioimagen.net\/?p=530863","title":{"rendered":"Mart\u00edn Esparza y su falsa interlocuci\u00f3n para las jubilaciones del SME"},"content":{"rendered":"<h2>Detr\u00e1s del Poder<\/h2>\n<h5>Jos\u00e9 Antonio L\u00f3pez Sosa<\/h5>\n<p>&nbsp;<\/p>\n<p>Luego de m\u00e1s de 12 a\u00f1os del cierre de Luz y Fuerza del Centro, donde se dej\u00f3 en el desamparo a m\u00e1s de 40 mil familias (porque se dej\u00f3 la materia de trabajo en manos de la Comisi\u00f3n Federal de Electricidad, pero no as\u00ed la figura de patr\u00f3n sustituto), la insistencia y las negociaciones promovidas por cuatro ex secretarios generales del Sindicato Mexicano de Electriscistas -SME- (Rosendo Flores Flores, Jorge Tapia Sandoval, Pedro Castillo y Manuel Fern\u00e1ndez) lograron que el presidente L\u00f3pez Obrador, por lo menos en el discurso, haya autorizado la jubilaci\u00f3n de acuerdo al extinto Contrato Colectivo de Trabajo para quienes en aquel noviembre de 2009, contaban con una antig\u00fcedad m\u00edmina de 19 a\u00f1os 6 meses 1 un d\u00eda y m\u00e1xima de 29 a\u00f1os 5 meses. Sin lugar a dudas se trata de un hecho de justicia laboral para miles de trabajadores, quienes fueron violentados claramente en sus derechos laborales.<\/p>\n<p>El l\u00edder actual del SME -quien lo es desde 2009 mediante estrategias alejadas de la vida democr\u00e1tica sindical- pretende adjudicarse este logro, cuando es claro que no resulta producto de su gesti\u00f3n, incluso nunca lo ha recibido el presidente L\u00f3pez Obrador pese a su insistencia desde diciembre de 2018.<\/p>\n<p>Lo que s\u00ed gestion\u00f3 Mart\u00edn Esparza Flores en conjunto con un grupo de ex trabajadores, fue la Renta Vitalicia, una especie de pensi\u00f3n sin prestaciones, que fue discrecional y donde la propia dirigencia sindical, en pleno abuso de sus funciones, adhiri\u00f3 a esta prestaci\u00f3n a colaboradores con menos de la antig\u00fcedad estipulada y con dietas muy superiores a lo que correspond\u00eda, as\u00ed lo dimos a conocer hace alg\u00fan tiempo en este espacio el 12 de diciembre de 2017\u00a0www.diarioimagen.net\/?p=356714\u00a0y el 14 de marzo de2018\u00a0www.diarioimagen.net\/?p=368164\u00a0, se trat\u00f3 de un franco abuso y adem\u00e1s, una negociaci\u00f3n orquestada entre Esparza Flores y el gobierno de Enrique Pe\u00f1a Nieto, misma que trataron de blindar para que no se hiciera p\u00fablica, sin contar evidentemente, con la naturaleza de la actividad period\u00edstica que suele lograrlo.<\/p>\n<p>El grupo denominado Renta Vitalicia, que incluye a beneficiarios de esta prestaci\u00f3n y que cumplen con los requisitos de la jubilaci\u00f3n ofrecida por el Presidente, fueron expulsados del SME precisamente por quejarse de los abusos y por apoyar las negociaciones que conducir\u00edan al logro que hoy parece materializarse por el acuerdo con el gobierno federal, es decir, echados fuera por disentir de Esparza Flores.<\/p>\n<p>El a\u00f1o 2020, entrevist\u00e9 en <em>ADR Networks<\/em> a Antonio Almaz\u00e1n, una figura importante dentro del SME que tambi\u00e9n fue separada por el grupo de Esparza, nos comparti\u00f3 la serie de abusos que el grupo en el poder hab\u00eda cometido en la \u00faltima d\u00e9cada en perjuicio de sus agremiados, un dato adicional para documentar la realidad actual.<\/p>\n<p>En s\u00edntesis, se logr\u00f3 la jubilaci\u00f3n de acuerdo a lo autorizado por el Presidente, gracias a la interlocuci\u00f3n de cuatro ex l\u00edderes del SME y grupos de trabajadores -entre ellos Renta Vitalicia- y Mart\u00edn Esparza, l\u00edder actual pretende adjudicarse el logro. Ser\u00e1 interesante escuchar la versi\u00f3n del propio L\u00f3pez Obrador y su secretaria del Trabajo con relaci\u00f3n a esta versi\u00f3n que pretende hacerse creer como real. Apuntes al subdesarrollo sindical.<\/p>\n<p><em><a href=\"http:\/\/www.lopezsosa.com\" target=\"_blank\" rel=\"noopener\">www.lopezsosa.com<\/a><\/em><br \/>\n<em><a href=\"mailto:joseantonio@lopezsosa.com\" target=\"_blank\" rel=\"noopener\">joseantonio@lopezsosa.com<\/a><\/em><br \/>\n<em><a href=\"http:\/\/twitter.com\/joseantonio1977\" target=\"_blank\" rel=\"noopener\">@joseantonio197<\/a><\/em><\/p>\n","protected":false},"excerpt":{"rendered":"<p><span style=\"color: #005497;\"><strong>Jos\u00e9 Antonio L\u00f3pez Sosa<\/strong><\/span><\/p>\n","protected":false},"author":3,"featured_media":0,"comment_status":"open","ping_status":"open","sticky":false,"template":"","format":"standard","meta":{"_monsterinsights_skip_tracking":false,"_monsterinsights_sitenote_active":false,"_monsterinsights_sitenote_note":"","_monsterinsights_sitenote_category":0,"footnotes":""},"categories":[637],"tags":[638,43690,43674],"class_list":["post-530863","post","type-post","status-publish","format-standard","hentry","category-jose-antonio-lopez-sosa","tag-detras-del-poder","tag-jose-antonio-lopez-sosa","tag-opinion"],"_links":{"self":[{"href":"https:\/\/www.diarioimagen.net\/index.php?rest_route=\/wp\/v2\/posts\/530863","targetHints":{"allow":["GET"]}}],"collection":[{"href":"https:\/\/www.diarioimagen.net\/index.php?rest_route=\/wp\/v2\/posts"}],"about":[{"href":"https:\/\/www.diarioimagen.net\/index.php?rest_route=\/wp\/v2\/types\/post"}],"author":[{"embeddable":true,"href":"https:\/\/www.diarioimagen.net\/index.php?rest_route=\/wp\/v2\/users\/3"}],"replies":[{"embeddable":true,"href":"https:\/\/www.diarioimagen.net\/index.php?rest_route=%2Fwp%2Fv2%2Fcomments&post=530863"}],"version-history":[{"count":0,"href":"https:\/\/www.diarioimagen.net\/index.php?rest_route=\/wp\/v2\/posts\/530863\/revisions"}],"wp:attachment":[{"href":"https:\/\/www.diarioimagen.net\/index.php?rest_route=%2Fwp%2Fv2%2Fmedia&parent=530863"}],"wp:term":[{"taxonomy":"category","embeddable":true,"href":"https:\/\/www.diarioimagen.net\/index.php?rest_route=%2Fwp%2Fv2%2Fcategories&post=530863"},{"taxonomy":"post_tag","embeddable":true,"href":"https:\/\/www.diarioimagen.net\/index.php?rest_route=%2Fwp%2Fv2%2Ftags&post=530863"}],"curies":[{"name":"wp","href":"https:\/\/api.w.org\/{rel}","templated":true}]}}