{"id":530867,"date":"2022-01-03T00:07:07","date_gmt":"2022-01-03T06:07:07","guid":{"rendered":"https:\/\/www.diarioimagen.net\/?p=530867"},"modified":"2022-03-01T02:29:04","modified_gmt":"2022-03-01T08:29:04","slug":"migrantes-indocumentados-victimas-de-traficantes-de-personas","status":"publish","type":"post","link":"https:\/\/www.diarioimagen.net\/?p=530867","title":{"rendered":"Migrantes indocumentados, v\u00edctimas de traficantes de personas"},"content":{"rendered":"<h2>Clase Pol\u00edtica<\/h2>\n<h5>Miguel \u00c1ngel Rivera<\/h5>\n<p>&nbsp;<\/p>\n<p>Durante el a\u00f1o pasado, 821 migrantes murieron en viajes por Am\u00e9rica Central o Am\u00e9rica del Norte, seg\u00fan la Organizaci\u00f3n Internacional para las Migraciones.<\/p>\n<p>La principal causa de esas p\u00e9rdidas fatales son los accidentes de tr\u00e1nsito (162), seguidos de falta de comida, agua y refugio (142) y ahogamiento (108).<\/p>\n<p>La anterior es una de las muchas cifras negativas que se pueden encontrar en los registros acerca del movimiento de migrantes, en su mayor\u00eda centroamericanos y caribe\u00f1os, pero tambi\u00e9n mexicanos y de otras nacionalidades que abandonan sus sitios de origen para buscar convertirse en testimonios vivientes de la realizaci\u00f3n del \u201cmilagro americano\u201d, es decir conseguir la ciudadan\u00eda o, al menos, la residencia en los Estados Unidos.<\/p>\n<p>Por desgracia para esos cientos de miles de personas que peregrinan de sur a norte, se han convertido en v\u00edctimas m\u00e1s de la delincuencia organizada, que ha encontrado en ellos una jugosa veta de recursos.<\/p>\n<p>Esta forma de delincuencia ha sido denunciada desde hace mucho tiempo, pero los gobiernos involucrados en el fen\u00f3meno de la migraci\u00f3n, desde los pa\u00edses generadores donde salen los migrantes, las naciones por las que pasan y la gran potencia convertida en meta, se dedican m\u00e1s a tratar de contener a los \u201cperegrinos\u201d que a combatir a quienes los explotan y, con frecuencia, no s\u00f3lo les arrebatan sus escasos recursos, sino que los convierten muchas veces en \u201cmulas\u201d -los que cargan drogas- y hasta en sicarios.<\/p>\n<p>En el caso de M\u00e9xico, la pen\u00faltima escala, y de la meta, Estados Unidos, los gobiernos de ambas naciones han celebrado un acuerdo apenas encubierto y censurado por diversos organismos dedicados a proteger los derechos humanos de los migrantes, denominado \u201cpermanece <em>remain<\/em> en M\u00e9xico\u201d, con lo cual el territorio nacional se ha convertido en una especie de sala de espera para los que desean entrar a la Uni\u00f3n Americana.<\/p>\n<p>Aunque la espera no tiene l\u00edmite, ofrece una m\u00ednima esperanza y a esa se acogen grandes contingentes que cruzan por territorio de M\u00e9xico, cuya Constituci\u00f3n le obliga a respetar el libre tr\u00e1nsito. Lo que no puede asegurar es que, eventualmente, las autoridades de la vecina potencia les abrir\u00e1n sus puertas.<\/p>\n<p>Tampoco parece que el gobierno de la llamada Cuarta Transformaci\u00f3n est\u00e9 en condiciones de modificar la situaci\u00f3n y ha tenido que aceptar la funci\u00f3n de \u201crecepcionista\u201d, en espera de que los Estados Unidos abran sus ventanillas.<\/p>\n<p>Esto ha ocasionado que miles de extranjeros se concentren en las ciudades fronterizas y otros muchos transiten por las carreteras y caminos de la Rep\u00fablica, que no siempre son seguros.<\/p>\n<p>Una de las grandes y recientes tragedias ocurri\u00f3, cuando 55 personas murieron al volcar un cami\u00f3n que transportaba m\u00e1s de un centenar de migrantes en Chiapas.<\/p>\n<p>Las personas fallecidas proven\u00edan de Guatemala, Ecuador, Honduras, Rep\u00fablica Dominicana y M\u00e9xico, seg\u00fan las autoridades.<\/p>\n<p>Si no se trata s\u00f3lo de una cobertura para lavar la cara, se inform\u00f3 que los gobiernos de las naciones originarias de los migrantes, adem\u00e1s de los Estados Unidos anunciaron la conformaci\u00f3n del grupo de acci\u00f3n inmediata para detener y presentar ante la justicia a los traficantes de personas responsables de la tragedia.<\/p>\n<p>Pero eso no parece suficiente. Ser\u00eda necesario que el eventual castigo se extendiera asimismo a los traficantes que embarcaron a esos desventurados y que, adem\u00e1s, obtuvieron utilidades por cientos de miles de d\u00f3lares.<\/p>\n<p>Es de esperar, adem\u00e1s, que en este y otros casos similares no se aplique la pol\u00edtica de abrazos y no balazos.<\/p>\n<p style=\"text-align: center;\"><strong>Una buena en los juzgados para el presidente L\u00f3pez Obrador<\/strong><\/p>\n<p>De manera reiterada, el presidente Andr\u00e9s Manuel L\u00f3pez Obrador se ha quejado de la actuaci\u00f3n de jueces federales que han detenido algunas de sus reformas legales m\u00e1s importantes, al atender protestas de los afectados que se quejan de violaciones a los mandatos constitucionales y por eso buscan la protecci\u00f3n del Poder Judicial Federal.<\/p>\n<p>Precisamente por esos fallos de los jueces federales, a los cuales el primer mandatario acusa de servir a los intereses \u201cconservadores\u201d y \u201cneoliberales\u201d, el Ejecutivo opt\u00f3 por un \u201cacuerdo\u201d, conocido como \u201cdecretazo\u201d para evitar tr\u00e1mites burocr\u00e1ticos a las obras de su gobierno.<\/p>\n<p>El pasado 22 de noviembre el gobierno public\u00f3 en el <em>Diario Oficial de la Federaci\u00f3n<\/em> que es cuesti\u00f3n de seguridad nacional la realizaci\u00f3n de proyectos de obras a cargo del gobierno de M\u00e9xico asociadas a infraestructura de los sectores comunicaciones, telecomunicaciones, aduaneros, fronterizo, hidr\u00e1ulico, h\u00eddrico, medio ambiente, tur\u00edstico, salud, v\u00edas f\u00e9rreas, ferrocarriles en todas sus modalidades, energ\u00e9tico, puertos, aeropuertos y aquellos que por su objeto, caracter\u00edsticas, naturaleza, complejidad y magnitud sean estrat\u00e9gicos para el desarrollo del pa\u00eds.<\/p>\n<p>Ese recurso para evadir reglamentos, le vali\u00f3, por supuesto, protestas, la m\u00e1s notable de un grupo de 53 senadores de las bancadas del PAN, PRI, PRD y MC, adem\u00e1s del grupo Plural.<\/p>\n<p>Esa protesta le caus\u00f3 m\u00e1s dificultades a la presidenta del Senado, la ex ministra de la Suprema Corte de Justicia Olga S\u00e1nchez Cordero, quien al parecer de los partidos de oposici\u00f3n y de muchos analistas, actu\u00f3 m\u00e1s como lo que fue, secretaria de Gobernaci\u00f3n del gobierno de la llamada Cuarta Transformaci\u00f3n que, como representante legal de su C\u00e1mara, pues se neg\u00f3 a firmar la controversia constitucional.<\/p>\n<p>Los legisladores de oposici\u00f3n alegan que el \u201cdecretazo\u201d no s\u00f3lo viola la Constituci\u00f3n, sino, adem\u00e1s, atenta contra la divisi\u00f3n de Poderes.<\/p>\n<p>De acuerdo con la ministra en retiro, la controversia constitucional es improcedente, pues, en su opini\u00f3n, es inexistente el principio de agravio respecto del Senado.<\/p>\n<p>A su vez, el Instituto Nacional de Acceso a la Informaci\u00f3n (INAI) tambi\u00e9n se inconform\u00f3 porque ese acuerdo presidencial viola un derecho conquistado por la ciudadan\u00eda: ser informado de lo que gasta el gobierno y en qu\u00e9.<\/p>\n<p>Al margen de estas inconformidades, un particular present\u00f3 una demanda de amparo contra el \u201cdecretazo\u201d ante el juzgado segundo de distrito en amparo y juicios federales, con sede en Quer\u00e9taro, cuyo titular neg\u00f3 suspender el acuerdo del presidente L\u00f3pez Obrador<\/p>\n<p>El juez rechaz\u00f3 otorgar la suspensi\u00f3n provisional solicitada, con la cual se podr\u00eda frenar el \u201cdecretazo\u201d.<\/p>\n<p>Aunque, sin duda, el fallo del juez federal ser\u00e1 bien recibido por la llamada Cuarta Transformaci\u00f3n, no se puede cantar \u00e9xito definitivo, pues el juez -y probablemente los tribunales de alzada- tendr\u00e1n que dilucidar el fondo de la controversia: si el \u201cdecretazo\u201d viola o no la Constituci\u00f3n.<\/p>\n<p>Por lo pronto, el presidente L\u00f3pez Obrador tiene a su favor que la aplicaci\u00f3n de su acuerdo no qued\u00f3 suspendida, como lo fueron otras de sus reformas anteriores.<\/p>\n<p style=\"text-align: center;\"><strong>\u00a0Ning\u00fan cambio sobresaliente en la Asamblea Nacional del PRI<\/strong><\/p>\n<p>Sin cambios notables culmin\u00f3 la 23 Asamblea Nacional Ordinaria del Partido Revolucioanrio Institucional.<\/p>\n<p>Lo m\u00e1s notable fue la decisi\u00f3n de ratificar al PRI como un \u201cpartido de centro izquierda, progresista, socialdem\u00f3crata y alejado de los extremos ideol\u00f3gicos\u201d.<\/p>\n<p>Por su parte, la diputada federal Laura Haro, en su calidad de presidenta de la Mesa Nacional de Prospectiva del Partido, sostuvo que los m\u00e1s de tres mil consejeros que participaron directamente o en forma remota, ratificaron que no debe haber m\u00e1s servidores p\u00fablicos que no rindan cuentas a la militancia, que utilicen al partido para plataformas personales o que manchen sus siglas.<\/p>\n<p>\u201cEs la consigna que regir\u00e1 permanentemente nuestro trabajo pol\u00edtico a lo largo y ancho del pa\u00eds\u201d, afirm\u00f3 la legisladora.<\/p>\n<p>Adem\u00e1s, se\u00f1al\u00f3 que el pa\u00eds se encuentra en un momento complejo, de desaf\u00edos sociales, econ\u00f3micos y pol\u00edticos, con la amenaza de la involuci\u00f3n democr\u00e1tica, alimentada por un gobierno autoritario, populista e incompetente.<\/p>\n<p>A su vez, el tambi\u00e9n diputado y dirigente de la Confederaci\u00f3n Nacional Campesina (CNC), Ismael Hern\u00e1ndez Deras, recalc\u00f3 que el PRI est\u00e1 comprometido con la igualdad social y tiene como mandato el combate a la pobreza, eje central de su propuesta y estrategia pol\u00edtica, lo que reclama revisar el Pacto Fiscal Fede- ral y, en general, la anquilosada estructura hacendaria del pa\u00eds.<\/p>\n<p><em><a href=\"mailto:riparcangel@hotmail.com\" target=\"_blank\" rel=\"noopener noreferrer\">riparcangel@hotmail.com<\/a><\/em><\/p>\n","protected":false},"excerpt":{"rendered":"<p><span style=\"color: #005497;\"><strong>Miguel \u00c1ngel Rivera<\/strong><\/span<\/span><\/p>\n","protected":false},"author":3,"featured_media":0,"comment_status":"open","ping_status":"open","sticky":false,"template":"","format":"standard","meta":{"_monsterinsights_skip_tracking":false,"_monsterinsights_sitenote_active":false,"_monsterinsights_sitenote_note":"","_monsterinsights_sitenote_category":0,"footnotes":""},"categories":[84119],"tags":[84120,84121,43674],"class_list":["post-530867","post","type-post","status-publish","format-standard","hentry","category-miguel-angel-rivera","tag-clase-politica","tag-miguel-angel-rivera","tag-opinion"],"_links":{"self":[{"href":"https:\/\/www.diarioimagen.net\/index.php?rest_route=\/wp\/v2\/posts\/530867","targetHints":{"allow":["GET"]}}],"collection":[{"href":"https:\/\/www.diarioimagen.net\/index.php?rest_route=\/wp\/v2\/posts"}],"about":[{"href":"https:\/\/www.diarioimagen.net\/index.php?rest_route=\/wp\/v2\/types\/post"}],"author":[{"embeddable":true,"href":"https:\/\/www.diarioimagen.net\/index.php?rest_route=\/wp\/v2\/users\/3"}],"replies":[{"embeddable":true,"href":"https:\/\/www.diarioimagen.net\/index.php?rest_route=%2Fwp%2Fv2%2Fcomments&post=530867"}],"version-history":[{"count":0,"href":"https:\/\/www.diarioimagen.net\/index.php?rest_route=\/wp\/v2\/posts\/530867\/revisions"}],"wp:attachment":[{"href":"https:\/\/www.diarioimagen.net\/index.php?rest_route=%2Fwp%2Fv2%2Fmedia&parent=530867"}],"wp:term":[{"taxonomy":"category","embeddable":true,"href":"https:\/\/www.diarioimagen.net\/index.php?rest_route=%2Fwp%2Fv2%2Fcategories&post=530867"},{"taxonomy":"post_tag","embeddable":true,"href":"https:\/\/www.diarioimagen.net\/index.php?rest_route=%2Fwp%2Fv2%2Ftags&post=530867"}],"curies":[{"name":"wp","href":"https:\/\/api.w.org\/{rel}","templated":true}]}}