{"id":530933,"date":"2022-01-04T00:13:08","date_gmt":"2022-01-04T06:13:08","guid":{"rendered":"https:\/\/www.diarioimagen.net\/?p=530933"},"modified":"2022-01-05T01:00:30","modified_gmt":"2022-01-05T07:00:30","slug":"este-viernes-se-les-acaba-el-tiempo-a-partidos-para-definir-alianzas-ante-ieqroo","status":"publish","type":"post","link":"https:\/\/www.diarioimagen.net\/?p=530933","title":{"rendered":"Este viernes se les acaba el tiempo a partidos para definir alianzas ante Ieqroo"},"content":{"rendered":"<h2>Derecho de r\u00e9plica<\/h2>\n<h5>Jos\u00e9 Luis Monta\u00f1ez<\/h5>\n<p>&nbsp;<\/p>\n<ul>\n<li><strong><em>S\u00f3lo se vislumbra la que encabezar\u00e1 Morena<\/em><\/strong><\/li>\n<\/ul>\n<p>&nbsp;<\/p>\n<div id=\"attachment_531017\" style=\"width: 470px\" class=\"wp-caption aligncenter\"><a href=\"https:\/\/www.diarioimagen.net\/?attachment_id=531017\" rel=\"attachment wp-att-531017\"><img loading=\"lazy\" decoding=\"async\" aria-describedby=\"caption-attachment-531017\" class=\"size-full wp-image-531017\" src=\"https:\/\/www.diarioimagen.net\/wp-content\/uploads\/2022\/01\/derecho-1.jpg\" alt=\"\" width=\"460\" height=\"270\" \/><\/a><p id=\"caption-attachment-531017\" class=\"wp-caption-text\">El pr\u00f3ximo viernes 7 de enero es la fecha l\u00edmite que tienen los partidos pol\u00edticos para presentar los convenios de coalici\u00f3n ante el Ieqroo.<\/p><\/div>\n<p>&nbsp;<\/p>\n<p>No hay plazo que no se cumpla ni fecha que no se llegue. Las precampa\u00f1as est\u00e1n a punto de comenzar, luego que ayer se venci\u00f3 la fecha para que los partidos pol\u00edticos informen al Instituto Electoral de Quintana Roo (Ieqroo) sobre el m\u00e9todo o m\u00e9todos de sus procesos internos para la selecci\u00f3n de candidaturas a la gubernatura y diputaciones.<\/p>\n<p>Los ajustes y reacomodos iniciaron, saltimbanquis van y saltimbanquis llegan esperando su oportunidad porque ante la falta de cuadros para venderse como la mejor alternativa para los partidos, que m\u00e1s que uno est\u00e1 buscando salvar su registro, en tanto otros s\u00f3lo hacen su movimiento en el ajedrez pol\u00edtico.<\/p>\n<p>De acuerdo al calendario electoral, el 4 de enero inicia el periodo de los procesos de selecci\u00f3n interna de candidatas y candidatos y el 6 de enero es la fecha l\u00edmite para solicitar el registro de convenios de candidaturas comunes para gubernatura y diputaciones por el principio de mayor\u00eda relativa.<\/p>\n<p>El 7 de enero ser\u00e1 el \u00faltimo d\u00eda para solicitar ante el Ieqroo el registro de convenios de coalici\u00f3n para gubernatura y diputaciones en el que se espera que los interesados hagan lo propio, de tal suerte que el siete al 17 de enero se realice el proceso de aprobaci\u00f3n de la resoluci\u00f3n de los convenios de candidaturas comunes.<\/p>\n<p>Es decir, del 7 de enero al 10 de febrero es el periodo de precampa\u00f1a para la gubernatura y del 12 de enero al 10 de febrero ser\u00e1 el periodo de precampa\u00f1a para diputaciones, de manera que los abanderados andar\u00e1n de diestra a siniestra, dando a conocer sus aspiraciones pol\u00edticas.<\/p>\n<p>Hasta ahora, s\u00f3lo se sabe que el PRI no va en alianza, al igual que el PAN, de acuerdo al mandato nacional, aunque a nivel local, insisten, tanto l\u00edderes del blanquiazul como del PRD, en ir juntos, de ah\u00ed que buscar\u00e1n hasta el \u00faltimo momento buscar y lograr un consenso sobre la candidatura que la senadora Mayuli Mart\u00ednez Fern\u00e1ndez pretende encabezar.<\/p>\n<p style=\"text-align: center;\"><strong>Semana decisiva del calendario en el Ieqroo<\/strong><\/p>\n<p>De acuerdo al calendario electoral, este viernes 7 de enero es la fecha l\u00edmite que tienen los partidos para presentar los convenios de coalici\u00f3n, pero el desgaste interno les gener\u00f3 una carga muy pesada que no pueden superar y por tanto no se ven dos grandes alianzas, sino m\u00e1s bien s\u00f3lo una en Quintana Roo, encabezada por el partido guinda.<\/p>\n<p>Ante dicho escenario, las reuniones y acuerdos no paran para intentar salvar las coaliciones que enfrentaron el proceso en 2021, las cuales a pesar de los m\u00faltiples encuentros previos a\u00fan no terminan de cuajar, ante la indecisi\u00f3n de las cabezas en cuanto a qu\u00e9 le toca a cada uno en dicha uni\u00f3n.<\/p>\n<p>Si bien se promueve una alianza de facto, la realidad es que todav\u00eda hay mucho que aterrizar en la mesa de los acuerdos, ya que los jaloneos est\u00e1n a la orden del d\u00eda y s\u00f3lo se est\u00e1 en espera de la fecha cr\u00edtica para poder definirse y hasta ahora el \u00fanico que dijo que no va es el PRI y esperar\u00e1 el 22 de febrero para inscribir a sus candidatos.<\/p>\n<p>El acuerdo entre partidos en relaci\u00f3n a las alianzas depender\u00e1 de la candidatura a gobernador, hecho que los tiene y mantiene muy desgastados, ya que se manejan nombres hasta de artistas como Roberto Palazuelos, tambi\u00e9n empresario hotelero de Tulum.<\/p>\n<p>En cuanto a la alianza que empuja Morena, tambi\u00e9n se tambalea al estar dudoso el PT, por lo que la secretaria general del CEN de Morena, Citlalli Hern\u00e1ndez, dialoga con los l\u00edderes de este partido para definir las condiciones en las cuales se podr\u00eda hacer una alianza y las candidaturas a diputados, en este punto, el MAS tendr\u00e1 una posici\u00f3n.<\/p>\n<p>El PVEM pondr\u00e1 candidatos en dos o tres distritos; el PT est\u00e1 en la disyuntiva de aceptar poner un candidato o tener dos candidatos, pero estos \u00faltimos palomeados por Morena, alternativas que de ninguna manera les agrada, ya que en 2019 lograron tres posiciones.<\/p>\n<p>En este contexto, los partidos sat\u00e9lite que participaron en la elecci\u00f3n de 2021, como las ratas, empezaron a huir cuando vieron que el barco se hund\u00eda y prefirieron ir en solitario, al ver un voto pulverizado.<\/p>\n<p>En consecuencia, los partidos locales como Fuerza por M\u00e9xico y Confianza por Quintana Roo buscan por todos los medios salvar el pellejo y aceptar a figuras p\u00fablicas o populares que les garantice, la cantidad necesaria para conservar el registro. \u00a1Veremos!<\/p>\n<p><em>Escr\u00edbame a mi mail: <\/em><em><a href=\"mailto:montanezaguilar@gmail.com\" target=\"_blank\" rel=\"noopener noreferrer\">montanezaguilar@gmail.com<\/a><\/em><\/p>\n","protected":false},"excerpt":{"rendered":"<p><span style=\"color: #005497;\"><strong>Jos\u00e9 Luis Monta\u00f1ez<\/strong><\/span><br \/>\n<br \/>\nNo hay plazo que no se cumpla ni fecha que no se llegue. Las precampa\u00f1as est\u00e1n a punto de comenzar, luego que ayer se venci\u00f3 la fecha para que los partidos pol\u00edticos informen al Instituto Electoral de Quintana Roo (Ieqroo) sobre el m\u00e9todo o m\u00e9todos de sus procesos internos para la selecci\u00f3n de candidaturas a la gubernatura y diputaciones.<\/p>\n","protected":false},"author":3,"featured_media":531017,"comment_status":"open","ping_status":"open","sticky":false,"template":"","format":"standard","meta":{"_monsterinsights_skip_tracking":false,"_monsterinsights_sitenote_active":false,"_monsterinsights_sitenote_note":"","_monsterinsights_sitenote_category":0,"footnotes":""},"categories":[11622,25512],"tags":[47840,54579,43674],"class_list":["post-530933","post","type-post","status-publish","format-standard","has-post-thumbnail","hentry","category-jose-luis-montanez-aguilar","category-nacional-nacional","tag-derecho-de-replica","tag-jose-luis-montanez","tag-opinion"],"_links":{"self":[{"href":"https:\/\/www.diarioimagen.net\/index.php?rest_route=\/wp\/v2\/posts\/530933","targetHints":{"allow":["GET"]}}],"collection":[{"href":"https:\/\/www.diarioimagen.net\/index.php?rest_route=\/wp\/v2\/posts"}],"about":[{"href":"https:\/\/www.diarioimagen.net\/index.php?rest_route=\/wp\/v2\/types\/post"}],"author":[{"embeddable":true,"href":"https:\/\/www.diarioimagen.net\/index.php?rest_route=\/wp\/v2\/users\/3"}],"replies":[{"embeddable":true,"href":"https:\/\/www.diarioimagen.net\/index.php?rest_route=%2Fwp%2Fv2%2Fcomments&post=530933"}],"version-history":[{"count":0,"href":"https:\/\/www.diarioimagen.net\/index.php?rest_route=\/wp\/v2\/posts\/530933\/revisions"}],"wp:featuredmedia":[{"embeddable":true,"href":"https:\/\/www.diarioimagen.net\/index.php?rest_route=\/wp\/v2\/media\/531017"}],"wp:attachment":[{"href":"https:\/\/www.diarioimagen.net\/index.php?rest_route=%2Fwp%2Fv2%2Fmedia&parent=530933"}],"wp:term":[{"taxonomy":"category","embeddable":true,"href":"https:\/\/www.diarioimagen.net\/index.php?rest_route=%2Fwp%2Fv2%2Fcategories&post=530933"},{"taxonomy":"post_tag","embeddable":true,"href":"https:\/\/www.diarioimagen.net\/index.php?rest_route=%2Fwp%2Fv2%2Ftags&post=530933"}],"curies":[{"name":"wp","href":"https:\/\/api.w.org\/{rel}","templated":true}]}}