{"id":530953,"date":"2022-01-04T00:03:23","date_gmt":"2022-01-04T06:03:23","guid":{"rendered":"https:\/\/www.diarioimagen.net\/?p=530953"},"modified":"2022-01-04T13:19:16","modified_gmt":"2022-01-04T19:19:16","slug":"aldo-ledezma-toma-protesta-a-la-nueva-reingenieria-administrativa-en-cuautitlan","status":"publish","type":"post","link":"https:\/\/www.diarioimagen.net\/?p=530953","title":{"rendered":"Aldo Ledezma toma protesta a la nueva reingenier\u00eda administrativa en Cuautitl\u00e1n"},"content":{"rendered":"<p>&nbsp;<\/p>\n<p><a href=\"https:\/\/www.diarioimagen.net\/?attachment_id=531058\" rel=\"attachment wp-att-531058\"><img loading=\"lazy\" decoding=\"async\" class=\"aligncenter size-full wp-image-531058\" src=\"https:\/\/www.diarioimagen.net\/wp-content\/uploads\/2022\/01\/cuautitlan-izcalli.jpg\" alt=\"\" width=\"460\" height=\"270\" \/><\/a><\/p>\n<p>&nbsp;<\/p>\n<p><strong>Cuautitl\u00e1n, Estado de M\u00e9xico.\u2014<\/strong> Aldo Ledezma Reyna, como Presidente Municipal Constitucional de Cuautitl\u00e1n, encabez\u00f3 la primera sesi\u00f3n de Cabildo con la que queda formalmente instalado el Ayuntamiento que funcionar\u00e1 a partir del uno de enero de 2022 al 31 de diciembre de 2024, donde adem\u00e1s se tom\u00f3 protesta a los nuevos directores de las diferentes \u00e1reas de la Administraci\u00f3n Municipal.<\/p>\n<p>Ana Silvia Roa Carre\u00f1o, fue la primera en tomar protesta como Secretaria del H. Ayuntamiento y quien dio continuidad al orden del d\u00eda de dicha sesi\u00f3n, donde se aprobaron por unanimidad de votos a Jorge Maza Cervantes como Tesorero Municipal y a Elba Irene Silva L\u00f3pez como titular del \u00d3rgano Interno de Control. Tambi\u00e9n protest\u00f3 como Presidenta Honor\u00edfica del Sistema DIF Municipal a Brenda Aguilar Zamora, entre otros funcionarios.<\/p>\n","protected":false},"excerpt":{"rendered":"<p>Aldo Ledezma Reyna, como Presidente Municipal Constitucional de Cuautitl\u00e1n, encabez\u00f3 la primera sesi\u00f3n de Cabildo con la que queda formalmente instalado el Ayuntamiento que funcionar\u00e1 a partir del uno de enero de 2022 al 31 de diciembre de 2024, donde adem\u00e1s se tom\u00f3 protesta a los nuevos directores de las diferentes \u00e1reas de la Administraci\u00f3n Municipal.<\/p>\n","protected":false},"author":3,"featured_media":531058,"comment_status":"open","ping_status":"open","sticky":false,"template":"","format":"standard","meta":{"_monsterinsights_skip_tracking":false,"_monsterinsights_sitenote_active":false,"_monsterinsights_sitenote_note":"","_monsterinsights_sitenote_category":0,"footnotes":""},"categories":[5],"tags":[94275,681,43675,74351],"class_list":["post-530953","post","type-post","status-publish","format-standard","has-post-thumbnail","hentry","category-estado-de-mexico","tag-administrativaq","tag-cuautitlan","tag-estado-de-mexico","tag-reingenieria"],"_links":{"self":[{"href":"https:\/\/www.diarioimagen.net\/index.php?rest_route=\/wp\/v2\/posts\/530953","targetHints":{"allow":["GET"]}}],"collection":[{"href":"https:\/\/www.diarioimagen.net\/index.php?rest_route=\/wp\/v2\/posts"}],"about":[{"href":"https:\/\/www.diarioimagen.net\/index.php?rest_route=\/wp\/v2\/types\/post"}],"author":[{"embeddable":true,"href":"https:\/\/www.diarioimagen.net\/index.php?rest_route=\/wp\/v2\/users\/3"}],"replies":[{"embeddable":true,"href":"https:\/\/www.diarioimagen.net\/index.php?rest_route=%2Fwp%2Fv2%2Fcomments&post=530953"}],"version-history":[{"count":0,"href":"https:\/\/www.diarioimagen.net\/index.php?rest_route=\/wp\/v2\/posts\/530953\/revisions"}],"wp:featuredmedia":[{"embeddable":true,"href":"https:\/\/www.diarioimagen.net\/index.php?rest_route=\/wp\/v2\/media\/531058"}],"wp:attachment":[{"href":"https:\/\/www.diarioimagen.net\/index.php?rest_route=%2Fwp%2Fv2%2Fmedia&parent=530953"}],"wp:term":[{"taxonomy":"category","embeddable":true,"href":"https:\/\/www.diarioimagen.net\/index.php?rest_route=%2Fwp%2Fv2%2Fcategories&post=530953"},{"taxonomy":"post_tag","embeddable":true,"href":"https:\/\/www.diarioimagen.net\/index.php?rest_route=%2Fwp%2Fv2%2Ftags&post=530953"}],"curies":[{"name":"wp","href":"https:\/\/api.w.org\/{rel}","templated":true}]}}