{"id":530954,"date":"2022-01-04T00:04:50","date_gmt":"2022-01-04T06:04:50","guid":{"rendered":"https:\/\/www.diarioimagen.net\/?p=530954"},"modified":"2022-01-04T13:17:40","modified_gmt":"2022-01-04T19:17:40","slug":"naucalpan-comenzara-a-aplicar-el-cobro-del-impuesto-predial-a-partir-del-14-de-enero","status":"publish","type":"post","link":"https:\/\/www.diarioimagen.net\/?p=530954","title":{"rendered":"Naucalpan comenzar\u00e1 a aplicar el cobro del impuesto predial a partir del 14 de enero"},"content":{"rendered":"<p>&nbsp;<\/p>\n<ul>\n<li><strong><em>Ang\u00e9lica Moya pide comprensi\u00f3n a contribuyentes<\/em><\/strong><\/li>\n<\/ul>\n<p>&nbsp;<\/p>\n<div id=\"attachment_531055\" style=\"width: 470px\" class=\"wp-caption aligncenter\"><a href=\"https:\/\/www.diarioimagen.net\/?attachment_id=531055\" rel=\"attachment wp-att-531055\"><img loading=\"lazy\" decoding=\"async\" aria-describedby=\"caption-attachment-531055\" class=\"size-full wp-image-531055\" src=\"https:\/\/www.diarioimagen.net\/wp-content\/uploads\/2022\/01\/naucalpan-1.jpg\" alt=\"\" width=\"460\" height=\"270\" \/><\/a><p id=\"caption-attachment-531055\" class=\"wp-caption-text\">La recaudaci\u00f3n del impuesto predial y los dem\u00e1s pagos al ayuntamiento comenzar\u00e1n a partir del 14 de enero como consecuencia del desastre financiero que dejaron en la hacienda p\u00fablica.<\/p><\/div>\n<p>&nbsp;<\/p>\n<p><strong>Naucalpan, Estado de M\u00e9xico.\u2014<\/strong> El desorden financiero en el que fue entregada la administraci\u00f3n p\u00fablica, obstaculiza el cobro inmediato del impuesto predial.<\/p>\n<p>Por lo anterior, la alcaldesa Ang\u00e9lica Moya Mar\u00edn solicit\u00f3 la comprensi\u00f3n y apoyo de todos los contribuyentes, a quienes se les informar\u00e1 detalladamente de los descuentos a los que tendr\u00e1n beneficio. Este a\u00f1o, la recaudaci\u00f3n del impuesto predial y los dem\u00e1s pagos al ayuntamiento comenzar\u00e1n a partir del 14 de enero como consecuencia del desastre financiero que el gobierno morenista dej\u00f3 en la hacienda p\u00fablica.<\/p>\n<p>El retraso en el cobro de \u00e9stos, es debido al caos administrativo en el que se recibi\u00f3 la administraci\u00f3n municipal. Sin embargo, no afectar\u00e1n los descuentos tradicionales que se aplican a los grupos vulnerables en cada ejercicio fiscal, as\u00ed como los que se establecen por pronto pago.<\/p>\n<p>Estas medidas son un ejercicio de transparencia para que los vecinos de Naucalpan tengan la certeza y conocimiento claro de lo que entra a las arcas locales.<\/p>\n<p>Los ingresos por el cobro de este gravamen tambi\u00e9n se vieron seriamente mermados en los \u00faltimos tres a\u00f1os, pues a decir de la alcaldesa, Ang\u00e9lica Moya, se tienen registros de que \u00e9stos superaban los mil millones de pesos anuales, cifra muy lejos de haber sido alcanzada en la administraci\u00f3n morenista.<\/p>\n","protected":false},"excerpt":{"rendered":"<p>El desorden financiero en el que fue entregada la administraci\u00f3n p\u00fablica, obstaculiza el cobro inmediato del impuesto predial.<\/p>\n","protected":false},"author":3,"featured_media":531055,"comment_status":"open","ping_status":"open","sticky":false,"template":"","format":"standard","meta":{"_monsterinsights_skip_tracking":false,"_monsterinsights_sitenote_active":false,"_monsterinsights_sitenote_note":"","_monsterinsights_sitenote_category":0,"footnotes":""},"categories":[5],"tags":[43675,45614,970,21487],"class_list":["post-530954","post","type-post","status-publish","format-standard","has-post-thumbnail","hentry","category-estado-de-mexico","tag-estado-de-mexico","tag-impuesto","tag-naucalpan","tag-predial"],"_links":{"self":[{"href":"https:\/\/www.diarioimagen.net\/index.php?rest_route=\/wp\/v2\/posts\/530954","targetHints":{"allow":["GET"]}}],"collection":[{"href":"https:\/\/www.diarioimagen.net\/index.php?rest_route=\/wp\/v2\/posts"}],"about":[{"href":"https:\/\/www.diarioimagen.net\/index.php?rest_route=\/wp\/v2\/types\/post"}],"author":[{"embeddable":true,"href":"https:\/\/www.diarioimagen.net\/index.php?rest_route=\/wp\/v2\/users\/3"}],"replies":[{"embeddable":true,"href":"https:\/\/www.diarioimagen.net\/index.php?rest_route=%2Fwp%2Fv2%2Fcomments&post=530954"}],"version-history":[{"count":0,"href":"https:\/\/www.diarioimagen.net\/index.php?rest_route=\/wp\/v2\/posts\/530954\/revisions"}],"wp:featuredmedia":[{"embeddable":true,"href":"https:\/\/www.diarioimagen.net\/index.php?rest_route=\/wp\/v2\/media\/531055"}],"wp:attachment":[{"href":"https:\/\/www.diarioimagen.net\/index.php?rest_route=%2Fwp%2Fv2%2Fmedia&parent=530954"}],"wp:term":[{"taxonomy":"category","embeddable":true,"href":"https:\/\/www.diarioimagen.net\/index.php?rest_route=%2Fwp%2Fv2%2Fcategories&post=530954"},{"taxonomy":"post_tag","embeddable":true,"href":"https:\/\/www.diarioimagen.net\/index.php?rest_route=%2Fwp%2Fv2%2Ftags&post=530954"}],"curies":[{"name":"wp","href":"https:\/\/api.w.org\/{rel}","templated":true}]}}