{"id":530983,"date":"2022-01-04T00:02:35","date_gmt":"2022-01-04T06:02:35","guid":{"rendered":"https:\/\/www.diarioimagen.net\/?p=530983"},"modified":"2022-01-04T02:53:15","modified_gmt":"2022-01-04T08:53:15","slug":"si-amlo-no-se-exhibe-su-popularidad-baja","status":"publish","type":"post","link":"https:\/\/www.diarioimagen.net\/?p=530983","title":{"rendered":"Si AMLO no se exhibe, su popularidad baja"},"content":{"rendered":"<h2>La Retaguardia<\/h2>\n<h5>Adriana Moreno Cordero<\/h5>\n<p>&nbsp;<\/p>\n<ul>\n<li><strong><em>Pleito entre \u201cAlito\u201d Moreno y Omar Fayad, que quiere ser embajador<\/em><\/strong><\/li>\n<\/ul>\n<p>&nbsp;<\/p>\n<p>Estamos de regreso antes de la fecha anunciada, porque es la primera vez en mucho tiempo, que a\u00fan en \u00e9poca navide\u00f1a, la informaci\u00f3n no par\u00f3 y el encargado de que se diera a conocer fue, ni m\u00e1s ni menos que el presidente <strong>Andr\u00e9s Manuel L\u00f3pez Obrador<\/strong>, quien descubri\u00f3 algo m\u00e1s que el \u201chilo negro\u201d, al percatarse que si no est\u00e1 \u00e9l en el centro, exhibi\u00e9ndose y tratando de cubrir las muchas fallas de su gobierno, su popularidad baja y esto, lo demuestran encuestadoras como Mitofsky que dieron cuenta de que despu\u00e9s de que el de Tepetit\u00e1n alcanz\u00f3 su \u201cpico\u201d m\u00e1s alto entre octubre y noviembre del a\u00f1o pasado, rondando casi el 70 por ciento, para el \u00faltimo mes de 2021, su tan ansiada popularidad descendi\u00f3; de ah\u00ed su empe\u00f1o en permanecer visible, sobre todo, cuando viene su absurdo ejercicio de Revocaci\u00f3n (ratificaci\u00f3n) de Mandato.<\/p>\n<p>Y no\u00a0 desaprovech\u00f3 L\u00f3pez Obrador la oportunidad de aderezar y polarizar los muchos conflictos que tiene a su alrededor e incluso, tambi\u00e9n se \u201ccolg\u00f3\u201d de los no pocos conflictos que a\u00fan en este a\u00f1o nuevo se ventilan al seno del partido de su creaci\u00f3n y que recientemente dejaron la selecci\u00f3n de candidatos de Morena a las seis gubernaturas que se renovar\u00e1n en este 2022.<\/p>\n<p>\u00c9se y otros, fueron los s\u00f3rdidos conflictos y enfrentamientos que se vivieron durante la pasada Navidad y fiesta de A\u00f1o Nuevo de 2021 y que colocan al partido oficial en una muy penosa situaci\u00f3n, porque aun estando en el poder no dejan de estar m\u00e1s que divididos, es decir, los duros que dicen ser muy puros, no han podido superar sus conflictos con aquellos morenistas que pertenecen al ala moderada, de tal suerte que las polarizaciones y el llamado \u201cfuego amigo\u201d se acrecentar\u00e1n en este naciente a\u00f1o, a lo que contribuir\u00e1 que la anticipada carrera por el 2024, se intensificar\u00e1 y puede -lo m\u00e1s probable- que se le salga de control al inquilino de Palacio Nacional, \u00bfo no?<\/p>\n<p style=\"text-align: center;\"><strong>Municiones<\/strong><\/p>\n<p>*** Muy, pero muy enojado anda el gobernador de Hidalgo, <strong>Omar Fayad<\/strong>, porque en las pasadas fiestas navide\u00f1as, se quej\u00f3 amargamente de que\u00a0 no lo tomaron en cuenta para la selecci\u00f3n del candidato del PRI a una de las 4 gubernaturas que le quedan al otrora poderoso partido ya que, obviamente, \u00e9l quer\u00eda poner a uno de sus cercanos en esa posici\u00f3n. El caso es que el presidente del CEN tricolor, <strong>Alejandro Moreno C\u00e1rdenas<\/strong>, tambi\u00e9n hace lo suyo, pues seg\u00fan el mandatario hidalguense, desde que surgi\u00f3 ese problema, \u201cAlito\u201d \u00a0lo trata \u201ccon la punta del pie\u201d y no le toma las llamadas porque, seg\u00fan el secretario particular del campechano, su jefe \u201cno est\u00e1 localizable\u201d. En el fondo del asunto est\u00e1 que Moreno C\u00e1rdenas quiere imponer \u201ca sus cuates\u201d, o por lo menos eso asegura el gobernador Fayad, quien tambi\u00e9n en entrevista radiof\u00f3nica, ret\u00f3 al ex gobernador de Campeche a que le demuestre y presente pruebas de que se supone que Fayad Meneses ya entr\u00f3 en tratos ni m\u00e1s ni menos que con el presidente L\u00f3pez Obrador para dejarle a Morena la gubernatura de Hidalgo. \u00bfSer\u00e1?, porque sobre eso de los tratos poco iluminados, \u201cAlito\u201d sabe mucho. Hay sin embargo otros comentarios que ruedan por los corrillos del PRI, que aseguran que lo que quiere Omar Fayad, es conseguir la embajada de M\u00e9xico en Francia, y si nos guiamos por la actitud que ha tenido el gobernador de Hidalgo con L\u00f3pez Obrador y su partido, pues lo m\u00e1s probable es que s\u00ed quiera ese importante cargo diplom\u00e1tico, pero en todo caso, eso lo determinar\u00e1 el tiempo. Quiz\u00e1s Fayad ya se vio en el espejo del ex gobernador de Sinaloa, <strong>Quirino Ordaz<\/strong>, de quien se dice, le podr\u00edan dar la embajada de nuestro pa\u00eds en Espa\u00f1a, por ah\u00ed del mes de febrero. Otra vez, \u00bfser\u00e1?<\/p>\n<p>*** En este mismo orden de ideas, seg\u00fan se sabe, ser\u00eda <strong>Carolina Viggiano<\/strong>, esposa del presidente de la Mesa Directiva de la C\u00e1mara de Diputados, el coahuilense <strong>Rub\u00e9n Moreira<\/strong>, la que finalmente abanderar\u00eda la coalici\u00f3n entre el PRI y el PAN, pero inclin\u00e1ndose m\u00e1s por el partido albiceleste, para contender por la gubernatura hidalguense.<\/p>\n<p>*** <strong>Rosario Robles Berlanga<\/strong> dice estar tranquila pese a que sigue presa en el penal de Santa Martha Acatitla y no ha podido conseguir pasar a la prisi\u00f3n domiciliaria. Sin embargo, no dej\u00f3 de lamentarse de que en M\u00e9xico, la justicia se haya vuelto un circo.<\/p>\n<p>*** El ministro presidente de la Suprema Corte de Justicia de la Naci\u00f3n, <strong>Arturo Zald\u00edvar<\/strong>, inaugur\u00f3 el primer per\u00edodo de sesiones de este a\u00f1o y se\u00f1al\u00f3 que seguir\u00e1 actuando con la misma independencia y parcialidad para resolver los importantes casos que tiene pendientes el m\u00e1ximo Tribunal de la Naci\u00f3n. \u201cNuestros fallos podr\u00e1n gustar o no, dependiendo de las coyunturas pol\u00edticas, pero nuestro \u00fanico compromiso es, ha sido y seguir\u00e1 siendo con la Constituci\u00f3n y los Derechos Humanos\u201d. Aqu\u00ed habr\u00eda que recordar que durante las fiestas de fin de a\u00f1o, dos de las ministras, <strong>Yasm\u00edn Ezquivel Mossa<\/strong> y <strong>Margarita R\u00edos Farjat<\/strong>, desde la Comisi\u00f3n de Receso de la SCJN, dieron entrada a la controversia constitucional que present\u00f3 la Consejer\u00eda de la Presidencia de la Rep\u00fablica en contra del INE que propuso suspender en su momento, algunas actividades de la revocaci\u00f3n de mandato y con ello, ambas demostraron que son ciegamente leales a quien las puso ah\u00ed. \u00a1Qu\u00e9 tal!<\/p>\n<p>*** Desde su gustad\u00edsimo \u201cstand-up\u201d ma\u00f1anero, L\u00f3pez Obrador anunci\u00f3 que el aeropuerto en Santa Luc\u00eda se entregar\u00e1 el pr\u00f3ximo 21 de marzo y que tendr\u00e1 un costo de\u00a075 mil millones de pesos\u00a0y no los\u00a0300 mil millones de pesos\u00a0con los que pretend\u00edan construir el de Texcoco. Est\u00e1 bien, puede ser una m\u00e1s de las mentiras que acostumbra decir un d\u00eda s\u00ed y al otro tambi\u00e9n, el se\u00f1or Presidente, pero hay m\u00e1s porque tambi\u00e9n se atrevi\u00f3 a asegurar que, \u201cSi hubi\u00e9ramos continuado con el proyecto, (del aeropuerto en Texcoco) hubiese sido una tragedia, porque es la parte m\u00e1s baja,\u00a0m\u00e1s fangosa de todo el Valle de M\u00e9xico. Se esmeraron en escoger el peor lugar, pero no les importaba eso porque lo que quer\u00edan era hacer un gran negocio cerrando el actual aeropuerto para llevar a cabo un\u00a0<strong>desarrollo inmobiliario<\/strong>, como Santa Fe. Ya se frotaban las manos\u201d. Que no se le olvide al inquilino de Palacio Nacional, que el aeropuerto en Texcoco recibi\u00f3 un premio internacional de arquitectura aun cuando ya estaba cancelado, mientras que su \u201ccentral avionera\u201d dista much\u00edsimo de ser una \u201cgran obra, que va a ser la obra m\u00e1s grande realizada en el mundo en menos tiempo, de calidad y a un costo muy bajo\u201d, eso no se lo cree ni \u00e9l.<\/p>\n<p><u><a href=\"mailto:morcora@gmail.com\" target=\"_blank\" rel=\"noopener noreferrer\"><em>morcora@gmail.com<\/em><\/a><\/u><\/p>\n","protected":false},"excerpt":{"rendered":"<p><span style=\"color: #005497;\"><strong>Adriana Moreno Cordero<\/strong><\/span><\/p>\n","protected":false},"author":3,"featured_media":0,"comment_status":"open","ping_status":"open","sticky":false,"template":"","format":"standard","meta":{"_monsterinsights_skip_tracking":false,"_monsterinsights_sitenote_active":false,"_monsterinsights_sitenote_note":"","_monsterinsights_sitenote_category":0,"footnotes":""},"categories":[69370],"tags":[69369,69368,43674],"class_list":["post-530983","post","type-post","status-publish","format-standard","hentry","category-adriana-moreno-cordero","tag-adriana-moreno-cordero","tag-la-retaguardia","tag-opinion"],"_links":{"self":[{"href":"https:\/\/www.diarioimagen.net\/index.php?rest_route=\/wp\/v2\/posts\/530983","targetHints":{"allow":["GET"]}}],"collection":[{"href":"https:\/\/www.diarioimagen.net\/index.php?rest_route=\/wp\/v2\/posts"}],"about":[{"href":"https:\/\/www.diarioimagen.net\/index.php?rest_route=\/wp\/v2\/types\/post"}],"author":[{"embeddable":true,"href":"https:\/\/www.diarioimagen.net\/index.php?rest_route=\/wp\/v2\/users\/3"}],"replies":[{"embeddable":true,"href":"https:\/\/www.diarioimagen.net\/index.php?rest_route=%2Fwp%2Fv2%2Fcomments&post=530983"}],"version-history":[{"count":0,"href":"https:\/\/www.diarioimagen.net\/index.php?rest_route=\/wp\/v2\/posts\/530983\/revisions"}],"wp:attachment":[{"href":"https:\/\/www.diarioimagen.net\/index.php?rest_route=%2Fwp%2Fv2%2Fmedia&parent=530983"}],"wp:term":[{"taxonomy":"category","embeddable":true,"href":"https:\/\/www.diarioimagen.net\/index.php?rest_route=%2Fwp%2Fv2%2Fcategories&post=530983"},{"taxonomy":"post_tag","embeddable":true,"href":"https:\/\/www.diarioimagen.net\/index.php?rest_route=%2Fwp%2Fv2%2Ftags&post=530983"}],"curies":[{"name":"wp","href":"https:\/\/api.w.org\/{rel}","templated":true}]}}