{"id":530995,"date":"2022-01-04T00:06:55","date_gmt":"2022-01-04T06:06:55","guid":{"rendered":"https:\/\/www.diarioimagen.net\/?p=530995"},"modified":"2022-01-04T03:03:53","modified_gmt":"2022-01-04T09:03:53","slug":"nuevo-ano-nuevas-intenciones-en-ano-electoral","status":"publish","type":"post","link":"https:\/\/www.diarioimagen.net\/?p=530995","title":{"rendered":"Nuevo a\u00f1o, nuevas intenciones en a\u00f1o electoral"},"content":{"rendered":"<h2>As\u00ed las cosas&#8230;<\/h2>\n<h5>Humberto Mares N.<\/h5>\n<p>&nbsp;<\/p>\n<p>Bienvenido el a\u00f1o nuevo y con ello nuevos proyectos y metas. Ser\u00e1 un a\u00f1o muy interesante en lo pol\u00edtico en nuestro pa\u00eds. Tenemos enfrente la realizaci\u00f3n de las elecciones de seis gobernadores y la realizaci\u00f3n de la consulta de Revocaci\u00f3n del Mandato.<\/p>\n<p>Sin duda, ser\u00e1n los temas que dominar\u00e1n este a\u00f1o sin dejar de ver la parte econ\u00f3mica, financiera y de salud de M\u00e9xico. La inflaci\u00f3n es todo un tema que tendr\u00e1 que ser atendido por el Banco de M\u00e9xico. El tema de la salud es de las \u00e1reas que m\u00e1s preocupan a los ciudadanos y la atenci\u00f3n a los asuntos urgentes como el programa nacional de vacunaci\u00f3n, as\u00ed como el desabasto de medicamentos en el pa\u00eds.<\/p>\n<p>Los pol\u00edticos ser\u00e1n los temas predominantes en la sociedad y la consulta de Revocaci\u00f3n del Mandato del presidente AMLO ser\u00e1 la primera que viviremos y con su aderezo que le imprime el pleito entre el Ejecutivo federal y el Instituto Nacional Electoral (INE).<\/p>\n<p><strong>La pregunta en cuesti\u00f3n<\/strong><\/p>\n<p>\u201c\u00bfEst\u00e1s de acuerdo en que a Andr\u00e9s Manuel L\u00f3pez Obrador Presidente de los Estados Unidos Mexicanos se le revoque el mandato por p\u00e9rdida de confianza o siga en la Presidencia de la Rep\u00fablica hasta que termine su periodo?\u201d<\/p>\n<p>Es la pregunta que tendr\u00edamos que contestar en la encuesta de Revocaci\u00f3n del Mandato. No es clara en su contenido por falta de confianza o que termine su periodo. No es una ratificaci\u00f3n, que quede claro.<\/p>\n<p>Por supuesto que la mayor\u00eda de los mexicanos queremos que AMLO termine su mandato y que se vaya a su rancho en Palenque, como lo ha afirmado y repetido muchas ocasiones. Para M\u00e9xico no es sano que un Presidente sea destituido, aunque este instrumento de revocaci\u00f3n, que es nuevo en nuestro sistema, es un avance sin duda para nuestro sistema, que debe modernizarse.<\/p>\n<p>La consulta de Revocaci\u00f3n del Mandato sin duda se llevar\u00e1 a cabo y no s\u00f3lo porque la Corte as\u00ed lo decidi\u00f3 y lo orden\u00f3 al INE, sino porque no podemos dejar de hacer y cumplir con nuestras leyes, ese es el mensaje que env\u00eda la Corte a la sociedad y el INE lo sabe y lo entiende y por ello se llevar\u00e1 a cabo.<\/p>\n<p>Sin embargo, el ataque al INE fue brutal. Por fortuna y para bien de las instituciones de la naci\u00f3n, el presidente AMLO desactiv\u00f3 lo que fue una de las embestidas m\u00e1s brutales e inexplicable como fue la del presidente de la C\u00e1mara de Diputados, el morenista Sergio Guti\u00e9rrez Luna, que present\u00f3 ante la Fiscal\u00eda General de la Rep\u00fablica contra los consejeros electorales que votaron por la postergaci\u00f3n de la consulta por falta de recursos, para llevarla a cabo como lo mandata la ley.<\/p>\n<p>En lo que fue considerado un acto de violencia pol\u00edtica innecesaria, por decir lo menos, Guti\u00e9rrez Luna tal vez trat\u00f3 de adivinarle el pensamiento a su pastor y lo \u00fanico que ocasion\u00f3 fue una reacci\u00f3n de rechazo rotundo por parte de la sociedad y los partidos pol\u00edticos en la C\u00e1mara de Diputados.<\/p>\n<p>Con un comentario en la ma\u00f1anera el presidente AMLO par\u00f3 esta brutalidad.<\/p>\n<p>Esto nos d\u00e1 una visi\u00f3n de c\u00f3mo ser\u00e1n las cosas. AMLO y su partido quieren mandar el mensaje de paz y tranquilidad a la poblaci\u00f3n, que est\u00e1 sufriendo por la inflaci\u00f3n, la falta de seguridad y la incertidumbre sobre lo que pasar\u00e1 en este a\u00f1o.<\/p>\n<p>En Atlacomulco derribaron la estatua de AMLO que se hab\u00eda instalado en una de las avenidas m\u00e1s transitadas de la localidad, que fue un mensaje de la sociedad.\u00a0 Nadie supo c\u00f3mo sucedi\u00f3.<\/p>\n<p style=\"text-align: center;\"><strong>Monreal se defiende del fuego amigo<\/strong><\/p>\n<p>Ricardo Monreal ha sido claro: \u201cNo me voy a ir de Morena\u201d. El senador Monreal est\u00e1 seguro de que la intriga palaciega puede prosperar moment\u00e1neamente, pero no es permanente. En una entrevista, el coordinador del grupo parlamentario de Morena en el Senado, reiter\u00f3 que \u00e9l no fue responsable por la p\u00e9rdida de la mitad de las alcald\u00edas de la Ciudad de M\u00e9xico y que eso se va a terminar aclarando.<\/p>\n<p>El presidente AMLO abri\u00f3 el proceso de selecci\u00f3n de aspirantes a la candidatura a la Presidencia del Rep\u00fablica y alborot\u00f3 la gallera. En principio no tom\u00f3 en cuenta al senador Monreal, quien luego de las elecciones fue acusado por compa\u00f1eros de partido de ser el responsable de que Morena haya perdido 8 alcald\u00edas en la Ciudad de M\u00e9xico, que era considerado el basti\u00f3n m\u00e1s importante de Morena.<\/p>\n<p>Los tiempos en la pol\u00edtica se empiezan a definir y con ello los grupos de poder se agrupan y muestran sus integrantes. Los procesos de selecci\u00f3n de candidatos a gobernadores para las elecciones de junio muestran las fichas.<\/p>\n<p><strong>Morena y su desastre<\/strong><\/p>\n<p>El proceso de selecci\u00f3n de candidatos a gobernadores del Partido Morena pas\u00f3 de ser un proceso transparente y democr\u00e1tico a ser un proceso ma\u00f1oso, tramposo y dirigido.<\/p>\n<p>Los precandidatos inscritos en el proceso para definir candidatos en los seis estados piden se revise el proceso. Oaxaca, Hidalgo, Durango y Tamaulipas lo solicitan a la Comisi\u00f3n de Honor y Justicia del partido.<\/p>\n<p>El descontento es grande y ya piden la destituci\u00f3n de Mario Delgado, que hasta el momento el pastor del reba\u00f1o no ha dicho nada. As\u00ed las cosas, hasta pronto.<\/p>\n<p><a href=\"mailto:hmares21@gmail.com\" target=\"_blank\" rel=\"noopener noreferrer\"><em>mares21@gmail.com<\/em><\/a><\/p>\n","protected":false},"excerpt":{"rendered":"<p><span style=\"color: #005497;\"><strong>Humberto Mares N.<\/strong><\/span><\/p>\n","protected":false},"author":3,"featured_media":0,"comment_status":"open","ping_status":"open","sticky":false,"template":"","format":"standard","meta":{"_monsterinsights_skip_tracking":false,"_monsterinsights_sitenote_active":false,"_monsterinsights_sitenote_note":"","_monsterinsights_sitenote_category":0,"footnotes":""},"categories":[15043],"tags":[92044,92045,43674],"class_list":["post-530995","post","type-post","status-publish","format-standard","hentry","category-humberto-mares-n","tag-asi-las-cosas","tag-humberto-mares-n","tag-opinion"],"_links":{"self":[{"href":"https:\/\/www.diarioimagen.net\/index.php?rest_route=\/wp\/v2\/posts\/530995","targetHints":{"allow":["GET"]}}],"collection":[{"href":"https:\/\/www.diarioimagen.net\/index.php?rest_route=\/wp\/v2\/posts"}],"about":[{"href":"https:\/\/www.diarioimagen.net\/index.php?rest_route=\/wp\/v2\/types\/post"}],"author":[{"embeddable":true,"href":"https:\/\/www.diarioimagen.net\/index.php?rest_route=\/wp\/v2\/users\/3"}],"replies":[{"embeddable":true,"href":"https:\/\/www.diarioimagen.net\/index.php?rest_route=%2Fwp%2Fv2%2Fcomments&post=530995"}],"version-history":[{"count":0,"href":"https:\/\/www.diarioimagen.net\/index.php?rest_route=\/wp\/v2\/posts\/530995\/revisions"}],"wp:attachment":[{"href":"https:\/\/www.diarioimagen.net\/index.php?rest_route=%2Fwp%2Fv2%2Fmedia&parent=530995"}],"wp:term":[{"taxonomy":"category","embeddable":true,"href":"https:\/\/www.diarioimagen.net\/index.php?rest_route=%2Fwp%2Fv2%2Fcategories&post=530995"},{"taxonomy":"post_tag","embeddable":true,"href":"https:\/\/www.diarioimagen.net\/index.php?rest_route=%2Fwp%2Fv2%2Ftags&post=530995"}],"curies":[{"name":"wp","href":"https:\/\/api.w.org\/{rel}","templated":true}]}}