{"id":531073,"date":"2022-01-05T00:01:34","date_gmt":"2022-01-05T06:01:34","guid":{"rendered":"https:\/\/www.diarioimagen.net\/?p=531073"},"modified":"2022-01-05T04:13:07","modified_gmt":"2022-01-05T10:13:07","slug":"ampliaran-horario-en-los-centros-de-salud-para-pruebas-covid-en-cdmx","status":"publish","type":"post","link":"https:\/\/www.diarioimagen.net\/?p=531073","title":{"rendered":"Ampliar\u00e1n horario en los centros de salud para pruebas Covid en CDMX"},"content":{"rendered":"<p>&nbsp;<\/p>\n<ul>\n<li><strong><em>Ante incremento de contagios<\/em><\/strong><\/li>\n<\/ul>\n<p>&nbsp;<\/p>\n<div id=\"attachment_531160\" style=\"width: 470px\" class=\"wp-caption aligncenter\"><a href=\"https:\/\/www.diarioimagen.net\/?attachment_id=531160\" rel=\"attachment wp-att-531160\"><img loading=\"lazy\" decoding=\"async\" aria-describedby=\"caption-attachment-531160\" class=\"size-full wp-image-531160\" src=\"https:\/\/www.diarioimagen.net\/wp-content\/uploads\/2022\/01\/PRUEBAS-COVID-CDMX.jpg\" alt=\"\" width=\"460\" height=\"270\" \/><\/a><p id=\"caption-attachment-531160\" class=\"wp-caption-text\">A partir de este martes a las 11:00 horas se reinstalaron los m\u00f3dulos de tests de ant\u00edgenos en las plazas comerciales de la CDMX.<\/p><\/div>\n<p>&nbsp;<\/p>\n<p>La Secretar\u00eda de Salud de la Ciudad de M\u00e9xico (Sedesa) inform\u00f3 que a partir de este martes se ampli\u00f3 el horario de 8:00 a 14:00 horas de los 117 centros de salud que realizan pruebas Covid-19 en la capital del pa\u00eds, ante el incremento de casos de Covid-19 en los \u00faltimos d\u00edas. Asimismo se reabastecen los insumos para duplicar el n\u00famero de pruebas a 200, con lo que se podr\u00edan realizar hasta 23 mil 400 diarias.<\/p>\n<p>Tambi\u00e9n, a partir de este martes a las 11:00 horas se reinstalaron los m\u00f3dulos de test de ant\u00edgenos en las plazas comerciales Zentralia, Pabell\u00f3n Universidad, Centro Comercial Santa Fe, Parque Las Antenas, Parque V\u00eda Vallejo, Centro Comercial Perisur, Chedraui Arag\u00f3n y Forum Buenavista, cuyos insumos ser\u00e1n dotados por los Servicios de Salud P\u00fablica de la Ciudad de M\u00e9xico.<\/p>\n<p>Adem\u00e1s, la pr\u00f3xima semana se habilitar\u00e1n macroquioscos para realizar pruebas r\u00e1pidas de detecci\u00f3n de Covid-19, por lo que se analizan los lugares donde estar\u00e1n con base al mayor n\u00famero de positividad en las alcald\u00edas.<\/p>\n<p>Sedesa record\u00f3 que en los 117 centros de salud que realizan aplicaci\u00f3n de pruebas se mantienen abiertos y no han dejado de hacer pruebas durante los d\u00edas festivos, incluidos el 24 y 31, as\u00ed como fines de semana.<\/p>\n<p>Desde este fin de semana pasado la Ciudad de M\u00e9xico y la zona conurbada lucieron largas filas de espera en farmacias privadas para hacerse una prueba Covid, donde acuden las personas que pueden pagarlas, el costo ronda los 300 pesos.<\/p>\n<p>Esta baja disponibilidad de pruebas se da en momentos en los que hay un aumento de contagios en el pa\u00eds. La Secretar\u00eda de Salud federal registr\u00f3 un incremento del 63% en el n\u00famero de casos de Covid en las \u00faltimas semanas.<\/p>\n<p style=\"text-align: center;\"><strong>Ligero, el aumento de hospitalizaciones por Covid: Sheinbaum<\/strong><\/p>\n<p>Por otra parte, pese al ligero aumento de casos de la variante \u00d3micron de Covid-19 y el hecho de que del 23 de diciembre del 2021 al 3 de enero de este a\u00f1o se increment\u00f3 en 25 por ciento el n\u00famero de personas hospitalizadas por Covid en la capital, la jefa de gobierno, Claudia Sheinbaum Pardo, afirm\u00f3 que no es un escenario preocupante, pues estamos a en un 9 por ciento de ocupaci\u00f3n hospitalaria.<\/p>\n<p>\u00abEstamos en 9 por ciento de ocupaci\u00f3n hospitalaria y no tiene que ver el incremento en hospitalizaciones a lo que tuvimos hace un a\u00f1o: hace un a\u00f1o llegamos a tener ingresos de que mil personas ingresaban al d\u00eda en los hospitales, hoy estamos en 20 personas m\u00e1s o menos en promedio, hay d\u00edas que son 10, no hemos tenido un incremento\u00bb afirm\u00f3. Y expuso que \u00abla estrategia ya no puede ser cerrar las actividades econ\u00f3micas porque tiene muchos impactos, ni cerrar actividades escolares\u00bb.<\/p>\n<p>Sheinbaum Pardo expres\u00f3 que la estrategia central ante la Covid-19 seguir\u00e1 siendo la vacunaci\u00f3n y adelant\u00f3 que en las pr\u00f3ximas 7 semanas se vacunar\u00e1 a un promedio de un mill\u00f3n de personas por semana.<\/p>\n<p>La jefa de Gobierno destac\u00f3 que las \u00faltimas investigaciones sobre \u00d3micron han demostrado que, aunque es una variante m\u00e1s contagiosa que Delta, provoca menos casos graves y hospitalizaciones.<\/p>\n<p>\u00ab\u00d3micron hasta ahora, hasta ahora, porque tambi\u00e9n pueden surgir otras investigaciones, lo que muestra es que son muy r\u00e1pidos los contagios, hay m\u00e1s n\u00famero de contagiados, pero gracias a que una parte muy importante de la poblaci\u00f3n est\u00e1 vacunada y la propia variable, no significa que estos casos lleguen a hospitalizaciones, es por eso que tenemos que estar midiendo hospitalizaciones todo el tiempo\u201d, se\u00f1al\u00f3.<\/p>\n<p>Se\u00f1al\u00f3 que en caso de que se incremente el n\u00famero de personas que requieren hospitalizaci\u00f3n por covid-19, la ciudad de M\u00e9xico tiene la capacidad suficiente.<\/p>\n","protected":false},"excerpt":{"rendered":"<p>La Secretar\u00eda de Salud de la Ciudad de M\u00e9xico (Sedesa) inform\u00f3 que a partir de este martes se ampli\u00f3 el horario de 8:00 a 14:00 horas de los 117 centros de salud que realizan pruebas Covid-19 en la capital del pa\u00eds, ante el incremento de casos de Covid-19 en los \u00faltimos d\u00edas. Asimismo se reabastecen los insumos para duplicar el n\u00famero de pruebas a 200, con lo que se podr\u00edan realizar hasta 23 mil 400 diarias.<\/p>\n","protected":false},"author":3,"featured_media":531160,"comment_status":"open","ping_status":"open","sticky":false,"template":"","format":"standard","meta":{"_monsterinsights_skip_tracking":false,"_monsterinsights_sitenote_active":false,"_monsterinsights_sitenote_note":"","_monsterinsights_sitenote_category":0,"footnotes":""},"categories":[6],"tags":[34444,91906,4123,94283],"class_list":["post-531073","post","type-post","status-publish","format-standard","has-post-thumbnail","hentry","category-cd-de-mexico","tag-cdmx","tag-covid","tag-horario","tag-sedesa"],"_links":{"self":[{"href":"https:\/\/www.diarioimagen.net\/index.php?rest_route=\/wp\/v2\/posts\/531073","targetHints":{"allow":["GET"]}}],"collection":[{"href":"https:\/\/www.diarioimagen.net\/index.php?rest_route=\/wp\/v2\/posts"}],"about":[{"href":"https:\/\/www.diarioimagen.net\/index.php?rest_route=\/wp\/v2\/types\/post"}],"author":[{"embeddable":true,"href":"https:\/\/www.diarioimagen.net\/index.php?rest_route=\/wp\/v2\/users\/3"}],"replies":[{"embeddable":true,"href":"https:\/\/www.diarioimagen.net\/index.php?rest_route=%2Fwp%2Fv2%2Fcomments&post=531073"}],"version-history":[{"count":0,"href":"https:\/\/www.diarioimagen.net\/index.php?rest_route=\/wp\/v2\/posts\/531073\/revisions"}],"wp:featuredmedia":[{"embeddable":true,"href":"https:\/\/www.diarioimagen.net\/index.php?rest_route=\/wp\/v2\/media\/531160"}],"wp:attachment":[{"href":"https:\/\/www.diarioimagen.net\/index.php?rest_route=%2Fwp%2Fv2%2Fmedia&parent=531073"}],"wp:term":[{"taxonomy":"category","embeddable":true,"href":"https:\/\/www.diarioimagen.net\/index.php?rest_route=%2Fwp%2Fv2%2Fcategories&post=531073"},{"taxonomy":"post_tag","embeddable":true,"href":"https:\/\/www.diarioimagen.net\/index.php?rest_route=%2Fwp%2Fv2%2Ftags&post=531073"}],"curies":[{"name":"wp","href":"https:\/\/api.w.org\/{rel}","templated":true}]}}