{"id":531086,"date":"2022-01-05T00:01:16","date_gmt":"2022-01-05T06:01:16","guid":{"rendered":"https:\/\/www.diarioimagen.net\/?p=531086"},"modified":"2022-01-05T06:27:19","modified_gmt":"2022-01-05T12:27:19","slug":"desde-el-comienzo-de-mi-gestion-se-daran-resultados-afirma-el-alcalde-aldo-ledezma","status":"publish","type":"post","link":"https:\/\/www.diarioimagen.net\/?p=531086","title":{"rendered":"Desde el comienzo de mi gesti\u00f3n se dar\u00e1n resultados, afirma el alcalde Aldo Ledezma"},"content":{"rendered":"<p>&nbsp;<\/p>\n<ul>\n<li><strong><em>Primera sesi\u00f3n de Cabildo en Cuautitl\u00e1n<\/em><\/strong><\/li>\n<\/ul>\n<p>&nbsp;<\/p>\n<div id=\"attachment_531202\" style=\"width: 470px\" class=\"wp-caption aligncenter\"><a href=\"https:\/\/www.diarioimagen.net\/?attachment_id=531202\" rel=\"attachment wp-att-531202\"><img loading=\"lazy\" decoding=\"async\" aria-describedby=\"caption-attachment-531202\" class=\"size-full wp-image-531202\" src=\"https:\/\/www.diarioimagen.net\/wp-content\/uploads\/2022\/01\/ledezma.jpg\" alt=\"\" width=\"460\" height=\"307\" \/><\/a><p id=\"caption-attachment-531202\" class=\"wp-caption-text\">Se llev\u00f3 a cabo la primera sesi\u00f3n de Cabildo, iniciando as\u00ed los trabajos de la Administraci\u00f3n de Aldo Ledezma Reyna, durante la misma se aprobaron acciones en favor de la ciudadan\u00eda.<\/p><\/div>\n<p>&nbsp;<\/p>\n<p><strong>Cuautitl\u00e1n, Estado de M\u00e9xico.\u2014<\/strong> En un ambiente de paz y civilidad, el Presidente Municipal Constitucional de Cuautitl\u00e1n, Aldo Ledezma Reyna, llev\u00f3 a cabo la primera sesi\u00f3n de Cabildo, iniciando as\u00ed los trabajos de la Administraci\u00f3n 2022-2024, durante la misma se aprobaron acciones en favor de la ciudadan\u00eda y que buscan dar pronta respuesta a las necesidades prioritarias del territorio.<\/p>\n<p>Es as\u00ed que una de las propuestas del alcalde y que fue aprobada por mayor\u00eda de votos es la autorizaci\u00f3n para la contrataci\u00f3n de una l\u00ednea de cr\u00e9dito cuyos recursos se destinar\u00e1n para obra p\u00fablica. En su intervenci\u00f3n, Ledezma Reyna explic\u00f3 que la intenci\u00f3n es atender las necesidades en materia de infraestructura, por lo que con estricto apego a la Ley se buscar\u00e1 dicha prestaci\u00f3n con al menos tres instituciones financieras que ofrezcan la menor taza de inter\u00e9s y con mensualidades que no afecten la operaci\u00f3n administrativa, con el compromiso de liquidarlo antes de que concluya el periodo de gesti\u00f3n.<\/p>\n<p>\u201cNuestra intenci\u00f3n es dar resultados desde el primer d\u00eda de gobierno, y lo haremos respetando las leyes y los compromisos adquiridos, por ello es que la contrataci\u00f3n de esta l\u00ednea de cr\u00e9dito significar\u00e1 una mejor calidad de vida con respeto a los servicios con que cuenta hoy el municipio. La aplicaci\u00f3n de estos recursos para obra p\u00fablica est\u00e1 definida y autorizada en la presentaci\u00f3n del programa anual de obras del ejercicio fiscal 2022. Todo ello con la intenci\u00f3n de llevar cuentas claras y finanzas sanas para un mejor desarrollo de la presente administraci\u00f3n\u201d, afirm\u00f3 el mun\u00edcipe durante la sesi\u00f3n.<\/p>\n<p>En la b\u00fasqueda por reordenar y liberar las v\u00edas principales de tr\u00e1nsito, se propusieron estrategias para que los locatarios eviten invadir las vialidades, el edil asegur\u00f3 que estas acciones se llevar\u00e1n a cabo con total respeto a la actividad que desempe\u00f1an, buscando la conciliaci\u00f3n para una convivencia sana entre las autoridades, los comerciantes y los ciudadanos, pues reconoce que el comercio es la principal actividad econ\u00f3mica en el territorio.<\/p>\n<p>La econom\u00eda de las familias se ha visto afectada por la pandemia por lo que se puso a consideraci\u00f3n de la s\u00edndico y regidores, y en virtud de fortalecer la Hacienda Municipal, obteniendo una mayor recaudaci\u00f3n la propuesta de condonar multas y recargos en el pago de impuestos durante los tres primeros meses del a\u00f1o.<\/p>\n","protected":false},"excerpt":{"rendered":"<p>En un ambiente de paz y civilidad, el Presidente Municipal Constitucional de Cuautitl\u00e1n, Aldo Ledezma Reyna, llev\u00f3 a cabo la primera sesi\u00f3n de Cabildo, iniciando as\u00ed los trabajos de la Administraci\u00f3n 2022-2024, durante la misma se aprobaron acciones en favor de la ciudadan\u00eda y que buscan dar pronta respuesta a las necesidades prioritarias del territorio.<\/p>\n","protected":false},"author":3,"featured_media":531202,"comment_status":"open","ping_status":"open","sticky":false,"template":"","format":"standard","meta":{"_monsterinsights_skip_tracking":false,"_monsterinsights_sitenote_active":false,"_monsterinsights_sitenote_note":"","_monsterinsights_sitenote_category":0,"footnotes":""},"categories":[5],"tags":[70005,681,43675],"class_list":["post-531086","post","type-post","status-publish","format-standard","has-post-thumbnail","hentry","category-estado-de-mexico","tag-aldo-ledezma-reyna","tag-cuautitlan","tag-estado-de-mexico"],"_links":{"self":[{"href":"https:\/\/www.diarioimagen.net\/index.php?rest_route=\/wp\/v2\/posts\/531086","targetHints":{"allow":["GET"]}}],"collection":[{"href":"https:\/\/www.diarioimagen.net\/index.php?rest_route=\/wp\/v2\/posts"}],"about":[{"href":"https:\/\/www.diarioimagen.net\/index.php?rest_route=\/wp\/v2\/types\/post"}],"author":[{"embeddable":true,"href":"https:\/\/www.diarioimagen.net\/index.php?rest_route=\/wp\/v2\/users\/3"}],"replies":[{"embeddable":true,"href":"https:\/\/www.diarioimagen.net\/index.php?rest_route=%2Fwp%2Fv2%2Fcomments&post=531086"}],"version-history":[{"count":0,"href":"https:\/\/www.diarioimagen.net\/index.php?rest_route=\/wp\/v2\/posts\/531086\/revisions"}],"wp:featuredmedia":[{"embeddable":true,"href":"https:\/\/www.diarioimagen.net\/index.php?rest_route=\/wp\/v2\/media\/531202"}],"wp:attachment":[{"href":"https:\/\/www.diarioimagen.net\/index.php?rest_route=%2Fwp%2Fv2%2Fmedia&parent=531086"}],"wp:term":[{"taxonomy":"category","embeddable":true,"href":"https:\/\/www.diarioimagen.net\/index.php?rest_route=%2Fwp%2Fv2%2Fcategories&post=531086"},{"taxonomy":"post_tag","embeddable":true,"href":"https:\/\/www.diarioimagen.net\/index.php?rest_route=%2Fwp%2Fv2%2Ftags&post=531086"}],"curies":[{"name":"wp","href":"https:\/\/api.w.org\/{rel}","templated":true}]}}