{"id":531090,"date":"2022-01-05T00:03:44","date_gmt":"2022-01-05T06:03:44","guid":{"rendered":"https:\/\/www.diarioimagen.net\/?p=531090"},"modified":"2022-01-05T06:18:10","modified_gmt":"2022-01-05T12:18:10","slug":"el-gobierno-de-cuautitlan-izcalli-mantendra-este-ano-los-descuentos-en-pago-de-predial","status":"publish","type":"post","link":"https:\/\/www.diarioimagen.net\/?p=531090","title":{"rendered":"El gobierno de Cuautitl\u00e1n Izcalli mantendr\u00e1 este a\u00f1o los descuentos en pago de predial"},"content":{"rendered":"<p>&nbsp;<\/p>\n<ul>\n<li><strong><em>Beneficios para los grupos vulnerables<\/em><\/strong><\/li>\n<\/ul>\n<p>&nbsp;<\/p>\n<div id=\"attachment_531196\" style=\"width: 470px\" class=\"wp-caption aligncenter\"><a href=\"https:\/\/www.diarioimagen.net\/?attachment_id=531196\" rel=\"attachment wp-att-531196\"><img loading=\"lazy\" decoding=\"async\" aria-describedby=\"caption-attachment-531196\" class=\"size-full wp-image-531196\" src=\"https:\/\/www.diarioimagen.net\/wp-content\/uploads\/2022\/01\/izcalli-1.jpg\" alt=\"\" width=\"460\" height=\"270\" \/><\/a><p id=\"caption-attachment-531196\" class=\"wp-caption-text\">La administraci\u00f3n de Karla Leticia Fiesco mantendr\u00e1 los beneficios fiscales de 2021 para los grupos vulnerables y la poblaci\u00f3n en general, en el pago anual anticipado de predial.<\/p><\/div>\n<p>&nbsp;<\/p>\n<p><strong>Cuautitl\u00e1n Izcalli, Estado de M\u00e9xico.\u2014<\/strong> El gobierno de Cuautitl\u00e1n Izcalli, que encabeza Karla Leticia Fiesco Garc\u00eda, mantendr\u00e1 este a\u00f1o los beneficios fiscales de 2021 para los grupos vulnerables y la poblaci\u00f3n en general, en el pago anual anticipado de predial.<\/p>\n<p>Esto responde a los acuerdos ratificados en la primera sesi\u00f3n de cabildo del Ayuntamiento que se realiz\u00f3 el 1 de enero del 2022, en donde la presidenta propuso que a partir del mes de enero se aplicar\u00e1n los monto m\u00e1ximos de descuento en el pago de este servicio que corresponden al 8% y un adicional del 4% si el contribuyente es cumplido y sin historial de adeudos y del 6% y adicionalmente un 2% en el mes de febrero, mientras que para marzo los descuentos ser\u00e1n del 4%.<\/p>\n<p>Los descuentos fueron aprobados por el Congreso Estatal y por las personas integrantes del cabildo del Ayuntamiento en 2021, y se respetar\u00e1n este a\u00f1o. De aprobarse alguna modificaci\u00f3n por el Poder Legislativo, el gobierno Municipal ejecutar\u00eda el ajuste e informar\u00eda las adecuaciones correspondientes, as\u00ed como los requisitos para que sean v\u00e1lidos.<\/p>\n<p>Cabe se\u00f1alar que los recursos provenientes del pago de este servicio son utilizados por el Ayuntamiento para ofrecer m\u00e1s y mejores servicios p\u00fablicos para los izcallenses, por lo que se les invita a aprovechar los beneficios fiscales en este inicio de a\u00f1o.<\/p>\n<p>Asimismo, las personas que se encuentren en cualquiera de los siguientes grupos vulnerables tendr\u00e1n acceso a un descuento de hasta el 34% de su pago: pensionados y jubilados, hu\u00e9rfanos, personas con discapacidad, adultos mayores, viudas o viudos, madres solteras sin ingresos fijos, personas f\u00edsicas cuya percepci\u00f3n diaria no rebase tres salarios m\u00ednimos generales vigentes y personas liberadas con motivos amnist\u00eda Estatal.<\/p>\n<p>La presente administraci\u00f3n refrenda su compromiso con la eficiencia y eficacia del uso de los recursos p\u00fablicos.<\/p>\n","protected":false},"excerpt":{"rendered":"<p>El gobierno de Cuautitl\u00e1n Izcalli, que encabeza Karla Leticia Fiesco Garc\u00eda, mantendr\u00e1 este a\u00f1o los beneficios fiscales de 2021 para los grupos vulnerables y la poblaci\u00f3n en general, en el pago anual anticipado de predial.<\/p>\n","protected":false},"author":3,"featured_media":531196,"comment_status":"open","ping_status":"open","sticky":false,"template":"","format":"standard","meta":{"_monsterinsights_skip_tracking":false,"_monsterinsights_sitenote_active":false,"_monsterinsights_sitenote_note":"","_monsterinsights_sitenote_category":0,"footnotes":""},"categories":[5],"tags":[971,43675,94263],"class_list":["post-531090","post","type-post","status-publish","format-standard","has-post-thumbnail","hentry","category-estado-de-mexico","tag-cuautitlan-izcalli","tag-estado-de-mexico","tag-karla-leticia-fiesco-garcia"],"_links":{"self":[{"href":"https:\/\/www.diarioimagen.net\/index.php?rest_route=\/wp\/v2\/posts\/531090","targetHints":{"allow":["GET"]}}],"collection":[{"href":"https:\/\/www.diarioimagen.net\/index.php?rest_route=\/wp\/v2\/posts"}],"about":[{"href":"https:\/\/www.diarioimagen.net\/index.php?rest_route=\/wp\/v2\/types\/post"}],"author":[{"embeddable":true,"href":"https:\/\/www.diarioimagen.net\/index.php?rest_route=\/wp\/v2\/users\/3"}],"replies":[{"embeddable":true,"href":"https:\/\/www.diarioimagen.net\/index.php?rest_route=%2Fwp%2Fv2%2Fcomments&post=531090"}],"version-history":[{"count":0,"href":"https:\/\/www.diarioimagen.net\/index.php?rest_route=\/wp\/v2\/posts\/531090\/revisions"}],"wp:featuredmedia":[{"embeddable":true,"href":"https:\/\/www.diarioimagen.net\/index.php?rest_route=\/wp\/v2\/media\/531196"}],"wp:attachment":[{"href":"https:\/\/www.diarioimagen.net\/index.php?rest_route=%2Fwp%2Fv2%2Fmedia&parent=531090"}],"wp:term":[{"taxonomy":"category","embeddable":true,"href":"https:\/\/www.diarioimagen.net\/index.php?rest_route=%2Fwp%2Fv2%2Fcategories&post=531090"},{"taxonomy":"post_tag","embeddable":true,"href":"https:\/\/www.diarioimagen.net\/index.php?rest_route=%2Fwp%2Fv2%2Ftags&post=531090"}],"curies":[{"name":"wp","href":"https:\/\/api.w.org\/{rel}","templated":true}]}}