{"id":531105,"date":"2022-01-05T00:01:59","date_gmt":"2022-01-05T06:01:59","guid":{"rendered":"https:\/\/www.diarioimagen.net\/?p=531105"},"modified":"2022-01-05T04:32:59","modified_gmt":"2022-01-05T10:32:59","slug":"italia-pospone-la-bolsa-italiana-de-turismo-de-febrero-para-abril","status":"publish","type":"post","link":"https:\/\/www.diarioimagen.net\/?p=531105","title":{"rendered":"Italia pospone la Bolsa Italiana de Turismo, de febrero para abril"},"content":{"rendered":"<h2>De cinco estrellas<\/h2>\n<h5>Victoria Gonz\u00e1lez Prado<\/h5>\n<p><strong>\u00a0<\/strong><\/p>\n<ul>\n<li><strong><em>Sin restricciones, M\u00e9xico, recibir\u00e1 en sus puertos a las navieras <\/em><\/strong><\/li>\n<li><strong>TAG Airlines<em> se consolid\u00f3 como la aerol\u00ednea del Mundo Maya<\/em><\/strong><\/li>\n<li><strong><em>Norteamericanos sin vacunar no podr\u00e1n entrar a Francia<\/em><\/strong><\/li>\n<\/ul>\n<p>&nbsp;<\/p>\n<div id=\"attachment_531186\" style=\"width: 470px\" class=\"wp-caption aligncenter\"><a href=\"https:\/\/www.diarioimagen.net\/?attachment_id=531186\" rel=\"attachment wp-att-531186\"><img loading=\"lazy\" decoding=\"async\" aria-describedby=\"caption-attachment-531186\" class=\"size-full wp-image-531186\" src=\"https:\/\/www.diarioimagen.net\/wp-content\/uploads\/2022\/01\/turismo-1.jpg\" alt=\"\" width=\"460\" height=\"270\" \/><\/a><p id=\"caption-attachment-531186\" class=\"wp-caption-text\">Posponen la BIT de Mil\u00e1n, Italia.<\/p><\/div>\n<p>&nbsp;<\/p>\n<p>Con las nuevas normas de este a\u00f1o 2022 relacionadas con la actualizaci\u00f3n de las medidas contra la Covid, la Bolsa Italiana de Turismo (BIT) en Mil\u00e1n, uno de los dos principales eventos dedicados al sector en Italia, anunci\u00f3 que la BIT ser\u00eda del 13 al 15 de febrero pero, ahora lo posponen del 10 al 12 de abril.<\/p>\n<p>Los operadores tur\u00edsticos, que ven en la BIT momento \u00fanico y privilegiado para crear negocios y reunirse, piden m\u00e1s tiempo para que el sector pueda encontrar equilibrio e identificar las tendencias que lo caracterizar\u00e1n en los pr\u00f3ximos meses.<\/p>\n<p>A partir de ahora y hasta abril el Observatorio de la BIT estar\u00e1 activo para vigilar la situaci\u00f3n e identificar las mejores soluciones para relanzar el sector. Adem\u00e1s, seguir\u00e1 interactuando con los operadores para crear evento acorde con las necesidades y el contexto actual.<\/p>\n<p>Desde el 1 de enero, no habr\u00e1 cuarentena, s\u00f3lo la autovigilancia para los sujetos asintom\u00e1ticos que hayan recibido la dosis de refuerzo, la tercera en definitiva, hayan completado el ciclo de vacunaci\u00f3n primaria en los cuatro meses anteriores, o se hayan recuperado de la infecci\u00f3n en los cuatro meses que entren en contacto con una persona positiva.<\/p>\n<p>Sin embargo, deber\u00e1n llevar cubreboca Ffp2 durante al menos diez d\u00edas. Los que lleven m\u00e1s de cuatro meses vacunados, si est\u00e1n asintom\u00e1ticos, tendr\u00e1n que hacer cuarentena de cinco d\u00edas en estos casos. No hay cambios para los que no est\u00e1n vacunados: la cuarentena se mantiene fija en 10 d\u00edas.<\/p>\n<p>\u2730\u2730\u2730\u2730\u2730 Por incre\u00edble que parezca, las navieras en las que viajen personas contagiadas de coronavirus podr\u00e1n desembarcar en puertos mexicanos si as\u00ed lo solicitan, anunci\u00f3 la Secretaria de Salud. El anuncio llega d\u00edas despu\u00e9s de que las autoridades del Estado de Jalisco prohibieran atracar en sus costas una embarcaci\u00f3n en la que viajaban varios pasajeros infectados por Covid-19.<\/p>\n<p>El buque fue recibido en el puerto de Guaymas, Sonora.<\/p>\n<p>Mientras que Estados Unidos pone en marcha investigaciones por el aumento en los contagios por Covid-19 en cruceros y algunos pa\u00edses caribe\u00f1os niegan la entrada a embarcaciones que cuenten con pasajeros infectados a bordo, M\u00e9xico anunci\u00f3 que \u201cen caso de que las personas que viajen en los cruceros presenten s\u00edntomas de Covid-19 o prueba positiva del virus SARS-CoV-2, se les proporcionar\u00e1 la atenci\u00f3n m\u00e9dica requerida\u201d.<\/p>\n<p>Los positivos tendr\u00e1n que guardar cuarentena y, si se trata de pacientes en estado grave, ser\u00e1n hospitalizados. \u201cLas personas que no presenten s\u00edntomas podr\u00e1n hacer sus actividades tur\u00edsticas con respeto a las medidas b\u00e1sicas de prevenci\u00f3n\u201d, a\u00f1ade el comunicado. La Secretar\u00eda de Salud asegur\u00f3 que la medida es \u201cpol\u00edtica de solidaridad y fraternidad, as\u00ed como el principio de no discriminaci\u00f3n hacia todas las personas\u201d, y alude al \u201ccompromiso de respeto a lo establecido en el reglamento sanitario internacional de la Organizaci\u00f3n Mundial de la Salud (OMS)\u201d.<\/p>\n<p>La decisi\u00f3n de nuestro pa\u00eds de no imponer restricciones al turismo, que representa el 8,5 por ciento del Producto Interior Bruto del pa\u00eds (PIB), y de los destinos tur\u00edsticos favoritos de la ruta de cruceros, que solo en 2019 gener\u00f3 ingresos por m\u00e1s de 600 millones de d\u00f3lares. Con la llegada de la variante \u00d3micron \u2013las cifras oficiales no registran m\u00e1s de una cuarentena de casos en M\u00e9xico\u2013 las autoridades no han tomado medidas especiales. Mientras, un brote de contagios que tiene al resto de Latinoam\u00e9rica alerta obliga a Europa y Estados Unidos a renovar sus restricciones y cancelar vuelos.<\/p>\n<p>\u2730\u2730\u2730\u2730\u2730 <em>TAG Airlines<\/em>, la compa\u00f1\u00eda bandera guatemalteca, consolid\u00f3 durante 2021 su presencia internacional y su papel como la aerol\u00ednea del Mundo Maya, al iniciar operaciones en M\u00e9xico a trav\u00e9s de diferentes rutas que conectan el pa\u00eds centroamericano con los estados de Quintana Roo y Chiapas, los cuales reportan ocupaci\u00f3n superior al 90 por ciento.<\/p>\n<p>En agosto pasado, la aerol\u00ednea puso en marcha sus dos primeras rutas en M\u00e9xico, con vuelos que conectan Guatemala-Tapachula y Canc\u00fan-Guatemala, que benefician a turistas y empresarios que viajan hacia ambos destinos, reduciendo tiempos de traslado y costos.<\/p>\n<p>En diciembre, tambi\u00e9n puso en operaci\u00f3n la ruta que conecta a\u00a0 Canc\u00fan con Flores, en la regi\u00f3n del Pet\u00e9n guatemalteco. Esta ruta es de especial importancia, ya que enlaza el Caribe Mexicano con la zona arqueol\u00f3gica m\u00e1s emblem\u00e1tica del Mundo Maya: Tikal.<\/p>\n<p><strong>Marcela Toriello<\/strong> y <strong>Julio Gamero<\/strong>, presidente y CEO de <em>TAG Airlines,<\/em> respectivamente, y el gobernador de\u00a0 Yucat\u00e1n, <strong>Mauricio Vila<\/strong>, anunciaron que en este primer trimestre del a\u00f1o conectar\u00e1 a la ciudad de Guatemala con M\u00e9rida, en vuelo directo con cuatro frecuencias semanales y tarifas competitivas.<\/p>\n<p>Gamero destac\u00f3 el a\u00f1o 2021 fue clave para la aerol\u00ednea y queremos refrendar el compromiso de <em>TAG Airlines<\/em> con el impulso al desarrollo de la industria de la aviaci\u00f3n y del turismo, que son dos motores importantes para el crecimiento econ\u00f3mico de nuestros pa\u00edses\u201d.<\/p>\n<p>La compa\u00f1\u00eda a\u00e9rea es 100 por ciento guatemalteca, desde hace 50 a\u00f1os mantiene firme compromiso con la conectividad a\u00e9rea y el desarrollo. Actualmente opera 27 vuelos diarios en Guatemala, Honduras, El Salvador, Belice y M\u00e9xico, con\u00a0 moderna flota de m\u00e1s de 20 aeronaves.<\/p>\n<p><strong>\u00a0<\/strong>\u2730\u2730\u2730\u2730\u2730 Los ciudadanos estadounidenses no vacunados tendr\u00e1n que pasar cuarentena de 10 d\u00edas cuando viajen a Francia despu\u00e9s de que las autoridades de ese pa\u00eds hayan a\u00f1adido a Estados Unidos a su lista roja de pa\u00edses Covid-19.<\/p>\n<p>Mientras que los viajeros totalmente vacunados podr\u00e1n viajar a Francia sin cuarentena siempre que presenten prueba de vacunaci\u00f3n y\u00a0 prueba negativa antes de embarcar en su vuelo, los viajeros estadounidenses no vacunados tendr\u00e1n que autoaislarse durante 10 d\u00edas y presentar raz\u00f3n esencial para su visita.<\/p>\n<p>Canad\u00e1 sigue en la Lista Naranja de pa\u00edses de Francia, lo que permite a los ciudadanos canadienses, tanto vacunados como no vacunados, entrar en el pa\u00eds sin restricciones de cuarentena, siempre que puedan presentar prueba negativa.<\/p>\n<p>Francia ha notificado recientemente su mayor n\u00famero de nuevos casos de Covid-19, incluyendo r\u00e9cord de 232 mil 200 casos el viernes 31 de diciembre de 2021, y se ha convertido en el sexto pa\u00eds en notificar m\u00e1s de 10 millones de casos totales. Y aunque\u00a0\u00a0 tambi\u00e9n ha alcanzado m\u00e1ximo de siete meses en cuanto a hospitalizaciones (casi 19 mil hasta el viernes pasado), todav\u00eda no se acerca a su m\u00e1ximo de noviembre de 2020, de casi 34 mil.<\/p>\n<p>Francia ha a\u00f1adido recientemente nuevas restricciones a la Covid-19, entre las que se incluyen el uso obligatorio de mascarillas en espacios p\u00fablicos y la obligaci\u00f3n de llevarlas en las calles de las grandes ciudades, como Par\u00eds y Lyon.<\/p>\n<p>&nbsp;<\/p>\n<blockquote>\n<p style=\"text-align: right;\">\u201c<strong>El<\/strong> <strong>\u00e1ngel de la fama tiene sus alas hechas de papel&#8230; peri\u00f3dico\u201d.<br \/>\n<\/strong><\/p>\n<\/blockquote>\n<p>&nbsp;<\/p>\n<p><em><span class=\"Apple-converted-space\"><a href=\"mailto:victoriagprado@gmail.com\" target=\"_blank\" rel=\"noopener noreferrer\">victoriagprado@gmail.com<\/a><br \/>\nTwitter: <a href=\"https:\/\/twitter.com\/victoriagprado\" target=\"_blank\" rel=\"noopener noreferrer\">@victoriagprado<\/a><\/span><\/em><\/p>\n","protected":false},"excerpt":{"rendered":"<p>Con las nuevas normas de este a\u00f1o 2022 relacionadas con la actualizaci\u00f3n de las medidas contra la Covid, la Bolsa Italiana de Turismo (BIT) en Mil\u00e1n, uno de los dos principales eventos dedicados al sector en Italia, anunci\u00f3 que la BIT ser\u00eda del 13 al 15 de febrero pero, ahora lo posponen del 10 al 12 de abril.\u00a0\u00a0\u00a0\u00a0\u00a0\u00a0\u00a0<\/p>\n","protected":false},"author":3,"featured_media":531186,"comment_status":"open","ping_status":"open","sticky":false,"template":"","format":"standard","meta":{"_monsterinsights_skip_tracking":false,"_monsterinsights_sitenote_active":false,"_monsterinsights_sitenote_note":"","_monsterinsights_sitenote_category":0,"footnotes":""},"categories":[11],"tags":[107,43674,43681,106],"class_list":["post-531105","post","type-post","status-publish","format-standard","has-post-thumbnail","hentry","category-turismo","tag-de-cinco-estrellas","tag-opinion","tag-turismo","tag-victoria-gonzalez-prado"],"_links":{"self":[{"href":"https:\/\/www.diarioimagen.net\/index.php?rest_route=\/wp\/v2\/posts\/531105","targetHints":{"allow":["GET"]}}],"collection":[{"href":"https:\/\/www.diarioimagen.net\/index.php?rest_route=\/wp\/v2\/posts"}],"about":[{"href":"https:\/\/www.diarioimagen.net\/index.php?rest_route=\/wp\/v2\/types\/post"}],"author":[{"embeddable":true,"href":"https:\/\/www.diarioimagen.net\/index.php?rest_route=\/wp\/v2\/users\/3"}],"replies":[{"embeddable":true,"href":"https:\/\/www.diarioimagen.net\/index.php?rest_route=%2Fwp%2Fv2%2Fcomments&post=531105"}],"version-history":[{"count":0,"href":"https:\/\/www.diarioimagen.net\/index.php?rest_route=\/wp\/v2\/posts\/531105\/revisions"}],"wp:featuredmedia":[{"embeddable":true,"href":"https:\/\/www.diarioimagen.net\/index.php?rest_route=\/wp\/v2\/media\/531186"}],"wp:attachment":[{"href":"https:\/\/www.diarioimagen.net\/index.php?rest_route=%2Fwp%2Fv2%2Fmedia&parent=531105"}],"wp:term":[{"taxonomy":"category","embeddable":true,"href":"https:\/\/www.diarioimagen.net\/index.php?rest_route=%2Fwp%2Fv2%2Fcategories&post=531105"},{"taxonomy":"post_tag","embeddable":true,"href":"https:\/\/www.diarioimagen.net\/index.php?rest_route=%2Fwp%2Fv2%2Ftags&post=531105"}],"curies":[{"name":"wp","href":"https:\/\/api.w.org\/{rel}","templated":true}]}}