{"id":531225,"date":"2022-01-06T00:03:36","date_gmt":"2022-01-06T06:03:36","guid":{"rendered":"https:\/\/www.diarioimagen.net\/?p=531225"},"modified":"2022-01-06T07:58:11","modified_gmt":"2022-01-06T13:58:11","slug":"aplica-tlalnepantla-descuentos-hasta-de-30-en-pago-de-predial-a-grupos-vulnerables","status":"publish","type":"post","link":"https:\/\/www.diarioimagen.net\/?p=531225","title":{"rendered":"Aplica Tlalnepantla descuentos hasta de 30% en pago de predial a grupos vulnerables"},"content":{"rendered":"<p>&nbsp;<\/p>\n<ul>\n<li><strong><em>Llamado a cumplir para ofrecer mejores servicios<\/em><\/strong><\/li>\n<\/ul>\n<p>&nbsp;<\/p>\n<div id=\"attachment_531333\" style=\"width: 470px\" class=\"wp-caption aligncenter\"><a href=\"https:\/\/www.diarioimagen.net\/?attachment_id=531333\" rel=\"attachment wp-att-531333\"><img loading=\"lazy\" decoding=\"async\" aria-describedby=\"caption-attachment-531333\" class=\"size-full wp-image-531333\" src=\"https:\/\/www.diarioimagen.net\/wp-content\/uploads\/2022\/01\/tlalnepantla.jpg\" alt=\"\" width=\"460\" height=\"270\" \/><\/a><p id=\"caption-attachment-531333\" class=\"wp-caption-text\">En Tlalnepantla dio inicio desde el pasado lunes 3 de enero con el cobro del impuesto predial.<\/p><\/div>\n<p>&nbsp;<\/p>\n<p><strong>Tlalnepantla, Estado de M\u00e9xico.\u2014<\/strong> El gobierno municipal de Tlalnepantla dio inicio desde el pasado lunes 3 de enero con el cobro del impuesto predial.<\/p>\n<p>Los descuentos que se est\u00e1n haciendo efectivos son del 8 por ciento, y personas pensionadas, viudas o con alg\u00fan tipo de discapacidad diferente, pueden llegar a tener una bonificaci\u00f3n hasta del 30 por ciento.<\/p>\n<p>El pago puede realizarse de lunes a viernes de 8:00 a 17:00 horas y los s\u00e1bados de 9:00 a 14:00 horas en cualquiera de los m\u00f3dulos receptores ubicados en el Claustro Jorge Fons, y Plaza Mundo E. Asimismo, en Plaza Millenium y en el Centro Administrativo Cristina Pacheco, en Tlalnepantla Oriente.<\/p>\n<p>El gobierno municipal record\u00f3 que, \u201cal pagar contribuyes a realizar obras y ofrecer mejores servicios p\u00fablicos\u201d.<\/p>\n","protected":false},"excerpt":{"rendered":"<p>El gobierno municipal de Tlalnepantla dio inicio desde el pasado lunes 3 de enero con el cobro del impuesto predial.<\/p>\n","protected":false},"author":3,"featured_media":531333,"comment_status":"open","ping_status":"open","sticky":false,"template":"","format":"standard","meta":{"_monsterinsights_skip_tracking":false,"_monsterinsights_sitenote_active":false,"_monsterinsights_sitenote_note":"","_monsterinsights_sitenote_category":0,"footnotes":""},"categories":[5],"tags":[43675,64094,169],"class_list":["post-531225","post","type-post","status-publish","format-standard","has-post-thumbnail","hentry","category-estado-de-mexico","tag-estado-de-mexico","tag-grupos-vulnerables","tag-tlalnepantla"],"_links":{"self":[{"href":"https:\/\/www.diarioimagen.net\/index.php?rest_route=\/wp\/v2\/posts\/531225","targetHints":{"allow":["GET"]}}],"collection":[{"href":"https:\/\/www.diarioimagen.net\/index.php?rest_route=\/wp\/v2\/posts"}],"about":[{"href":"https:\/\/www.diarioimagen.net\/index.php?rest_route=\/wp\/v2\/types\/post"}],"author":[{"embeddable":true,"href":"https:\/\/www.diarioimagen.net\/index.php?rest_route=\/wp\/v2\/users\/3"}],"replies":[{"embeddable":true,"href":"https:\/\/www.diarioimagen.net\/index.php?rest_route=%2Fwp%2Fv2%2Fcomments&post=531225"}],"version-history":[{"count":0,"href":"https:\/\/www.diarioimagen.net\/index.php?rest_route=\/wp\/v2\/posts\/531225\/revisions"}],"wp:featuredmedia":[{"embeddable":true,"href":"https:\/\/www.diarioimagen.net\/index.php?rest_route=\/wp\/v2\/media\/531333"}],"wp:attachment":[{"href":"https:\/\/www.diarioimagen.net\/index.php?rest_route=%2Fwp%2Fv2%2Fmedia&parent=531225"}],"wp:term":[{"taxonomy":"category","embeddable":true,"href":"https:\/\/www.diarioimagen.net\/index.php?rest_route=%2Fwp%2Fv2%2Fcategories&post=531225"},{"taxonomy":"post_tag","embeddable":true,"href":"https:\/\/www.diarioimagen.net\/index.php?rest_route=%2Fwp%2Fv2%2Ftags&post=531225"}],"curies":[{"name":"wp","href":"https:\/\/api.w.org\/{rel}","templated":true}]}}