{"id":531227,"date":"2022-01-06T00:04:13","date_gmt":"2022-01-06T06:04:13","guid":{"rendered":"https:\/\/www.diarioimagen.net\/?p=531227"},"modified":"2022-01-06T07:55:46","modified_gmt":"2022-01-06T13:55:46","slug":"muy-pronto-estaremos-compartiendo-los-servicios-y-actividades-que-tenemos-afirma-alcaldesa-karla-fiesco","status":"publish","type":"post","link":"https:\/\/www.diarioimagen.net\/?p=531227","title":{"rendered":"Muy pronto estaremos compartiendo los servicios y actividades que tenemos, afirma alcaldesa Karla Fiesco"},"content":{"rendered":"<p>&nbsp;<\/p>\n<p><a href=\"https:\/\/www.diarioimagen.net\/?attachment_id=531330\" rel=\"attachment wp-att-531330\"><img loading=\"lazy\" decoding=\"async\" class=\"aligncenter size-full wp-image-531330\" src=\"https:\/\/www.diarioimagen.net\/wp-content\/uploads\/2022\/01\/izcalli-2.jpg\" alt=\"\" width=\"460\" height=\"270\" \/><\/a><\/p>\n<p>&nbsp;<\/p>\n<p><strong>Cuautitl\u00e1n, Estado de M\u00e9xico<\/strong><strong>.\u2014<\/strong> La presidenta municipal Karla Fiesco asisti\u00f3 al Parque Vecinal \u00c1gora CEIS en la colonia Santa Mar\u00eda Guadalupe \u201cLas Torres\u201d, acompa\u00f1ada del titular del Instituto Municipal de la Juventud, Luis Felipe Huitr\u00f3n, para conocer las \u00e1reas de oportunidad con el objetivo de mejorarlas y brindar un espacio digno.<\/p>\n","protected":false},"excerpt":{"rendered":"<p>La presidenta municipal Karla Fiesco asisti\u00f3 al Parque Vecinal \u00c1gora CEIS en la colonia Santa Mar\u00eda Guadalupe \u201cLas Torres\u201d, acompa\u00f1ada del titular del Instituto Municipal de la Juventud, Luis Felipe Huitr\u00f3n, para conocer las \u00e1reas de oportunidad con el objetivo de mejorarlas y brindar un espacio digno.<\/p>\n","protected":false},"author":3,"featured_media":531330,"comment_status":"open","ping_status":"open","sticky":false,"template":"","format":"standard","meta":{"_monsterinsights_skip_tracking":false,"_monsterinsights_sitenote_active":false,"_monsterinsights_sitenote_note":"","_monsterinsights_sitenote_category":0,"footnotes":""},"categories":[5],"tags":[94290,681,43675],"class_list":["post-531227","post","type-post","status-publish","format-standard","has-post-thumbnail","hentry","category-estado-de-mexico","tag-ceis","tag-cuautitlan","tag-estado-de-mexico"],"_links":{"self":[{"href":"https:\/\/www.diarioimagen.net\/index.php?rest_route=\/wp\/v2\/posts\/531227","targetHints":{"allow":["GET"]}}],"collection":[{"href":"https:\/\/www.diarioimagen.net\/index.php?rest_route=\/wp\/v2\/posts"}],"about":[{"href":"https:\/\/www.diarioimagen.net\/index.php?rest_route=\/wp\/v2\/types\/post"}],"author":[{"embeddable":true,"href":"https:\/\/www.diarioimagen.net\/index.php?rest_route=\/wp\/v2\/users\/3"}],"replies":[{"embeddable":true,"href":"https:\/\/www.diarioimagen.net\/index.php?rest_route=%2Fwp%2Fv2%2Fcomments&post=531227"}],"version-history":[{"count":0,"href":"https:\/\/www.diarioimagen.net\/index.php?rest_route=\/wp\/v2\/posts\/531227\/revisions"}],"wp:featuredmedia":[{"embeddable":true,"href":"https:\/\/www.diarioimagen.net\/index.php?rest_route=\/wp\/v2\/media\/531330"}],"wp:attachment":[{"href":"https:\/\/www.diarioimagen.net\/index.php?rest_route=%2Fwp%2Fv2%2Fmedia&parent=531227"}],"wp:term":[{"taxonomy":"category","embeddable":true,"href":"https:\/\/www.diarioimagen.net\/index.php?rest_route=%2Fwp%2Fv2%2Fcategories&post=531227"},{"taxonomy":"post_tag","embeddable":true,"href":"https:\/\/www.diarioimagen.net\/index.php?rest_route=%2Fwp%2Fv2%2Ftags&post=531227"}],"curies":[{"name":"wp","href":"https:\/\/api.w.org\/{rel}","templated":true}]}}