{"id":531344,"date":"2022-01-07T00:05:09","date_gmt":"2022-01-07T06:05:09","guid":{"rendered":"https:\/\/www.diarioimagen.net\/?p=531344"},"modified":"2022-01-10T05:49:12","modified_gmt":"2022-01-10T11:49:12","slug":"sebastian-herrera-compositor-de-la-uaem-reconocido-por-convertir-sus-experiencias-en-musica","status":"publish","type":"post","link":"https:\/\/www.diarioimagen.net\/?p=531344","title":{"rendered":"Sebasti\u00e1n Herrera, compositor de la UAEM, reconocido por convertir sus experiencias en m\u00fasica"},"content":{"rendered":"<p><em>\u00a0<\/em><\/p>\n<ul>\n<li><strong><em>El alumno de la licenciatura en M\u00fasica fue premiado durante la tercera edici\u00f3n de \u201cJ\u00f3venes que destacan Toluca 2021\u201d en la categor\u00eda \u201cTrayectoria art\u00edstica y cultural\u201d<\/em><\/strong><\/li>\n<\/ul>\n<p>&nbsp;<\/p>\n<div id=\"attachment_531368\" style=\"width: 470px\" class=\"wp-caption aligncenter\"><a href=\"https:\/\/www.diarioimagen.net\/?attachment_id=531368\" rel=\"attachment wp-att-531368\"><img loading=\"lazy\" decoding=\"async\" aria-describedby=\"caption-attachment-531368\" class=\"size-full wp-image-531368\" src=\"https:\/\/www.diarioimagen.net\/wp-content\/uploads\/2022\/01\/uaem-4.jpg\" alt=\"\" width=\"460\" height=\"270\" \/><\/a><p id=\"caption-attachment-531368\" class=\"wp-caption-text\">Al recibir\u00a0 el encargo de componer una pieza para conmemorar el D\u00eda Internacional de los Museos, Sebasti\u00e1n Herrera eligi\u00f3 el museo taller Nishizawa como el espacio al cual rendir un homenaje.<\/p><\/div>\n<p>&nbsp;<\/p>\n<p><strong>Toluca, Estado de M\u00e9xico<\/strong>.- La invitaci\u00f3n para componer una pieza musical en conmemoraci\u00f3n al D\u00eda Internacional de los Museos, fue la raz\u00f3n por la que el alumno de la Escuela de Artes Esc\u00e9nicas de la Universidad Aut\u00f3noma del Estado de M\u00e9xico (UAEM), Sebasti\u00e1n Herrera Hinojosa cre\u00f3 una composici\u00f3n basada en la obra del artista mexiquense Luis Nishizawa Flores, misma que fue seleccionada para su interpretaci\u00f3n el 18 de mayo de 2019 por la Orquesta Filarm\u00f3nica Mexiquense.<\/p>\n<p>A temprana edad, Sebasti\u00e1n Herrera encontr\u00f3 en la m\u00fasica el medio a trav\u00e9s del cual pod\u00eda transmitir lo que sent\u00eda o ve\u00eda. Fue en 2017 cuando incursion\u00f3 en el mundo de la composici\u00f3n, bajo la tutela del destacado compositor, arreglista, productor musical y pedagogo, Francisco Cort\u00e9s \u00c1lvarez de la Universidad Panamericana.<\/p>\n<p>El alumno universitario fue reconocido durante la tercera edici\u00f3n de \u201cJ\u00f3venes que destacan Toluca 2021\u201d en la categor\u00eda \u201cTrayectoria art\u00edstica y cultural\u201d, certamen que organiza el Ayuntamiento de la capital mexiquense. Este reconocimiento se suma al segundo lugar que obtuvo en el Concurso Nacional de Composici\u00f3n Orquestal \u201cRa\u00edces\u201d 2020.<\/p>\n<p>Las influencias del estudiante de la licenciatura en M\u00fasica de la UAEM son variadas, desde los grandes compositores cl\u00e1sicos como Johann Sebastian Bach, Wolfgang Amadeus Mozart y Ludwig van Beethoven, as\u00ed como Fr\u00e9d\u00e9ric Chopin y Claude Debussy, hasta nuevas corrientes de la m\u00fasica folkl\u00f3rica latinoamericana y la m\u00fasica actual.<\/p>\n<p>Cuando recibi\u00f3 el encargo de componer una pieza para conmemorar el D\u00eda Internacional de los Museos, celebrado cada 18 de mayo, Sebasti\u00e1n Herrera eligi\u00f3 el museo taller Nishizawa como el espacio al cual rendir un homenaje, pues cuatro a\u00f1os antes hab\u00eda ofrecido un recital de piano. Fue as\u00ed que para su composici\u00f3n se inspir\u00f3 en todo aquello que los visitantes al recinto muse\u00edstico podr\u00edan ver, sentir y escuchar en cualquier recorrido.<\/p>\n<p>Tras dos meses de arduo trabajo de an\u00e1lisis de la obra del artista mexiquense, as\u00ed como el estudio de composiciones japonesas; la obra fue concluida y bautizada bajo el nombre de \u201cNishizawa, recuerdos mexiquenses\u201d.<\/p>\n<p>En la obra, el compositor auriverde plasm\u00f3 diferentes momentos y caracter\u00edsticas de la vida y obra de Nishizawa Flores. La pieza musical se divide en tres momentos donde evoca los paisajes, la ascendencia japonesa y la forma de ser del artista mexiquense, as\u00ed como los sonidos de las campanas de la catedral de San Jos\u00e9, que inundan el museo de la capital mexiquense.<\/p>\n<p>\u201cMe paseaba por los pasillos del museo y al observar su trabajo trat\u00e9 de absorber su esencia. Al inicio, la textura musical en la obra es ligera, y con ello busco evocar sus paisajes, adem\u00e1s tom\u00e9 inspiraci\u00f3n del mismo maestro Luis Nishizawa y de la m\u00fasica de artistas como Maurice Ravel\u201d, destac\u00f3 el joven compositor.<\/p>\n<p>Sebasti\u00e1n a\u00f1adi\u00f3 que se trata de una obra que es completa y abarca muchos momentos que se pueden representar a trav\u00e9s de la m\u00fasica y de la orquesta, pues eso es lo que desea comunicar y transmitir de la obra del Maestro Nishizawa.<\/p>\n<p>La pieza de Herrera Hinojosa fue seleccionada y reconocida por la Secretar\u00eda de Cultura del Estado de M\u00e9xico y se estren\u00f3 bajo la direcci\u00f3n de la directora de la Orquesta Filarm\u00f3nica Mexiquense, Gabriela D\u00edaz Alatriste, en la Sala \u201cFelipe Villanueva\u201d de la capital mexiquense, dejando un sentimiento \u00fanico en la vida del compositor Sebasti\u00e1n Herrera Hinojosa.<\/p>\n<p>\u201cEl momento en el que la Orquesta Filarm\u00f3nica Mexiquense termin\u00f3 de tocar mi obra supe que realmente esto es lo m\u00edo, quiero seguir haci\u00e9ndolo y deseo que mi m\u00fasica se d\u00e9 a conocer en M\u00e9xico, Am\u00e9rica, Latinoam\u00e9rica y el mundo. En el momento en que terminaron de interpretar mi obra sent\u00ed una felicidad grande, ya que esta obra es como un beb\u00e9 para m\u00ed y sent\u00ed ese nivel de felicidad que se siente cuando traes algo a la vida\u201d, expres\u00f3 Sebasti\u00e1n Herrera.<\/p>\n<p>El futuro del alumno auriverde es promisorio, pues se ha trazado nuevas aventuras en el mundo de la m\u00fasica, como explorar la composici\u00f3n de obras para productos cinematogr\u00e1ficos o videojuegos, adem\u00e1s de seguir explorando el lado acad\u00e9mico de la m\u00fasica, trabajo que se ver\u00e1 fortalecido tras haber sido seleccionado para obtener una beca del Fondo Nacional para la Cultura y las Artes en la categor\u00eda de j\u00f3venes creadores.<\/p>\n","protected":false},"excerpt":{"rendered":"<p>La invitaci\u00f3n para componer una pieza musical en conmemoraci\u00f3n al D\u00eda Internacional de los Museos, fue la raz\u00f3n por la que el alumno de la Escuela de Artes Esc\u00e9nicas de la Universidad Aut\u00f3noma del Estado de M\u00e9xico (UAEM), Sebasti\u00e1n Herrera Hinojosa cre\u00f3 una composici\u00f3n basada en la obra del artista mexiquense Luis Nishizawa Flores, misma que fue seleccionada para su interpretaci\u00f3n el 18 de mayo de 2019 por la Orquesta Filarm\u00f3nica Mexiquense.<\/p>\n","protected":false},"author":3,"featured_media":531368,"comment_status":"open","ping_status":"open","sticky":false,"template":"","format":"standard","meta":{"_monsterinsights_skip_tracking":false,"_monsterinsights_sitenote_active":false,"_monsterinsights_sitenote_note":"","_monsterinsights_sitenote_category":0,"footnotes":""},"categories":[5],"tags":[94294,43675,1534,452,1491],"class_list":["post-531344","post","type-post","status-publish","format-standard","has-post-thumbnail","hentry","category-estado-de-mexico","tag-convertir","tag-estado-de-mexico","tag-musica","tag-toluca","tag-uaem"],"_links":{"self":[{"href":"https:\/\/www.diarioimagen.net\/index.php?rest_route=\/wp\/v2\/posts\/531344","targetHints":{"allow":["GET"]}}],"collection":[{"href":"https:\/\/www.diarioimagen.net\/index.php?rest_route=\/wp\/v2\/posts"}],"about":[{"href":"https:\/\/www.diarioimagen.net\/index.php?rest_route=\/wp\/v2\/types\/post"}],"author":[{"embeddable":true,"href":"https:\/\/www.diarioimagen.net\/index.php?rest_route=\/wp\/v2\/users\/3"}],"replies":[{"embeddable":true,"href":"https:\/\/www.diarioimagen.net\/index.php?rest_route=%2Fwp%2Fv2%2Fcomments&post=531344"}],"version-history":[{"count":0,"href":"https:\/\/www.diarioimagen.net\/index.php?rest_route=\/wp\/v2\/posts\/531344\/revisions"}],"wp:featuredmedia":[{"embeddable":true,"href":"https:\/\/www.diarioimagen.net\/index.php?rest_route=\/wp\/v2\/media\/531368"}],"wp:attachment":[{"href":"https:\/\/www.diarioimagen.net\/index.php?rest_route=%2Fwp%2Fv2%2Fmedia&parent=531344"}],"wp:term":[{"taxonomy":"category","embeddable":true,"href":"https:\/\/www.diarioimagen.net\/index.php?rest_route=%2Fwp%2Fv2%2Fcategories&post=531344"},{"taxonomy":"post_tag","embeddable":true,"href":"https:\/\/www.diarioimagen.net\/index.php?rest_route=%2Fwp%2Fv2%2Ftags&post=531344"}],"curies":[{"name":"wp","href":"https:\/\/api.w.org\/{rel}","templated":true}]}}