{"id":531387,"date":"2022-01-07T00:01:45","date_gmt":"2022-01-07T06:01:45","guid":{"rendered":"https:\/\/www.diarioimagen.net\/?p=531387"},"modified":"2022-01-07T05:36:46","modified_gmt":"2022-01-07T11:36:46","slug":"gobierno-de-huixquilucan-resguardo-compras-de-los-reyes-magos-con-operativo-especial","status":"publish","type":"post","link":"https:\/\/www.diarioimagen.net\/?p=531387","title":{"rendered":"Gobierno de Huixquilucan resguard\u00f3 compras de los \u201cReyes Magos\u201d con operativo especial"},"content":{"rendered":"<p>&nbsp;<\/p>\n<ul>\n<li><strong><em>Despliegue t\u00e1ctico por las 49 comunidades<\/em><\/strong><\/li>\n<\/ul>\n<p>&nbsp;<\/p>\n<div id=\"attachment_531455\" style=\"width: 470px\" class=\"wp-caption aligncenter\"><a href=\"https:\/\/www.diarioimagen.net\/?attachment_id=531455\" rel=\"attachment wp-att-531455\"><img loading=\"lazy\" decoding=\"async\" aria-describedby=\"caption-attachment-531455\" class=\"size-full wp-image-531455\" src=\"https:\/\/www.diarioimagen.net\/wp-content\/uploads\/2022\/01\/huixquilucan-4.jpg\" alt=\"\" width=\"460\" height=\"307\" \/><\/a><p id=\"caption-attachment-531455\" class=\"wp-caption-text\">En Huixquilucan se implement\u00f3 el operativo \u201cReyes Magos Protegidos\u201d, con el objetivo de vigilar plazas comerciales, zonas bancarias, tiendas departamentales, supermercados y bazares.<\/p><\/div>\n<p>&nbsp;<\/p>\n<p><strong>Huixquilucan, Estado de M\u00e9xico.\u2014<\/strong> Desde las 11:00 horas del mi\u00e9rcoles, el gobierno de Huixquilucan implement\u00f3 el operativo \u201cReyes Magos Protegidos\u201d, con el objetivo de vigilar plazas comerciales, zonas bancarias, tiendas departamentales, supermercados y bazares que se encuentran en el territorio municipal, a fin de resguardar las compras y transacciones que realizaron los \u201cReyes Magos\u201d para llevar felicidad a las y los ni\u00f1os huixquiluquenses.<\/p>\n<p>La presidenta municipal, Romina Contreras Carrasco, instruy\u00f3 a las direcciones de Seguridad P\u00fablica, Vialidad y Protecci\u00f3n Civil, as\u00ed como de Gobierno, realizar un despliegue t\u00e1ctico y operativo por las 49 comunidades que integran Huixquilucan, incluyendo las tres zonas en que est\u00e1 dividido el territorio, para salvaguardar los regalos de este d\u00eda.<\/p>\n<p>De esta forma, el personal de ambas \u00e1reas se encargar\u00e1 de vigilar con patrullajes a bordo de unidades m\u00f3viles y pie-tierra que las compras de los Reyes Magos se lleven a cabo sin contratiempos y en paz y tranquilidad, para evitar que estos tengan alg\u00fan impedimento para llegar a las casas de los m\u00e1s peque\u00f1os de Huixquilucan a hacerlos felices. De manera simult\u00e1nea, la Direcci\u00f3n de Seguridad P\u00fablica, Vialidad y Protecci\u00f3n Civil mantendr\u00e1 la vigilancia del territorio, a trav\u00e9s del monitoreo permanente desde el Centro de Control, Comando, Comunicaci\u00f3n y C\u00f3mputo (C-4), donde el personal estar\u00e1 atento a cualquier llamada de emergencia que pudiera suscitarse y\/o actuar oportunamente en caso de detectar alguna situaci\u00f3n.<\/p>\n<p>Romina Contreras tambi\u00e9n pidi\u00f3 al comisario Luis Antonio Alarc\u00f3n Mart\u00ednez reforzar la vigilancia en los corredores por los que circulan las rutas del transporte p\u00fablico, con la intenci\u00f3n de que los Reyes Magos que se transportar\u00e1n por este medio, viajen seguros. En tanto, los elementos de Tr\u00e1nsito se desplegar\u00e1n por calles y avenidas principales para agilizar la circulaci\u00f3n en las zonas de mayor afluencia de personas en este d\u00eda.<\/p>\n<p>Asimismo, instruy\u00f3 que el operativo concluya hasta que los \u00faltimos Reyes Magos lleguen a los domicilios de las y los ni\u00f1os huixquiluquenses para hacerlos felices.<\/p>\n<p>La presidenta municipal de Huixquilucan record\u00f3 que, para su administraci\u00f3n, el tema de la seguridad es una prioridad, por lo que se seguir\u00e1 avanzando y trabajando para que esta demarcaci\u00f3n permanezca como la m\u00e1s segura del Estado de M\u00e9xico, por lo que, en los primeros d\u00edas de su gesti\u00f3n, se han implementado los operativos \u201cNavide\u00f1o\u201d, \u201cMetropolitano\u201d y \u201cRegresa Seguro\u201d, los cuales se han sumado a los permanentes como \u201cRastrillo\u201d, \u201cPasajero Seguro\u201d, \u201cFiltro\u201d, \u201cTecolote\u201d, entre otros, lo que da muestra de su compromiso por mantener un territorio seguro y en paz.<\/p>\n","protected":false},"excerpt":{"rendered":"<p>Desde las 11:00 horas del mi\u00e9rcoles, el gobierno de Huixquilucan implement\u00f3 el operativo \u201cReyes Magos Protegidos\u201d, con el objetivo de vigilar plazas comerciales, zonas bancarias, tiendas departamentales, supermercados y bazares que se encuentran en el territorio municipal, a fin de resguardar las compras y transacciones que realizaron los \u201cReyes Magos\u201d para llevar felicidad a las y los ni\u00f1os huixquiluquenses.<\/p>\n","protected":false},"author":3,"featured_media":531455,"comment_status":"open","ping_status":"open","sticky":false,"template":"","format":"standard","meta":{"_monsterinsights_skip_tracking":false,"_monsterinsights_sitenote_active":false,"_monsterinsights_sitenote_note":"","_monsterinsights_sitenote_category":0,"footnotes":""},"categories":[5],"tags":[14935,43675,1097,7349],"class_list":["post-531387","post","type-post","status-publish","format-standard","has-post-thumbnail","hentry","category-estado-de-mexico","tag-dia-de-reyes","tag-estado-de-mexico","tag-huixquilucan","tag-operativo"],"_links":{"self":[{"href":"https:\/\/www.diarioimagen.net\/index.php?rest_route=\/wp\/v2\/posts\/531387","targetHints":{"allow":["GET"]}}],"collection":[{"href":"https:\/\/www.diarioimagen.net\/index.php?rest_route=\/wp\/v2\/posts"}],"about":[{"href":"https:\/\/www.diarioimagen.net\/index.php?rest_route=\/wp\/v2\/types\/post"}],"author":[{"embeddable":true,"href":"https:\/\/www.diarioimagen.net\/index.php?rest_route=\/wp\/v2\/users\/3"}],"replies":[{"embeddable":true,"href":"https:\/\/www.diarioimagen.net\/index.php?rest_route=%2Fwp%2Fv2%2Fcomments&post=531387"}],"version-history":[{"count":0,"href":"https:\/\/www.diarioimagen.net\/index.php?rest_route=\/wp\/v2\/posts\/531387\/revisions"}],"wp:featuredmedia":[{"embeddable":true,"href":"https:\/\/www.diarioimagen.net\/index.php?rest_route=\/wp\/v2\/media\/531455"}],"wp:attachment":[{"href":"https:\/\/www.diarioimagen.net\/index.php?rest_route=%2Fwp%2Fv2%2Fmedia&parent=531387"}],"wp:term":[{"taxonomy":"category","embeddable":true,"href":"https:\/\/www.diarioimagen.net\/index.php?rest_route=%2Fwp%2Fv2%2Fcategories&post=531387"},{"taxonomy":"post_tag","embeddable":true,"href":"https:\/\/www.diarioimagen.net\/index.php?rest_route=%2Fwp%2Fv2%2Ftags&post=531387"}],"curies":[{"name":"wp","href":"https:\/\/api.w.org\/{rel}","templated":true}]}}