{"id":531388,"date":"2022-01-07T00:02:56","date_gmt":"2022-01-07T06:02:56","guid":{"rendered":"https:\/\/www.diarioimagen.net\/?p=531388"},"modified":"2022-01-07T05:37:20","modified_gmt":"2022-01-07T11:37:20","slug":"implementan-operativo-reyes-mercado-seguro-con-mas-de-100-elementos-en-cuautitlan-izcalli","status":"publish","type":"post","link":"https:\/\/www.diarioimagen.net\/?p=531388","title":{"rendered":"Implementan operativo \u201cReyes Mercado Seguro\u201d con m\u00e1s de 100 elementos en Cuautitl\u00e1n Izcalli"},"content":{"rendered":"<p>&nbsp;<\/p>\n<ul>\n<li><strong><em>En bazares, centros comerciales y zonas de bancos<\/em><\/strong><\/li>\n<\/ul>\n<p>&nbsp;<\/p>\n<div id=\"attachment_531459\" style=\"width: 470px\" class=\"wp-caption aligncenter\"><a href=\"https:\/\/www.diarioimagen.net\/?attachment_id=531459\" rel=\"attachment wp-att-531459\"><img loading=\"lazy\" decoding=\"async\" aria-describedby=\"caption-attachment-531459\" class=\"size-full wp-image-531459\" src=\"https:\/\/www.diarioimagen.net\/wp-content\/uploads\/2022\/01\/izcalli-3.jpg\" alt=\"\" width=\"460\" height=\"306\" \/><\/a><p id=\"caption-attachment-531459\" class=\"wp-caption-text\">En Cuautitl\u00e1n Izcalli se implement\u00f3 el operativo \u201cReyes Mercado Seguro\u201d, en el que participaron m\u00e1s de 100 elementos.<\/p><\/div>\n<p>&nbsp;<\/p>\n<p><strong>Cuautitl\u00e1n Izcalli, Estado de M\u00e9xico.\u2014<\/strong> Con motivo de la celebraci\u00f3n de D\u00eda de Reyes, el gobierno de Cuautitl\u00e1n Izcalli implement\u00f3 el operativo \u201cReyes Mercado Seguro\u201d, en el que participan m\u00e1s de 100 elementos de Seguridad. Durante los d\u00edas 5 y 6 de enero estuvieron instalados puntos preventivos y disuasivos en los distintos bazares, centros comerciales y zonas de bancos de la demarcaci\u00f3n.<\/p>\n<p>En coordinaci\u00f3n con la Subdirecci\u00f3n de Prevenci\u00f3n del Delito (SPD), as\u00ed como el Centro de Comunicaci\u00f3n, C\u00f3mputo, Control y Comando (C4) realizaron recorridos a pie en los lugares de mayor concurrencia con unidades caninas y acciones de proximidad social.<\/p>\n<p>Por su parte, la Subdirecci\u00f3n de Tr\u00e1nsito Municipal (STM) llev\u00f3 a cabo estrategias de control de vialidad, con el objetivo de disminuir y agilizar el tr\u00e1fico alrededor de las zonas comerciales. Asimismo, a trav\u00e9s de los trabajos de Gabinete y Campo, el gobierno Municipal logr\u00f3 identificar por los principales centros comerciales y tianguis navide\u00f1os sobre los que se centrar\u00e1 el operativo.<\/p>\n<p>Como medida de protecci\u00f3n a la ciudadan\u00eda y ante el alza de contagios de Covid-19, se suspendieron los eventos presenciales en conmemoraci\u00f3n del D\u00eda de Reyes y se invit\u00f3 a la ciudadan\u00eda a participar en la Rifa Digital que se llev\u00f3 a cabo el 6 de enero a las 12:00 horas mediante la transmisi\u00f3n a trav\u00e9s del Facebook Institucional: Gobierno Municipal de Cuautitl\u00e1n Izcalli.<\/p>\n<p>Finalmente, el gobierno de Cuautitl\u00e1n Izcalli exhort\u00f3 a la poblaci\u00f3n a mantener las medidas sanitarias y un contacto cordial con el personal del operativo \u201cReyes Mercado Seguro\u201d.<\/p>\n","protected":false},"excerpt":{"rendered":"<p>Con motivo de la celebraci\u00f3n de D\u00eda de Reyes, el gobierno de Cuautitl\u00e1n Izcalli implement\u00f3 el operativo \u201cReyes Mercado Seguro\u201d, en el que participan m\u00e1s de 100 elementos de Seguridad. Durante los d\u00edas 5 y 6 de enero estuvieron instalados puntos preventivos y disuasivos en los distintos bazares, centros comerciales y zonas de bancos de la demarcaci\u00f3n.<\/p>\n","protected":false},"author":3,"featured_media":531459,"comment_status":"open","ping_status":"open","sticky":false,"template":"","format":"standard","meta":{"_monsterinsights_skip_tracking":false,"_monsterinsights_sitenote_active":false,"_monsterinsights_sitenote_note":"","_monsterinsights_sitenote_category":0,"footnotes":""},"categories":[5],"tags":[971,14935,67464,43675],"class_list":["post-531388","post","type-post","status-publish","format-standard","has-post-thumbnail","hentry","category-estado-de-mexico","tag-cuautitlan-izcalli","tag-dia-de-reyes","tag-elementos","tag-estado-de-mexico"],"_links":{"self":[{"href":"https:\/\/www.diarioimagen.net\/index.php?rest_route=\/wp\/v2\/posts\/531388","targetHints":{"allow":["GET"]}}],"collection":[{"href":"https:\/\/www.diarioimagen.net\/index.php?rest_route=\/wp\/v2\/posts"}],"about":[{"href":"https:\/\/www.diarioimagen.net\/index.php?rest_route=\/wp\/v2\/types\/post"}],"author":[{"embeddable":true,"href":"https:\/\/www.diarioimagen.net\/index.php?rest_route=\/wp\/v2\/users\/3"}],"replies":[{"embeddable":true,"href":"https:\/\/www.diarioimagen.net\/index.php?rest_route=%2Fwp%2Fv2%2Fcomments&post=531388"}],"version-history":[{"count":0,"href":"https:\/\/www.diarioimagen.net\/index.php?rest_route=\/wp\/v2\/posts\/531388\/revisions"}],"wp:featuredmedia":[{"embeddable":true,"href":"https:\/\/www.diarioimagen.net\/index.php?rest_route=\/wp\/v2\/media\/531459"}],"wp:attachment":[{"href":"https:\/\/www.diarioimagen.net\/index.php?rest_route=%2Fwp%2Fv2%2Fmedia&parent=531388"}],"wp:term":[{"taxonomy":"category","embeddable":true,"href":"https:\/\/www.diarioimagen.net\/index.php?rest_route=%2Fwp%2Fv2%2Fcategories&post=531388"},{"taxonomy":"post_tag","embeddable":true,"href":"https:\/\/www.diarioimagen.net\/index.php?rest_route=%2Fwp%2Fv2%2Ftags&post=531388"}],"curies":[{"name":"wp","href":"https:\/\/api.w.org\/{rel}","templated":true}]}}