{"id":531390,"date":"2022-01-07T00:03:07","date_gmt":"2022-01-07T06:03:07","guid":{"rendered":"https:\/\/www.diarioimagen.net\/?p=531390"},"modified":"2022-01-07T05:38:07","modified_gmt":"2022-01-07T11:38:07","slug":"continuan-en-tlalnepantla-con-plan-nacional-de-vacunacion-anti-covid-para-diversos-sectores","status":"publish","type":"post","link":"https:\/\/www.diarioimagen.net\/?p=531390","title":{"rendered":"Contin\u00faan en Tlalnepantla con Plan Nacional de vacunaci\u00f3n anti-Covid para diversos sectores"},"content":{"rendered":"<p>&nbsp;<\/p>\n<ul>\n<li><strong><em>En coordinaci\u00f3n con autoridades estatales y federales<\/em><\/strong><\/li>\n<\/ul>\n<p>&nbsp;<\/p>\n<div id=\"attachment_531463\" style=\"width: 470px\" class=\"wp-caption aligncenter\"><a href=\"https:\/\/www.diarioimagen.net\/?attachment_id=531463\" rel=\"attachment wp-att-531463\"><img loading=\"lazy\" decoding=\"async\" aria-describedby=\"caption-attachment-531463\" class=\"size-full wp-image-531463\" src=\"https:\/\/www.diarioimagen.net\/wp-content\/uploads\/2022\/01\/tlalnepantla-1.jpg\" alt=\"\" width=\"460\" height=\"306\" \/><\/a><p id=\"caption-attachment-531463\" class=\"wp-caption-text\">La administraci\u00f3n del alcalde Marco Antonio Rodr\u00edguez Hurtado, realiza la aplicaci\u00f3n de la vacuna contra la Covid-19 para diversos sectores de la poblaci\u00f3n de Tlalnepantla.<\/p><\/div>\n<p>&nbsp;<\/p>\n<p><strong>Tlalnepantla, Estado de M\u00e9xico.\u2014<\/strong> El gobierno municipal que encabeza Marco Antonio Rodr\u00edguez Hurtado, en coordinaci\u00f3n con autoridades estatales, federales y la Brigada Correcaminos realizar\u00e1 la aplicaci\u00f3n de la vacuna contra la Covid-19 del jueves 6 al s\u00e1bado 8 de enero para diversos sectores de la poblaci\u00f3n que vivan en el municipio.<\/p>\n<p>De acuerdo con el Plan Nacional de Vacunaci\u00f3n se aplicar\u00e1 la segunda dosis a menores de 12 a 17 a\u00f1os con alguna comorbilidad, primera dosis a personas nacidas en 2007, segunda dosis a adolescentes de 15 a 17 a\u00f1os y la primera o segunda dosis a mayores de 18 a\u00f1os que no han recibido la vacuna.<\/p>\n<p>Los habitantes podr\u00e1n acudir a las sedes instaladas en el municipio, entre las que se encuentra el Teatro Algarab\u00eda, ubicado en la avenida Presidente Ju\u00e1rez en Tlalnepantla Centro, Deportivo Santa Cecilia, calle Amates 126 en San Rafael y en Parque Hidalgo, Aquiles Serd\u00e1n en San Juan Ixhuatepec en zona oriente. Los m\u00f3dulos brindar\u00e1n el servicio de 9:00 a 17:00 horas.<\/p>\n<p>Las personas cuyo primer apellido comience con las letras A, B, C, D, E, F, G, H, I recibir\u00e1n la dosis el jueves 6 de enero; las letras J, K, L, M, N, \u00d1, O, P, Q el viernes 7 de enero; las letras R, S, T, U, V, W, X, Y, Z el s\u00e1bado 8 de enero.<\/p>\n<p>Recuerda que debes presentar el formato de registro con c\u00f3digo QR que puedes descargar en www.mivacuna.salud.gob.mx, comprobante de domicilio, y en su caso comprobante de la primera dosis; los menores deber\u00e1n acudir acompa\u00f1ados de un adulto y respetar las medidas sanitarias como el uso de cubrebocas y mantener la sana distancia.<\/p>\n","protected":false},"excerpt":{"rendered":"<p>El gobierno municipal que encabeza Marco Antonio Rodr\u00edguez Hurtado, en coordinaci\u00f3n con autoridades estatales, federales y la Brigada Correcaminos realizar\u00e1 la aplicaci\u00f3n de la vacuna contra la Covid-19 del jueves 6 al s\u00e1bado 8 de enero para diversos sectores de la poblaci\u00f3n que vivan en el municipio.<\/p>\n","protected":false},"author":3,"featured_media":531463,"comment_status":"open","ping_status":"open","sticky":false,"template":"","format":"standard","meta":{"_monsterinsights_skip_tracking":false,"_monsterinsights_sitenote_active":false,"_monsterinsights_sitenote_note":"","_monsterinsights_sitenote_category":0,"footnotes":""},"categories":[5],"tags":[91936,43675,88856,169],"class_list":["post-531390","post","type-post","status-publish","format-standard","has-post-thumbnail","hentry","category-estado-de-mexico","tag-anti-covid","tag-estado-de-mexico","tag-plan-nacional","tag-tlalnepantla"],"_links":{"self":[{"href":"https:\/\/www.diarioimagen.net\/index.php?rest_route=\/wp\/v2\/posts\/531390","targetHints":{"allow":["GET"]}}],"collection":[{"href":"https:\/\/www.diarioimagen.net\/index.php?rest_route=\/wp\/v2\/posts"}],"about":[{"href":"https:\/\/www.diarioimagen.net\/index.php?rest_route=\/wp\/v2\/types\/post"}],"author":[{"embeddable":true,"href":"https:\/\/www.diarioimagen.net\/index.php?rest_route=\/wp\/v2\/users\/3"}],"replies":[{"embeddable":true,"href":"https:\/\/www.diarioimagen.net\/index.php?rest_route=%2Fwp%2Fv2%2Fcomments&post=531390"}],"version-history":[{"count":0,"href":"https:\/\/www.diarioimagen.net\/index.php?rest_route=\/wp\/v2\/posts\/531390\/revisions"}],"wp:featuredmedia":[{"embeddable":true,"href":"https:\/\/www.diarioimagen.net\/index.php?rest_route=\/wp\/v2\/media\/531463"}],"wp:attachment":[{"href":"https:\/\/www.diarioimagen.net\/index.php?rest_route=%2Fwp%2Fv2%2Fmedia&parent=531390"}],"wp:term":[{"taxonomy":"category","embeddable":true,"href":"https:\/\/www.diarioimagen.net\/index.php?rest_route=%2Fwp%2Fv2%2Fcategories&post=531390"},{"taxonomy":"post_tag","embeddable":true,"href":"https:\/\/www.diarioimagen.net\/index.php?rest_route=%2Fwp%2Fv2%2Ftags&post=531390"}],"curies":[{"name":"wp","href":"https:\/\/api.w.org\/{rel}","templated":true}]}}