{"id":531392,"date":"2022-01-07T00:04:17","date_gmt":"2022-01-07T06:04:17","guid":{"rendered":"https:\/\/www.diarioimagen.net\/?p=531392"},"modified":"2022-01-07T05:39:13","modified_gmt":"2022-01-07T11:39:13","slug":"jornada-de-inmunizacion-para-jovenes-de-15-a-17-anos-en-atizapan","status":"publish","type":"post","link":"https:\/\/www.diarioimagen.net\/?p=531392","title":{"rendered":"Jornada de inmunizaci\u00f3n para j\u00f3venes de 15 a 17 a\u00f1os, en Atizap\u00e1n"},"content":{"rendered":"<p>&nbsp;<\/p>\n<p><a href=\"https:\/\/www.diarioimagen.net\/?attachment_id=531465\" rel=\"attachment wp-att-531465\"><img loading=\"lazy\" decoding=\"async\" class=\"aligncenter size-full wp-image-531465\" src=\"https:\/\/www.diarioimagen.net\/wp-content\/uploads\/2022\/01\/atizapan-2.jpg\" alt=\"\" width=\"460\" height=\"511\" \/><\/a><\/p>\n<p>&nbsp;<\/p>\n<p><strong>Atizap\u00e1n, Estado de M\u00e9xico.\u2014 <\/strong>El presidente municipal Pedro Rodr\u00edguez Villegas anunci\u00f3 que en Atizap\u00e1n de Zaragoza comenz\u00f3 la jornada de vacunaci\u00f3n contra SARS-CoV-2 para j\u00f3venes de 15 a 17 a\u00f1os.<\/p>\n<p>El gobierno municipal habilit\u00f3 3 m\u00f3dulos para la aplicaci\u00f3n de la segunda dosis del biol\u00f3gico, la cual se llevar\u00e1 a cabo en coordinaci\u00f3n con el gobierno federal y el del Estado de M\u00e9xico.<\/p>\n<p>La aplicaci\u00f3n del ant\u00edgeno se realiza del jueves 6 de enero y hasta el s\u00e1bado 8 de enero, de 9:00 a 17:00 horas, en tres sedes: Teatro Zaragoza, Unidad Deportiva Ana Gabriela Guevara, as\u00ed como las instalaciones del DIF Central en Lomas de Atizap\u00e1n.<\/p>\n","protected":false},"excerpt":{"rendered":"<p>El presidente municipal Pedro Rodr\u00edguez Villegas anunci\u00f3 que en Atizap\u00e1n de Zaragoza comenz\u00f3 la jornada de vacunaci\u00f3n contra SARS-CoV-2 para j\u00f3venes de 15 a 17 a\u00f1os.<\/p>\n","protected":false},"author":3,"featured_media":531465,"comment_status":"open","ping_status":"open","sticky":false,"template":"","format":"standard","meta":{"_monsterinsights_skip_tracking":false,"_monsterinsights_sitenote_active":false,"_monsterinsights_sitenote_note":"","_monsterinsights_sitenote_category":0,"footnotes":""},"categories":[5],"tags":[969,43675,91102],"class_list":["post-531392","post","type-post","status-publish","format-standard","has-post-thumbnail","hentry","category-estado-de-mexico","tag-atizapan","tag-estado-de-mexico","tag-sars-cov-2"],"_links":{"self":[{"href":"https:\/\/www.diarioimagen.net\/index.php?rest_route=\/wp\/v2\/posts\/531392","targetHints":{"allow":["GET"]}}],"collection":[{"href":"https:\/\/www.diarioimagen.net\/index.php?rest_route=\/wp\/v2\/posts"}],"about":[{"href":"https:\/\/www.diarioimagen.net\/index.php?rest_route=\/wp\/v2\/types\/post"}],"author":[{"embeddable":true,"href":"https:\/\/www.diarioimagen.net\/index.php?rest_route=\/wp\/v2\/users\/3"}],"replies":[{"embeddable":true,"href":"https:\/\/www.diarioimagen.net\/index.php?rest_route=%2Fwp%2Fv2%2Fcomments&post=531392"}],"version-history":[{"count":0,"href":"https:\/\/www.diarioimagen.net\/index.php?rest_route=\/wp\/v2\/posts\/531392\/revisions"}],"wp:featuredmedia":[{"embeddable":true,"href":"https:\/\/www.diarioimagen.net\/index.php?rest_route=\/wp\/v2\/media\/531465"}],"wp:attachment":[{"href":"https:\/\/www.diarioimagen.net\/index.php?rest_route=%2Fwp%2Fv2%2Fmedia&parent=531392"}],"wp:term":[{"taxonomy":"category","embeddable":true,"href":"https:\/\/www.diarioimagen.net\/index.php?rest_route=%2Fwp%2Fv2%2Fcategories&post=531392"},{"taxonomy":"post_tag","embeddable":true,"href":"https:\/\/www.diarioimagen.net\/index.php?rest_route=%2Fwp%2Fv2%2Ftags&post=531392"}],"curies":[{"name":"wp","href":"https:\/\/api.w.org\/{rel}","templated":true}]}}