{"id":531407,"date":"2022-01-07T00:01:57","date_gmt":"2022-01-07T06:01:57","guid":{"rendered":"https:\/\/www.diarioimagen.net\/?p=531407"},"modified":"2022-01-07T05:17:07","modified_gmt":"2022-01-07T11:17:07","slug":"don-terramicino","status":"publish","type":"post","link":"https:\/\/www.diarioimagen.net\/?p=531407","title":{"rendered":"<em>Don Terramicino<\/em>"},"content":{"rendered":"<h2>De pe a pa<\/h2>\n<h5>Alberto Vieyra G.<\/h5>\n<p>&nbsp;<\/p>\n<p>Entre los a\u00f1os sesenta y ochenta del siglo pasado, <em>Los Polivoces<\/em> hac\u00edan cera y pabilo de un personaje muy popular que atend\u00eda las incipientes farmacias en M\u00e9xico conocidas tambi\u00e9n como boticas, llamado <em>Don Terramicino<\/em> al cual imitaban como un personaje medio lurias, pero muy conocedor de los medicamentos antiguos, entre los que figuraban las perlas de \u00e9ter para varios padecimientos, el DDT, un insecticida para los piojos, chinches, pulgas, moscos y otros animalitos que sol\u00edan hacer la vida infernal. Aunque tambi\u00e9n <em>don terra<\/em> era docto en recetar friegas con alcohol, jarabes para la tos, las populares pastillitas con terramicina o el graneod\u00edn con benzoca\u00edna para infecciones, los mejoralitos o desenfrioles para paliar las calenturas y todo g\u00e9nero de ung\u00fcentos, pasando por innumerables t\u00e9s de los que nuestros mayores fueron expertos.<\/p>\n<p>Al escuchar en la ma\u00f1anera del pasado martes 4 de enero al secretario de salud, don Jorge Alcocer me record\u00f3 a <em>Don Terramicino<\/em>, un <em>Terramicino<\/em> moderno de esos que tienen en sus cuadros b\u00e1sicos al paracetamol, un medicamento que suele causar estragos en el h\u00edgado y ri\u00f1ones despu\u00e9s de ingerirlo por alg\u00fan tiempo.<\/p>\n<p>Pero, tambi\u00e9n el nuevo <em>Don<\/em> <em>Terramicino <\/em>del siglo XXI dejaba ver en plenitud el negrerismo de AMLO, recetando el Vick vaporub y los t\u00e9s calientes que son usados en epidemias de gripa y todo g\u00e9nero de enfermedades respiratorias, para curar el coronavirus en los ni\u00f1os de 1 a 15 a\u00f1os, para los cuales el r\u00e9gimen de AMLO les ha negado la vacuna, a pesar de que las naciones del primer mundo est\u00e1n aplicando las vacunas a chiquillos, que en muchos de los casos suelen ser extraordinarios portadores del virus que tiene en jaque a la humanidad, aunque muchos mueren contagiados por la peste. El nuevo <em>Don Terramicino<\/em> hab\u00eda dicho que, a \u00e9l, ni por equivocaci\u00f3n se le ocurrir\u00eda vacunar a sus nietos.<\/p>\n<p>Por ejemplo, en Estados Unidos la variante Delta contagi\u00f3 a un promedio de mil 200 ni\u00f1os por d\u00eda, seg\u00fan la BBC Mundo y las secuelas que deja el coronavirus en los peque\u00f1os son aterradoras, pues afecta a pulmones, ri\u00f1ones, todo el sistema respiratorio y en caso de que las criaturas no reciban terapias para regenerar su sistema inmunol\u00f3gico y sus \u00f3rganos da\u00f1ados, los estragos ser\u00e1n de por vida.<\/p>\n<p>En M\u00e9xico, por desgracia, los datos sobre la mortalidad e infecciones por coronavirus, no se revelan oficialmente por miedo al esc\u00e1ndalo medi\u00e1tico y pol\u00edtico, a pesar de que la Organizaci\u00f3n Mundial de la Salud ha dicho que las vacunas para los ni\u00f1os de hasta 15 a\u00f1os son opcionales para cada naci\u00f3n, hay gobiernos como el de Estados Unidos que han cerrado sus fronteras a los ni\u00f1os que no hayan sido inmunizados.<\/p>\n<p>El gobierno de AMLO solamente accedi\u00f3 a la vacunaci\u00f3n de adolescentes de 15 a 18 a\u00f1os y a pesar de que el art\u00edculo 4\u00b0 constitucional mandata que el derecho a la salud es <strong>para todos<\/strong>, el r\u00e9gimen <em>cuentachiles<\/em> se niega a vacunarlos y a trav\u00e9s de <em>don Terramicino<\/em> en la era de la \u201ccuarta transformaci\u00f3n\u201d, se ha dedicado a recomendar tecitos, Paracetamol, Vick vaporub y solamente le falt\u00f3 recomendar rezarle a Santa Cachucha a San Cuilmas el petatero o al santo de la oreja mocha.<\/p>\n<p>Como usted puede ver, <em>Don Terramicino, <\/em>Jorge Alcocer, retrata a un gobierno que no vive en la realidad, que no es serio, ni responsable de la salud de los infantes de M\u00e9xico de quienes se dice hip\u00f3critamente que los ni\u00f1os son el futuro de la patria, pero <em>Don Terra <\/em>nos dice que el r\u00e9gimen de AMLO vive un siglo atr\u00e1s y que s\u00f3lo con tecitos, Vick vaporub, paracetamol se puede vencer a un silencioso agente criminal que se llama coronavirus. \u00a1Inaudito!<\/p>\n<p><a href=\"mailto:info@agenciamn.com\" target=\"_blank\" rel=\"noopener noreferrer\"><em>info@agenciamn.com<\/em><\/a><\/p>\n","protected":false},"excerpt":{"rendered":"<p><span style=\"color: #005497;\"><strong>Alberto Vieyra G.<\/strong><\/span><\/p>\n","protected":false},"author":3,"featured_media":0,"comment_status":"open","ping_status":"open","sticky":false,"template":"","format":"standard","meta":{"_monsterinsights_skip_tracking":false,"_monsterinsights_sitenote_active":false,"_monsterinsights_sitenote_note":"","_monsterinsights_sitenote_category":0,"footnotes":""},"categories":[4596],"tags":[43697,4597,43674],"class_list":["post-531407","post","type-post","status-publish","format-standard","hentry","category-alberto-vieyra-g","tag-alberto-vieyra-g","tag-de-pe-a-pa","tag-opinion"],"_links":{"self":[{"href":"https:\/\/www.diarioimagen.net\/index.php?rest_route=\/wp\/v2\/posts\/531407","targetHints":{"allow":["GET"]}}],"collection":[{"href":"https:\/\/www.diarioimagen.net\/index.php?rest_route=\/wp\/v2\/posts"}],"about":[{"href":"https:\/\/www.diarioimagen.net\/index.php?rest_route=\/wp\/v2\/types\/post"}],"author":[{"embeddable":true,"href":"https:\/\/www.diarioimagen.net\/index.php?rest_route=\/wp\/v2\/users\/3"}],"replies":[{"embeddable":true,"href":"https:\/\/www.diarioimagen.net\/index.php?rest_route=%2Fwp%2Fv2%2Fcomments&post=531407"}],"version-history":[{"count":0,"href":"https:\/\/www.diarioimagen.net\/index.php?rest_route=\/wp\/v2\/posts\/531407\/revisions"}],"wp:attachment":[{"href":"https:\/\/www.diarioimagen.net\/index.php?rest_route=%2Fwp%2Fv2%2Fmedia&parent=531407"}],"wp:term":[{"taxonomy":"category","embeddable":true,"href":"https:\/\/www.diarioimagen.net\/index.php?rest_route=%2Fwp%2Fv2%2Fcategories&post=531407"},{"taxonomy":"post_tag","embeddable":true,"href":"https:\/\/www.diarioimagen.net\/index.php?rest_route=%2Fwp%2Fv2%2Ftags&post=531407"}],"curies":[{"name":"wp","href":"https:\/\/api.w.org\/{rel}","templated":true}]}}