{"id":531420,"date":"2022-01-07T00:05:10","date_gmt":"2022-01-07T06:05:10","guid":{"rendered":"https:\/\/www.diarioimagen.net\/?p=531420"},"modified":"2022-01-07T05:20:09","modified_gmt":"2022-01-07T11:20:09","slug":"eu-y-la-hora-del-freno","status":"publish","type":"post","link":"https:\/\/www.diarioimagen.net\/?p=531420","title":{"rendered":"EU y la hora del freno"},"content":{"rendered":"<h2>Perfil de M\u00e9xico<\/h2>\n<h5>Armando R\u00edos Ruiz<\/h5>\n<p>&nbsp;<\/p>\n<p>Ayer hizo un a\u00f1o que una turba enardecida, en la que participaron inclusive hombres armados, trat\u00f3 de tomar el Capitolio en Washington, como un acto evidente de descontento para demostrar que el dem\u00f3crata Joe Biden hab\u00eda ganado las elecciones mediante un fraude y para impedir que tomara posesi\u00f3n como presidente. El ataque fue inesperado, debido a que en el pa\u00eds del norte ha sido tradicional el respeto irrestricto a las leyes.<\/p>\n<p>Pruebas suficientes demostraron que el republicano Donald Trump hab\u00eda orquestado la intervenci\u00f3n multitudinaria. Desde que Biden comenz\u00f3 a remontar en las votaciones, inici\u00f3 una serie de actos de desprestigio a la oposici\u00f3n y a asegurar en todo momento que ya era v\u00edctima del fraude que jam\u00e1s pudo comprobar, pero que hizo mella en sus seguidores que antes de la toma de posici\u00f3n, se vieron dispuestos a llegar a las \u00faltimas consecuencias.<\/p>\n<p>El asalto al emblem\u00e1tico Capitolio, que alberga a la C\u00e1mara de Representantes y al Senado, entre otras oficinas, se produjo con violencia \u00fanica en 200 a\u00f1os de historia. As\u00ed considerado por muchos historiadores y conocedores del devenir, que fueron testigos de los hechos, tanto en Estados Unidos como en todos los lugares del orbe.<\/p>\n<p>Ayer, a un a\u00f1o de los sucesos, Joe Biden alz\u00f3 la voz en un acto en el que fueron recordados. Para muchos, tard\u00f3 en expresarse y en descalificar la acci\u00f3n a todas luces arbitraria y delictiva. En todo lo que ha transcurrido desde que tom\u00f3 posesi\u00f3n, es la primera vez que decide abandonar el silencio para condenar lo que debi\u00f3 haber condenado hace mucho.<\/p>\n<p>Se ha visto pasivo en la aplicaci\u00f3n de la ley a un hombre que insiste con amenazas, con volver a competir dentro de tres a\u00f1os, con toda su sed de un poder desconocido antes y que parece haberlo hechizado. Las culpas de Trump est\u00e1n contenidas en infinidad de documentos y podr\u00eda aprovecharlas para, de una vez por todas, ponerlo en el lugar que corresponde en t\u00e9rminos de estricta justicia.<\/p>\n<p>En aquella ocasi\u00f3n, la decisi\u00f3n de Trump, llev\u00f3 a la muerte a seis personas y a incrementar la seguridad en la capital de Estados Unidos y particularmente del National Mall, uno de los monumentos m\u00e1s importantes de la Uni\u00f3n Americana y en donde usualmente se concentran multitudes, public\u00f3 BBC News Mundo.<\/p>\n<p>Las autoridades se vieron en la necesidad de aumentar a 25 mil hombres de la Guardia Nacional para salvaguardar la toma de posesi\u00f3n presidencial, vigilada cada cuatro a\u00f1os. El Servicio Secreto tuvo que acondicionar el plan de seguridad, al menos, junto a 20 agencias de seguridad y entidades de seguridad p\u00fablica. Tal fue el aparato que oblig\u00f3 a montar un ex presidente irresponsable y cre\u00eddo de que, por la fuerza, pod\u00eda quedarse un per\u00edodo m\u00e1s.<\/p>\n<p>Biden acaba de afirmar que Trump \u201cteji\u00f3 una red de mentiras sobre las elecciones para no dejar el poder\u201d y calific\u00f3 la irrupci\u00f3n en el Capitolio como \u201cuna insurrecci\u00f3n armada\u201d. Advirti\u00f3 adem\u00e1s, que \u201cno dejar\u00e1 que nadie ponga un pu\u00f1al en la garganta de la democracia\u201d<\/p>\n<p>La historia de Estados Unidos hab\u00eda permanecido inalterable, desde su fundaci\u00f3n como naci\u00f3n, hasta el arribo de un magnate en empresas de diversa \u00edndole, que no de un pol\u00edtico experimentado o culto en materia pol\u00edtica, que se hizo del poder con argucias que pudieron convencer a un amplio sector del pa\u00eds vecino y que, una vez en la silla presidencial, cay\u00f3 rendido ante el canto de las sirenas y ante la prueba del exquisito sabor del poder.<\/p>\n<p>En su discurso en el edificio de la c\u00fapula blanca, escenario de los\u00a0disturbios del a\u00f1o anterior,\u00a0el mandatario expres\u00f3 una gran verdad: que\u00a0\u201cTrump representa una amenaza continua para la democracia\u00a0y\u00a0advirti\u00f3 que las falsas acusaciones de\u00a0que le robaron las elecciones mediante un fraude electoral generalizado,\u00a0podr\u00edan minar el estado de derecho y socavar futuras elecciones\u201d.<\/p>\n<p>Mi juicio particular dicta que lleg\u00f3 la hora de que Joe Biden ponga un freno a un ex presidente que qued\u00f3 impune, despu\u00e9s de las acciones en el Capitolio.<\/p>\n<p><a href=\"mailto:ariosruiz@gmail.com\" target=\"_blank\" rel=\"noopener noreferrer\"><em>ariosruiz@gmail.com<\/em><\/a><\/p>\n","protected":false},"excerpt":{"rendered":"<p><span style=\"color: #005497;\"><strong>Armando R\u00edos Ruiz<\/strong><\/span><\/p>\n","protected":false},"author":3,"featured_media":0,"comment_status":"open","ping_status":"open","sticky":false,"template":"","format":"standard","meta":{"_monsterinsights_skip_tracking":false,"_monsterinsights_sitenote_active":false,"_monsterinsights_sitenote_note":"","_monsterinsights_sitenote_category":0,"footnotes":""},"categories":[88405],"tags":[88407,43674,91193],"class_list":["post-531420","post","type-post","status-publish","format-standard","hentry","category-armando-rios-ruiz","tag-armando-rios-ruiz","tag-opinion","tag-perfil-de-mexico"],"_links":{"self":[{"href":"https:\/\/www.diarioimagen.net\/index.php?rest_route=\/wp\/v2\/posts\/531420","targetHints":{"allow":["GET"]}}],"collection":[{"href":"https:\/\/www.diarioimagen.net\/index.php?rest_route=\/wp\/v2\/posts"}],"about":[{"href":"https:\/\/www.diarioimagen.net\/index.php?rest_route=\/wp\/v2\/types\/post"}],"author":[{"embeddable":true,"href":"https:\/\/www.diarioimagen.net\/index.php?rest_route=\/wp\/v2\/users\/3"}],"replies":[{"embeddable":true,"href":"https:\/\/www.diarioimagen.net\/index.php?rest_route=%2Fwp%2Fv2%2Fcomments&post=531420"}],"version-history":[{"count":0,"href":"https:\/\/www.diarioimagen.net\/index.php?rest_route=\/wp\/v2\/posts\/531420\/revisions"}],"wp:attachment":[{"href":"https:\/\/www.diarioimagen.net\/index.php?rest_route=%2Fwp%2Fv2%2Fmedia&parent=531420"}],"wp:term":[{"taxonomy":"category","embeddable":true,"href":"https:\/\/www.diarioimagen.net\/index.php?rest_route=%2Fwp%2Fv2%2Fcategories&post=531420"},{"taxonomy":"post_tag","embeddable":true,"href":"https:\/\/www.diarioimagen.net\/index.php?rest_route=%2Fwp%2Fv2%2Ftags&post=531420"}],"curies":[{"name":"wp","href":"https:\/\/api.w.org\/{rel}","templated":true}]}}