{"id":531475,"date":"2022-01-10T00:05:56","date_gmt":"2022-01-10T06:05:56","guid":{"rendered":"https:\/\/www.diarioimagen.net\/?p=531475"},"modified":"2022-01-11T02:52:53","modified_gmt":"2022-01-11T08:52:53","slug":"alberto-frutos-andrade-egresado-de-uaem-participa-en-trabajos-de-santa-lucia-a-cargo-de-la-sedena","status":"publish","type":"post","link":"https:\/\/www.diarioimagen.net\/?p=531475","title":{"rendered":"Alberto Frutos Andrade, egresado de UAEM, participa en trabajos de Santa Luc\u00eda a cargo de la Sedena"},"content":{"rendered":"<p><em>\u00a0<\/em><\/p>\n<ul>\n<li><strong><em>El universitario verde y oro tiene a su cargo la coordinaci\u00f3n de las personas responsables de las excavaciones en desarrollo<\/em><\/strong><\/li>\n<\/ul>\n<p>&nbsp;<\/p>\n<div id=\"attachment_531538\" style=\"width: 470px\" class=\"wp-caption aligncenter\"><a href=\"https:\/\/www.diarioimagen.net\/?attachment_id=531538\" rel=\"attachment wp-att-531538\"><img loading=\"lazy\" decoding=\"async\" aria-describedby=\"caption-attachment-531538\" class=\"size-full wp-image-531538\" src=\"https:\/\/www.diarioimagen.net\/wp-content\/uploads\/2022\/01\/uaem-5.jpg\" alt=\"\" width=\"460\" height=\"270\" \/><\/a><p id=\"caption-attachment-531538\" class=\"wp-caption-text\">Alberto Frutos Andrade colabor\u00f3 con el Doctor Rub\u00e9n Manzanilla L\u00f3pez, uno de los arque\u00f3logos m\u00e1s destacados del pa\u00eds y hoy director del proyecto de salvamento paleontol\u00f3gico y arqueol\u00f3gico en Santa Luc\u00eda.<\/p><\/div>\n<p>&nbsp;<\/p>\n<p><strong>Tenancingo, Estado de M\u00e9xico.\u2014<\/strong>\u00a0 Egresado del Plantel \u201cNezahualc\u00f3yotl\u201d de la Escuela Preparatoria y de la Licenciatura en Arqueolog\u00eda del Centro Universitario Tenancingo de la Universidad Aut\u00f3noma del Estado de M\u00e9xico (UAEM), Alberto Frutos Andrade es jefe de campo en los trabajos de salvamento arqueol\u00f3gico y paleontol\u00f3gico en la construcci\u00f3n del Aeropuerto Internacional Felipe \u00c1ngeles (AIFA) en Santa Luc\u00eda, a cargo de la Secretar\u00eda de la Defensa Nacional (Sedena).<\/p>\n<p>El universitario verde y oro tiene a su cargo la coordinaci\u00f3n de las personas responsables de las excavaciones en desarrollo, que algunos d\u00edas son hasta 20, en las que se trabaja simult\u00e1neamente. Es responsable de la administraci\u00f3n de los recursos econ\u00f3micos y materiales, as\u00ed como del acopio y procesamiento de toda la informaci\u00f3n que en el lugar se genera. Originaria de Cuajimalpa, en la Ciudad de M\u00e9xico, la familia de Alberto se mud\u00f3, cuando \u00e9l a\u00fan era un ni\u00f1o, al municipio mexiquense de Ocoyoacac. \u201cEn la primaria era una persona un poco introvertida. Mientras mis compa\u00f1eros jugaban futbol, yo estaba en la tierra jugando solo y encontraba fragmentos de cer\u00e1mica, cabecitas y cosas por el estilo. Me llamaron la atenci\u00f3n y ah\u00ed naci\u00f3 mi gusto por lo que en ese momento pens\u00e9 que era la historia\u201d, relat\u00f3.<\/p>\n<p>En los primeros semestres de sus estudios de bachillerato, Alberto conoci\u00f3 la Antropolog\u00eda y supuso que era en esa \u00e1rea de la ciencia en la que quer\u00eda desarrollarse; sin embargo, cuando al cursar la asignatura de orientaci\u00f3n educativa le pidieron entrevistar a personas que se dedicaban a lo que \u00e9l quer\u00eda hacer profesionalmente descubri\u00f3 la diferencia entre la Antropolog\u00eda y la Arqueolog\u00eda.<\/p>\n<p>\u201cAs\u00ed que desde la adolescencia supe que la Arqueolog\u00eda era mi vocaci\u00f3n. Entonces, mis planes ya fueron enfocados completamente a estudiar esa carrera. Mi primera opci\u00f3n fue la UAEM y a la par hice el examen en la Escuela Nacional de Antropolog\u00eda e Historia, pero finalmente decid\u00ed seguir con mis colores, el verde y oro\u201d, refiri\u00f3.<\/p>\n<p>Durante los primeros semestres de la Licenciatura en Arqueolog\u00eda, que estudi\u00f3 del a\u00f1o 2008 a 2012, Frutos Andrade viajaba todos los d\u00edas de Ocoyoacac a Tenancingo, traslado en el que se hac\u00eda alrededor de tres horas.<\/p>\n<p>\u201cLlegar a las primeras clases era casi imposible. Luego me compr\u00e9 un autom\u00f3vil y en el traslado hac\u00eda dos horas. Consider\u00e9 que segu\u00eda siendo mucho tiempo y que ten\u00eda poco espacio para hacer tareas, as\u00ed que antes del primer tercio de la carrera me mud\u00e9 a Tenancingo\u201d, cont\u00f3.<\/p>\n<p>Desde los primeros semestres, en los intersemestrales, buscaba proyectos en los que pudiera realizar trabajo de campo. Se desempe\u00f1aba como voluntario y eso le ayud\u00f3 a desarrollarse. As\u00ed, tuvo la oportunidad de colaborar en la construcci\u00f3n de la Estaci\u00f3n Meteorol\u00f3gica en Monte Tl\u00e1loc, un proyecto multidisciplinario de la propia UAEM, en el cual hizo su servicio social, accediendo a una beca por el desempe\u00f1o de sus labores y que tambi\u00e9n fue de gran ayuda para el desenvolvimiento de sus aptitudes como investigador.<\/p>\n<p>Durante los \u00faltimos d\u00edas de sus estudios de licenciatura, Alberto recibi\u00f3 la invitaci\u00f3n para trabajar en el Centro INAH (Instituto Nacional de Antropolog\u00eda e Historia) Morelos, entidad en la que particip\u00f3 en trabajos de salvamento en Tepoztl\u00e1n y la ampliaci\u00f3n de la autopista La Pera-Cuautla, as\u00ed como mantenimiento en la Zona Arqueol\u00f3gica Tepozteco y diversas inspecciones arqueol\u00f3gicas.<\/p>\n<p>Luego de un a\u00f1o busc\u00f3 otras oportunidades y fue cuando lo contrataron para participar en los trabajos de salvamento arqueol\u00f3gico que se realizaron durante la construcci\u00f3n de la L\u00ednea 3 del Metrorrey, en Nuevo Le\u00f3n. Posteriormente se traslad\u00f3 a Sonora, donde particip\u00f3 en los trabajos de salvamento durante la construcci\u00f3n de un gasoducto, de los primeros proyectos arqueol\u00f3gicos que atravesaron territorio yaqui.<\/p>\n<p>A continuaci\u00f3n, colabor\u00f3 con el Doctor Rub\u00e9n Manzanilla L\u00f3pez, uno de los arque\u00f3logos m\u00e1s destacados del pa\u00eds y hoy director del proyecto de salvamento paleontol\u00f3gico y arqueol\u00f3gico en Santa Luc\u00eda, en los trabajos de rescate arqueol\u00f3gico durante la construcci\u00f3n del gasoducto Ciudad Ju\u00e1rez-Caborca.<\/p>\n<p>Gracias al desempe\u00f1o que tuvo en este \u00faltimo trabajo, el Doctor Manzanilla le dio la oportunidad de ser el jefe de campo en Santa Luc\u00eda, donde comenzaron los trabajos con 7 arque\u00f3logos, que luego fueron 15, posteriormente 40 y finalmente, al convertirse \u00e9ste en un s\u00faper proyecto, 56 (36 de ellos egresados de la UAEM), 5 restauradores, una ge\u00f3loga, un bi\u00f3logo y 400 ayudantes generales aportados por la Sedena.<\/p>\n<p>\u201cEl principal reto que enfrent\u00e9 como jefe de campo fue tener toda la responsabilidad de acopiar la informaci\u00f3n y procesarla d\u00eda a d\u00eda para no perder el control. Ya no hago campo, pero soy el enlace con la Sedena, a trav\u00e9s de la Mesa de Arqueolog\u00eda, y coordino a mis compa\u00f1eros de otras \u00e1reas, porque estamos divididos en equipos de supervisi\u00f3n arqueol\u00f3gica y recuperaci\u00f3n de paleofauna; adem\u00e1s, tenemos un arque\u00f3logo que se encarga de ver toda la obra de la interconexi\u00f3n, las excavaciones arqueol\u00f3gicas y los an\u00e1lisis de materiales\u201d, refiri\u00f3.<\/p>\n<p>Para Frutos Andrade participar en los trabajos de salvamento arqueol\u00f3gico y paleontol\u00f3gico en Santa Luc\u00eda es motivo de orgullo, ya que en muchos sentidos se convirti\u00f3 en un reto que concreta las tres funciones de la arqueolog\u00eda: investigar, proteger y difundir el patrimonio. \u201cEstamos conservando esta colecci\u00f3n, a trav\u00e9s de t\u00e9cnicas de restauraci\u00f3n y recuperaci\u00f3n, y a la par, investigando, mientras que con el Museo del Mamut Quinametzin, producto de la colaboraci\u00f3n INAH-SEDENA, se concreta el fin \u00faltimo, que es la divulgaci\u00f3n\u201d, puntualiz\u00f3.<\/p>\n<p>Alberto Frutos Andrade considera que la pasi\u00f3n y entrega son fundamentales en todo lo que haces y que en la Arqueolog\u00eda, como cualquier otra carrera, tienes que enfocar tu vocaci\u00f3n para que salgan las cosas. \u201cImprimo pasi\u00f3n y entrega en todo lo que hago y, por supuesto, esperaba estos resultados en mi trayectoria\u201d, sostuvo.<\/p>\n<p>Por otra parte, afirma que uno de los objetivos que ha tenido desde su primer trabajo es ayudar a los j\u00f3venes profesionales de la Arqueolog\u00eda, principalmente de la UAEM, a alcanzar su desarrollo profesional.<\/p>\n<p>\u201cPara el Doctor Manzanilla ha sido una sorpresa bastante grata trabajar con egresados de la UAEM, ya que considera que est\u00e1n preparados y son de un nivel de confianza y responsabilidad bastante alto, por los valores profesionales que tenemos\u201d, afirm\u00f3.<\/p>\n<p>Los trabajos en Santa Luc\u00eda est\u00e1n programados para concluir en marzo de 2022; sin embargo, \u201ctodav\u00eda tenemos toneladas de trabajo de gabinete pendiente, as\u00ed que no tenemos una fecha de t\u00e9rmino como tal y toda va a depender de cu\u00e1ndo terminemos de procesar la informaci\u00f3n\u201d, puntualiz\u00f3.<\/p>\n<p>Alberto Frutos Andrade aconseja a los estudiantes de la Licenciatura en Arqueolog\u00eda dedicarse. \u201cLa diferencia la haces t\u00fa, por el compromiso que tienes con lo que haces. Sean claros con sus objetivos\u201d, sostuvo.<\/p>\n<p>Insta a los egresados a no cansarse de tocar puertas. \u201cA veces tenemos miedo de que nos rechacen laboralmente y con toda la confianza puedo decir que los arque\u00f3logos de la UAEM estamos a la altura de los retos de la profesi\u00f3n. No es f\u00e1cil, nadie regala nada, pero si dejas que tu trabajo hable por ti, vas a conseguir lo que quieras tarde o temprano\u201d.<\/p>\n","protected":false},"excerpt":{"rendered":"<p>Egresado del Plantel \u201cNezahualc\u00f3yotl\u201d de la Escuela Preparatoria y de la Licenciatura en Arqueolog\u00eda del Centro Universitario Tenancingo de la Universidad Aut\u00f3noma del Estado de M\u00e9xico (UAEM), Alberto Frutos Andrade es jefe de campo en los trabajos de salvamento arqueol\u00f3gico y paleontol\u00f3gico en la construcci\u00f3n del Aeropuerto Internacional Felipe \u00c1ngeles (AIFA) en Santa Luc\u00eda, a cargo de la Secretar\u00eda de la Defensa Nacional (Sedena).<\/p>\n","protected":false},"author":3,"featured_media":531538,"comment_status":"open","ping_status":"open","sticky":false,"template":"","format":"standard","meta":{"_monsterinsights_skip_tracking":false,"_monsterinsights_sitenote_active":false,"_monsterinsights_sitenote_note":"","_monsterinsights_sitenote_category":0,"footnotes":""},"categories":[5],"tags":[43675,3353,14859,1491],"class_list":["post-531475","post","type-post","status-publish","format-standard","has-post-thumbnail","hentry","category-estado-de-mexico","tag-estado-de-mexico","tag-sedena","tag-tenancingo","tag-uaem"],"_links":{"self":[{"href":"https:\/\/www.diarioimagen.net\/index.php?rest_route=\/wp\/v2\/posts\/531475","targetHints":{"allow":["GET"]}}],"collection":[{"href":"https:\/\/www.diarioimagen.net\/index.php?rest_route=\/wp\/v2\/posts"}],"about":[{"href":"https:\/\/www.diarioimagen.net\/index.php?rest_route=\/wp\/v2\/types\/post"}],"author":[{"embeddable":true,"href":"https:\/\/www.diarioimagen.net\/index.php?rest_route=\/wp\/v2\/users\/3"}],"replies":[{"embeddable":true,"href":"https:\/\/www.diarioimagen.net\/index.php?rest_route=%2Fwp%2Fv2%2Fcomments&post=531475"}],"version-history":[{"count":0,"href":"https:\/\/www.diarioimagen.net\/index.php?rest_route=\/wp\/v2\/posts\/531475\/revisions"}],"wp:featuredmedia":[{"embeddable":true,"href":"https:\/\/www.diarioimagen.net\/index.php?rest_route=\/wp\/v2\/media\/531538"}],"wp:attachment":[{"href":"https:\/\/www.diarioimagen.net\/index.php?rest_route=%2Fwp%2Fv2%2Fmedia&parent=531475"}],"wp:term":[{"taxonomy":"category","embeddable":true,"href":"https:\/\/www.diarioimagen.net\/index.php?rest_route=%2Fwp%2Fv2%2Fcategories&post=531475"},{"taxonomy":"post_tag","embeddable":true,"href":"https:\/\/www.diarioimagen.net\/index.php?rest_route=%2Fwp%2Fv2%2Ftags&post=531475"}],"curies":[{"name":"wp","href":"https:\/\/api.w.org\/{rel}","templated":true}]}}