{"id":531478,"date":"2022-01-10T00:03:24","date_gmt":"2022-01-10T06:03:24","guid":{"rendered":"https:\/\/www.diarioimagen.net\/?p=531478"},"modified":"2022-01-19T00:16:36","modified_gmt":"2022-01-19T06:16:36","slug":"rebrote-de-covid-golpea-a-mexico-y-a-todo-el-mundo","status":"publish","type":"post","link":"https:\/\/www.diarioimagen.net\/?p=531478","title":{"rendered":"Rebrote de Covid golpea a M\u00e9xico y a todo el mundo"},"content":{"rendered":"<p>&nbsp;<\/p>\n<h3 style=\"text-align: center;\">Reportan r\u00e9cord de positivos<\/h3>\n<p>&nbsp;<\/p>\n<ul>\n<li><em><strong>Hubo 30 mil 671 nuevos casos en el pa\u00eds, tan s\u00f3lo el s\u00e1bado pasado<\/strong> <\/em><\/li>\n<\/ul>\n<p>&nbsp;<\/p>\n<div id=\"attachment_531535\" style=\"width: 470px\" class=\"wp-caption aligncenter\"><a href=\"https:\/\/www.diarioimagen.net\/?attachment_id=531535\" rel=\"attachment wp-att-531535\"><img loading=\"lazy\" decoding=\"async\" aria-describedby=\"caption-attachment-531535\" class=\"size-full wp-image-531535\" src=\"https:\/\/www.diarioimagen.net\/wp-content\/uploads\/2022\/01\/covid-1.jpg\" alt=\"\" width=\"460\" height=\"270\" \/><\/a><p id=\"caption-attachment-531535\" class=\"wp-caption-text\">La cuarta ola de Covid-19 es innegable en M\u00e9xico, donde el s\u00e1bado pasado se report\u00f3 un nuevo r\u00e9cord diario de contagios con 30 mil 671 enfermos.<\/p><\/div>\n<p>&nbsp;<\/p>\n<p>La cuarta ola de Covid-19 es innegable en el territorio mexicano, donde el s\u00e1bado pasado\u00a0se report\u00f3 un nuevo r\u00e9cord diario de contagios con 30 mil 671 nuevos enfermos en s\u00f3lo 24 horas, para acumular en ese momento 4 millones 113 mil 789 de enfermos desde el inicio de la pandemia, que ya ha causado en el pa\u00eds m\u00e1s de 300 mil, seg\u00fan cifras oficiales.<\/p>\n<p>De tal manera que el pa\u00eds super\u00f3 el r\u00e9cord anterior de 28 mil 953 nuevos casos registrados en un solo d\u00eda, la cual se dio el 18 de agosto de 2021, la misma jornada en la que alcanz\u00f3 la mayor cifra de muertes de la tercera ola, con 940, con las que M\u00e9xico super\u00f3 los 250,000 decesos en aquel momento.<\/p>\n<p>Con esa cantidad de contagios, M\u00e9xico rebas\u00f3 los picos m\u00e1ximos de la primera y segunda ola, cuando hubo 9 mil 866 casos y 22 mil 339, respectivamente. Cifras que posicionan a nuestro pa\u00eds como el decimosexto en el mundo con el mayor n\u00famero de contagios confirmados.<\/p>\n<p>Asimismo, con las 300 mil 303 muertes debido a la Covid-19, el pa\u00eds es el quinto en el mundo con m\u00e1s decesos por esta causa, por detr\u00e1s de Estados Unidos, Brasil, India y Rusia, seg\u00fan el recuento de la Universidad Johns Hopkins.<\/p>\n<p>En este escenario, las autoridades sanitarias reconocen que, con base en las actas de defunci\u00f3n, la pandemia rondar\u00eda los 451 mil 000 fallecidos en el pa\u00eds y estiman que M\u00e9xico acumula en realidad 4 millones 349 mil 454 de contagios.<\/p>\n<p style=\"text-align: center;\"><strong>260 vuelos cancelados en M\u00e9xico en 5 d\u00edas<\/strong><\/p>\n<p>A nivel nacional, de acuerdo con el informe de la Procuradur\u00eda Federal del Consumidor en los \u00faltimos cinco d\u00edas se han cancelado 260 vuelos, en medio de una ola de contagios entre pilotos y personal de las aerol\u00edneas.<\/p>\n<p>Profeco asegur\u00f3 que no ha recibido notificaciones sobre cancelaciones de vuelos por parte de las aerol\u00edneas Volaris ni de VivaAerobus, por lo que la cifra antes citada a\u00fan podr\u00eda variar.<\/p>\n<p>Por ejemplo, Aerom\u00e9xico notific\u00f3 a la Profeco de la cancelaci\u00f3n de 57 vuelos el 6 de enero, 85 vuelos el 7 de enero, 74 vuelos el 8 de enero. Mientras que ayer, fueron reportados al menos otras 5 cancelaciones tan solo en Canc\u00fan, incluso, la aerol\u00ednea contact\u00f3 con pasajeros para notificarles que fueron cancelados un total de 30 vuelos ayer 9 de enero y al menos 14 \u00a0los ser\u00e1n el 10 de enero.<\/p>\n<p style=\"text-align: center;\"><strong>Texas sufre escasez de\u00a0pruebas Covid<\/strong><\/p>\n<p>Este rebrote no es exclusivo de nuestro pa\u00eds, sino que otros como Estados Unidos est\u00e1n en situaciones igual o m\u00e1s dif\u00edciles, incluso, estados como Texas han reportado escasez de pruebas para detectar Covid-19.\u00a0 Se inform\u00f3 que los texanos que buscan encuentran largas filas y farmacias agotadas en medio de una nueva ola del virus inducida por \u00f3micron; que ya se puede calificar en el caso de Estados Unidos, como la m\u00e1s grande desde que comenz\u00f3 la pandemia.<\/p>\n<p>Un vendedor de la popular farmacia Walgreens, en los alrededores de Houston, revel\u00f3 que las pruebas est\u00e1n agotadas, al ser interrogado por su suministro de este insumo que se ha vuelto primordial en estos tiempos \u201cPuede volver en seis d\u00edas\u201d, dijo el empleado.<\/p>\n<p>La situaci\u00f3n se repite en la cadena CVS, as\u00ed como en otras farmacias. La demanda es tan alta que las personas pueden esperar por horas en grandes instalaciones. De hecho en El Paso, ciudad de Texas, el canal de televisi\u00f3n local ABC report\u00f3 que la espera para realizar la prueba el jueves era de tres a cinco horas en uno de los \u201cmegasitios\u201d de la ciudad.<\/p>\n","protected":false},"excerpt":{"rendered":"<p>La cuarta ola de Covid-19 es innegable en el territorio mexicano, donde el s\u00e1bado pasado\u00a0se report\u00f3 un nuevo r\u00e9cord diario de contagios con 30 mil 671 nuevos enfermos en s\u00f3lo 24 horas, para acumular en ese momento 4 millones 113 mil 789 de enfermos desde el inicio de la pandemia, que ya ha causado en el pa\u00eds m\u00e1s de 300 mil, seg\u00fan cifras oficiales.\u00a0<\/p>\n","protected":false},"author":3,"featured_media":531535,"comment_status":"open","ping_status":"open","sticky":false,"template":"","format":"standard","meta":{"_monsterinsights_skip_tracking":false,"_monsterinsights_sitenote_active":false,"_monsterinsights_sitenote_note":"","_monsterinsights_sitenote_category":0,"footnotes":""},"categories":[877],"tags":[94297,44,43679,29516,94296],"class_list":["post-531478","post","type-post","status-publish","format-standard","has-post-thumbnail","hentry","category-salud","tag-golpea","tag-mexico","tag-mundo","tag-pandemia","tag-todo"],"_links":{"self":[{"href":"https:\/\/www.diarioimagen.net\/index.php?rest_route=\/wp\/v2\/posts\/531478","targetHints":{"allow":["GET"]}}],"collection":[{"href":"https:\/\/www.diarioimagen.net\/index.php?rest_route=\/wp\/v2\/posts"}],"about":[{"href":"https:\/\/www.diarioimagen.net\/index.php?rest_route=\/wp\/v2\/types\/post"}],"author":[{"embeddable":true,"href":"https:\/\/www.diarioimagen.net\/index.php?rest_route=\/wp\/v2\/users\/3"}],"replies":[{"embeddable":true,"href":"https:\/\/www.diarioimagen.net\/index.php?rest_route=%2Fwp%2Fv2%2Fcomments&post=531478"}],"version-history":[{"count":0,"href":"https:\/\/www.diarioimagen.net\/index.php?rest_route=\/wp\/v2\/posts\/531478\/revisions"}],"wp:featuredmedia":[{"embeddable":true,"href":"https:\/\/www.diarioimagen.net\/index.php?rest_route=\/wp\/v2\/media\/531535"}],"wp:attachment":[{"href":"https:\/\/www.diarioimagen.net\/index.php?rest_route=%2Fwp%2Fv2%2Fmedia&parent=531478"}],"wp:term":[{"taxonomy":"category","embeddable":true,"href":"https:\/\/www.diarioimagen.net\/index.php?rest_route=%2Fwp%2Fv2%2Fcategories&post=531478"},{"taxonomy":"post_tag","embeddable":true,"href":"https:\/\/www.diarioimagen.net\/index.php?rest_route=%2Fwp%2Fv2%2Ftags&post=531478"}],"curies":[{"name":"wp","href":"https:\/\/api.w.org\/{rel}","templated":true}]}}