{"id":531517,"date":"2022-01-10T00:01:15","date_gmt":"2022-01-10T06:01:15","guid":{"rendered":"https:\/\/www.diarioimagen.net\/?p=531517"},"modified":"2022-01-10T09:24:32","modified_gmt":"2022-01-10T15:24:32","slug":"encabeza-el-alcalde-aldo-ledezma-reyna-el-festejo-de-dia-de-reyes-en-cuautitlan","status":"publish","type":"post","link":"https:\/\/www.diarioimagen.net\/?p=531517","title":{"rendered":"Encabeza el alcalde Aldo Ledezma Reyna el festejo de D\u00eda de Reyes, en Cuautitl\u00e1n"},"content":{"rendered":"<p>&nbsp;<\/p>\n<ul>\n<li><strong><em>Se realiz\u00f3 la rifa de bicicletas<\/em><\/strong><\/li>\n<\/ul>\n<p>&nbsp;<\/p>\n<div id=\"attachment_531602\" style=\"width: 470px\" class=\"wp-caption aligncenter\"><a href=\"https:\/\/www.diarioimagen.net\/?attachment_id=531602\" rel=\"attachment wp-att-531602\"><img loading=\"lazy\" decoding=\"async\" aria-describedby=\"caption-attachment-531602\" class=\"size-full wp-image-531602\" src=\"https:\/\/www.diarioimagen.net\/wp-content\/uploads\/2022\/01\/cuautitlan.jpg\" alt=\"\" width=\"460\" height=\"270\" \/><\/a><p id=\"caption-attachment-531602\" class=\"wp-caption-text\">El gobierno de Cuautitl\u00e1n, que encabeza Aldo Ledezma Reyna, a trav\u00e9s del DIF local, realiz\u00f3 el festejo de D\u00eda de Reyes.<\/p><\/div>\n<p>&nbsp;<\/p>\n<p><strong> Cuautitl\u00e1n, Estado de M\u00e9xico.\u2014<\/strong> Con apego a todas las medidas sanitarias el Ayuntamiento de Cuautitl\u00e1n, que encabeza Aldo Ledezma Reyna, a trav\u00e9s del DIF Cuautitlan, realiz\u00f3 el festejo de D\u00eda de Reyes, en el que se entreg\u00f3 un juguete, rosca de reyes a todos los ni\u00f1os y se realiz\u00f3 la rifa de bicicletas.<\/p>\n<p>En el estadio de Los Pinos acudieron cientos de familias, en el que se instal\u00f3 un filtro sanitario, con sanitizante de cuerpo completo, gel antibacterial, toma de temperatura y supervisaron que los asistentes tuvieran bien colocado el cubre bocas.<\/p>\n<p>Los asistentes disfrutaron de la actuaci\u00f3n de payasos que con su buen humor sacaron la risa de chicos y grandes, interactuando con las familias en un ambiente sano. Acompa\u00f1ado de la presidenta del DIF municipal, Brenda Aguilar Zamora, el alcalde Aldo Ledezma dio la bienvenida a las familias y asegur\u00f3 que el gobierno que encabeza se debe a la gente, \u201cSin duda hay grandes retos, los vamos a cumplir, \u00a1no les vamos a fallar porque hicimos un compromiso con cada uno de ustedes!\u201d, enfatiz\u00f3.<\/p>\n<p>Por su parte, Brenda Aguilar agradeci\u00f3 la asistencia de chicos y grandes a este festejo por la llegada de los Reyes Magos, pues despu\u00e9s de 2 a\u00f1os de pandemia por fin los ni\u00f1os pueden disfrutar de un magno evento, aunque destac\u00f3 la importancia de mantener las medidas sanitarias. Posteriormente, el alcalde y la titular del DIF municipal realizaron la rifa de bicicletas a los ni\u00f1os.<\/p>\n<p>Para finalizar, los ni\u00f1os recibieron un juguete de la marca Mattel, como Barbie y Max Steel, una rosca de reyes y dulces a la salida del evento, con el objetivo de que durante el evento no se aglutinaran personas y evitar contagios.<\/p>\n","protected":false},"excerpt":{"rendered":"<p>Con apego a todas las medidas sanitarias el Ayuntamiento de Cuautitl\u00e1n, que encabeza Aldo Ledezma Reyna, a trav\u00e9s del DIF Cuautitlan, realiz\u00f3 el festejo de D\u00eda de Reyes, en el que se entreg\u00f3 un juguete, rosca de reyes a todos los ni\u00f1os y se realiz\u00f3 la rifa de bicicletas.<\/p>\n","protected":false},"author":3,"featured_media":531602,"comment_status":"open","ping_status":"open","sticky":false,"template":"","format":"standard","meta":{"_monsterinsights_skip_tracking":false,"_monsterinsights_sitenote_active":false,"_monsterinsights_sitenote_note":"","_monsterinsights_sitenote_category":0,"footnotes":""},"categories":[5],"tags":[969,14935,43675],"class_list":["post-531517","post","type-post","status-publish","format-standard","has-post-thumbnail","hentry","category-estado-de-mexico","tag-atizapan","tag-dia-de-reyes","tag-estado-de-mexico"],"_links":{"self":[{"href":"https:\/\/www.diarioimagen.net\/index.php?rest_route=\/wp\/v2\/posts\/531517","targetHints":{"allow":["GET"]}}],"collection":[{"href":"https:\/\/www.diarioimagen.net\/index.php?rest_route=\/wp\/v2\/posts"}],"about":[{"href":"https:\/\/www.diarioimagen.net\/index.php?rest_route=\/wp\/v2\/types\/post"}],"author":[{"embeddable":true,"href":"https:\/\/www.diarioimagen.net\/index.php?rest_route=\/wp\/v2\/users\/3"}],"replies":[{"embeddable":true,"href":"https:\/\/www.diarioimagen.net\/index.php?rest_route=%2Fwp%2Fv2%2Fcomments&post=531517"}],"version-history":[{"count":0,"href":"https:\/\/www.diarioimagen.net\/index.php?rest_route=\/wp\/v2\/posts\/531517\/revisions"}],"wp:featuredmedia":[{"embeddable":true,"href":"https:\/\/www.diarioimagen.net\/index.php?rest_route=\/wp\/v2\/media\/531602"}],"wp:attachment":[{"href":"https:\/\/www.diarioimagen.net\/index.php?rest_route=%2Fwp%2Fv2%2Fmedia&parent=531517"}],"wp:term":[{"taxonomy":"category","embeddable":true,"href":"https:\/\/www.diarioimagen.net\/index.php?rest_route=%2Fwp%2Fv2%2Fcategories&post=531517"},{"taxonomy":"post_tag","embeddable":true,"href":"https:\/\/www.diarioimagen.net\/index.php?rest_route=%2Fwp%2Fv2%2Ftags&post=531517"}],"curies":[{"name":"wp","href":"https:\/\/api.w.org\/{rel}","templated":true}]}}