{"id":531529,"date":"2022-01-10T00:03:32","date_gmt":"2022-01-10T06:03:32","guid":{"rendered":"https:\/\/www.diarioimagen.net\/?p=531529"},"modified":"2022-01-10T09:32:12","modified_gmt":"2022-01-10T15:32:12","slug":"visita-pedro-rodriguez-villegas-modulos-de-inmunizacion-contra-covid-en-atizapan","status":"publish","type":"post","link":"https:\/\/www.diarioimagen.net\/?p=531529","title":{"rendered":"Visita Pedro Rodr\u00edguez Villegas m\u00f3dulos de inmunizaci\u00f3n contra Covid, en Atizap\u00e1n"},"content":{"rendered":"<p>&nbsp;<\/p>\n<ul>\n<li><strong><em>Jornada para adolescentes de 15 a 17 a\u00f1os<\/em><\/strong><\/li>\n<\/ul>\n<p>&nbsp;<\/p>\n<div id=\"attachment_531607\" style=\"width: 470px\" class=\"wp-caption aligncenter\"><a href=\"https:\/\/www.diarioimagen.net\/?attachment_id=531607\" rel=\"attachment wp-att-531607\"><img loading=\"lazy\" decoding=\"async\" aria-describedby=\"caption-attachment-531607\" class=\"size-full wp-image-531607\" src=\"https:\/\/www.diarioimagen.net\/wp-content\/uploads\/2022\/01\/rodriguez.jpg\" alt=\"\" width=\"460\" height=\"270\" \/><\/a><p id=\"caption-attachment-531607\" class=\"wp-caption-text\">El edil Pedro Rodr\u00edguez Villegas encabez\u00f3 los trabajos de supervisi\u00f3n de log\u00edstica de la jornada de vacunaci\u00f3n contra Covid-19 para j\u00f3venes de 15 a 17 a\u00f1os, en Atizap\u00e1n.<\/p><\/div>\n<p>&nbsp;<\/p>\n<p><strong>Atizap\u00e1n, Estado de M\u00e9xico.\u2014<\/strong> El presidente municipal Pedro Rodr\u00edguez Villegas encabez\u00f3 los trabajos de supervisi\u00f3n de log\u00edstica de la jornada de vacunaci\u00f3n contra Covid-19 para j\u00f3venes de 15 a 17 a\u00f1os.<\/p>\n<p>El alcalde visit\u00f3 los tres m\u00f3dulos de la demarcaci\u00f3n y enfatiz\u00f3 que su Administraci\u00f3n brindar\u00e1 las facilidades para desarrollar las jornadas con orden. \u201cEstoy muy contento porque hay inter\u00e9s y sentido de responsabilidad.<\/p>\n<p>Esta jornada es el resultado de la suma de esfuerzos entre los tres \u00f3rdenes de Gobierno, esto es por nuestro M\u00e9xico y por el bienestar de los atizapenses\u201d, asever\u00f3.<\/p>\n<p>Con nutrida afluencia y orden, las personas de 15 a 17 a\u00f1os recibieron su segunda dosis del ant\u00edgeno contra el SARS-CoV-2, asimismo, los j\u00f3venes de 12 a 17 a\u00f1os con factores de riesgo, y ciudadanos mayores de 18 a\u00f1os que no hab\u00edan recibido el biol\u00f3gico tambi\u00e9n tuvieron acceso a la vacuna.<\/p>\n<p>Asimismo, Rodr\u00edguez Villegas enfatiz\u00f3 en la necesidad de continuar con las medidas sanitarias para evitar contagios. \u201cLos invito a continuar cuid\u00e1ndonos y ser responsables, ahora que est\u00e1n a punto de regresar clases, solo de esta forma ayudaremos a contener la ola de contagios en nuestro municipio\u201d, refiri\u00f3. Margarita \u00c1vila, vecina de la M\u00e9xico 86, agradeci\u00f3 la atenci\u00f3n brindada en la sede del Deportivo Ana Guevara, dijo que\u00a0 \u201cMi hijo est\u00e1 por cumplir 15 a\u00f1os y hoy recibi\u00f3 su segunda vacuna, la atenci\u00f3n fue buena y r\u00e1pida, ahora como padres de familia podemos estar m\u00e1s tranquilos de que ya est\u00e1 protegidos.<\/p>\n<p>Esta es una enfermedad muy fea, seamos responsables con nuestros hijos\u201d, declar\u00f3.\u00a0 Para esta jornada, el Gobierno de Atizap\u00e1n de Zaragoza habilit\u00f3 tres sedes para atender a los pacientes en: Unidad Deportiva Ana Gabriela Guevara, TeatroZaragoza, y las instalaciones de DIF Central en Lomas de Atizap\u00e1n.<\/p>\n","protected":false},"excerpt":{"rendered":"<p>El presidente municipal Pedro Rodr\u00edguez Villegas encabez\u00f3 los trabajos de supervisi\u00f3n de log\u00edstica de la jornada de vacunaci\u00f3n contra Covid-19 para j\u00f3venes de 15 a 17 a\u00f1os.<\/p>\n","protected":false},"author":3,"featured_media":531607,"comment_status":"open","ping_status":"open","sticky":false,"template":"","format":"standard","meta":{"_monsterinsights_skip_tracking":false,"_monsterinsights_sitenote_active":false,"_monsterinsights_sitenote_note":"","_monsterinsights_sitenote_category":0,"footnotes":""},"categories":[5],"tags":[969,43675,92043,74164],"class_list":["post-531529","post","type-post","status-publish","format-standard","has-post-thumbnail","hentry","category-estado-de-mexico","tag-atizapan","tag-estado-de-mexico","tag-inmunizacion","tag-pedro-rodriguez-villegas"],"_links":{"self":[{"href":"https:\/\/www.diarioimagen.net\/index.php?rest_route=\/wp\/v2\/posts\/531529","targetHints":{"allow":["GET"]}}],"collection":[{"href":"https:\/\/www.diarioimagen.net\/index.php?rest_route=\/wp\/v2\/posts"}],"about":[{"href":"https:\/\/www.diarioimagen.net\/index.php?rest_route=\/wp\/v2\/types\/post"}],"author":[{"embeddable":true,"href":"https:\/\/www.diarioimagen.net\/index.php?rest_route=\/wp\/v2\/users\/3"}],"replies":[{"embeddable":true,"href":"https:\/\/www.diarioimagen.net\/index.php?rest_route=%2Fwp%2Fv2%2Fcomments&post=531529"}],"version-history":[{"count":0,"href":"https:\/\/www.diarioimagen.net\/index.php?rest_route=\/wp\/v2\/posts\/531529\/revisions"}],"wp:featuredmedia":[{"embeddable":true,"href":"https:\/\/www.diarioimagen.net\/index.php?rest_route=\/wp\/v2\/media\/531607"}],"wp:attachment":[{"href":"https:\/\/www.diarioimagen.net\/index.php?rest_route=%2Fwp%2Fv2%2Fmedia&parent=531529"}],"wp:term":[{"taxonomy":"category","embeddable":true,"href":"https:\/\/www.diarioimagen.net\/index.php?rest_route=%2Fwp%2Fv2%2Fcategories&post=531529"},{"taxonomy":"post_tag","embeddable":true,"href":"https:\/\/www.diarioimagen.net\/index.php?rest_route=%2Fwp%2Fv2%2Ftags&post=531529"}],"curies":[{"name":"wp","href":"https:\/\/api.w.org\/{rel}","templated":true}]}}