{"id":531531,"date":"2022-01-10T00:04:58","date_gmt":"2022-01-10T06:04:58","guid":{"rendered":"https:\/\/www.diarioimagen.net\/?p=531531"},"modified":"2022-01-10T09:33:17","modified_gmt":"2022-01-10T15:33:17","slug":"se-instala-y-sesiona-la-comision-municipal-transitoria-de-limites-territoriales-de-cuautitlan-izcalli","status":"publish","type":"post","link":"https:\/\/www.diarioimagen.net\/?p=531531","title":{"rendered":"Se instala y sesiona la Comisi\u00f3n Municipal Transitoria de L\u00edmites Territoriales de Cuautitl\u00e1n Izcalli"},"content":{"rendered":"<p>&nbsp;<\/p>\n<p><a href=\"https:\/\/www.diarioimagen.net\/?attachment_id=531609\" rel=\"attachment wp-att-531609\"><img loading=\"lazy\" decoding=\"async\" class=\"aligncenter size-full wp-image-531609\" src=\"https:\/\/www.diarioimagen.net\/wp-content\/uploads\/2022\/01\/izcalli-4.jpg\" alt=\"\" width=\"460\" height=\"270\" \/><\/a><\/p>\n<p>&nbsp;<\/p>\n<p><strong>Cuautitl\u00e1n Izcalli, Estado de M\u00e9xico<\/strong><strong>.\u2014 <\/strong>Con el objetivo de atender y velar por el territorio Izcallense se instal\u00f3 la Comisi\u00f3n Municipal Transitoria de L\u00edmites Territoriales de Cuautitl\u00e1n Izcalli.<\/p>\n<p>Hoy, los Diferendos lim\u00edtrofes para nuestro municipio y ciudadan\u00eda representan uno de los temas m\u00e1s relevantes con los que se ha recibido la administraci\u00f3n municipal 2022-2024 lo que significa un gran reto, el cual se est\u00e1 enfrentando de manera adecuada bajo los par\u00e1metros constitucionales y legales pertinentes.<\/p>\n","protected":false},"excerpt":{"rendered":"<p>on el objetivo de atender y velar por el territorio Izcallense se instal\u00f3 la Comisi\u00f3n Municipal Transitoria de L\u00edmites Territoriales de Cuautitl\u00e1n Izcalli.<\/p>\n","protected":false},"author":3,"featured_media":531609,"comment_status":"open","ping_status":"open","sticky":false,"template":"","format":"standard","meta":{"_monsterinsights_skip_tracking":false,"_monsterinsights_sitenote_active":false,"_monsterinsights_sitenote_note":"","_monsterinsights_sitenote_category":0,"footnotes":""},"categories":[5],"tags":[971,43675],"class_list":["post-531531","post","type-post","status-publish","format-standard","has-post-thumbnail","hentry","category-estado-de-mexico","tag-cuautitlan-izcalli","tag-estado-de-mexico"],"_links":{"self":[{"href":"https:\/\/www.diarioimagen.net\/index.php?rest_route=\/wp\/v2\/posts\/531531","targetHints":{"allow":["GET"]}}],"collection":[{"href":"https:\/\/www.diarioimagen.net\/index.php?rest_route=\/wp\/v2\/posts"}],"about":[{"href":"https:\/\/www.diarioimagen.net\/index.php?rest_route=\/wp\/v2\/types\/post"}],"author":[{"embeddable":true,"href":"https:\/\/www.diarioimagen.net\/index.php?rest_route=\/wp\/v2\/users\/3"}],"replies":[{"embeddable":true,"href":"https:\/\/www.diarioimagen.net\/index.php?rest_route=%2Fwp%2Fv2%2Fcomments&post=531531"}],"version-history":[{"count":0,"href":"https:\/\/www.diarioimagen.net\/index.php?rest_route=\/wp\/v2\/posts\/531531\/revisions"}],"wp:featuredmedia":[{"embeddable":true,"href":"https:\/\/www.diarioimagen.net\/index.php?rest_route=\/wp\/v2\/media\/531609"}],"wp:attachment":[{"href":"https:\/\/www.diarioimagen.net\/index.php?rest_route=%2Fwp%2Fv2%2Fmedia&parent=531531"}],"wp:term":[{"taxonomy":"category","embeddable":true,"href":"https:\/\/www.diarioimagen.net\/index.php?rest_route=%2Fwp%2Fv2%2Fcategories&post=531531"},{"taxonomy":"post_tag","embeddable":true,"href":"https:\/\/www.diarioimagen.net\/index.php?rest_route=%2Fwp%2Fv2%2Ftags&post=531531"}],"curies":[{"name":"wp","href":"https:\/\/api.w.org\/{rel}","templated":true}]}}