{"id":531557,"date":"2022-01-10T00:11:27","date_gmt":"2022-01-10T06:11:27","guid":{"rendered":"https:\/\/www.diarioimagen.net\/?p=531557"},"modified":"2022-01-10T07:24:09","modified_gmt":"2022-01-10T13:24:09","slug":"amlo-el-avion-el-avion","status":"publish","type":"post","link":"https:\/\/www.diarioimagen.net\/?p=531557","title":{"rendered":"AMLO: \u201c\u00a1El avi\u00f3n, el avi\u00f3n!\u201d"},"content":{"rendered":"<h2>\u00cdndice pol\u00edtico<\/h2>\n<h5>Francisco Rodr\u00edguez<\/h5>\n<p>&nbsp;<\/p>\n<ul>\n<li><strong><em>\u00bfPara fiestas en el aire?<\/em><\/strong><\/li>\n<li><strong><em>Monreal vs radicales <\/em><\/strong><\/li>\n<\/ul>\n<p>&nbsp;<\/p>\n<p>En el \u201cM\u00e9xico de la fantas\u00eda\u201d de Andr\u00e9s Manuel L\u00f3pez Obrador, de vez en vez a \u00e9l le viene bien dejar el papel del misterioso, raro y a veces mal\u00e9volo <em>se\u00f1or Roarke<\/em>, interpretado por Ricardo Montalb\u00e1n, y adoptar el del brioso hombrecito de traje blanco y mo\u00f1o negro, el peque\u00f1o <em>Tattoo<\/em>, a cargo del histri\u00f3n Herv\u00e9 Villechaize.<\/p>\n<p>De vez en vez, en efecto, AMLO se\u00f1ala hacia el firmamento y a gritos nos hace voltear a ver \u201c\u00a1el avi\u00f3n, el avi\u00f3n!\u201d.<\/p>\n<p>Mejor medida distractora no podr\u00eda haber encontrado.<\/p>\n<p>Lo ha usado desde hace por lo menos nueve a\u00f1os.<\/p>\n<p>Ya nos dijo que le cost\u00f3 al pa\u00eds un ojo de la cara.<\/p>\n<p>Y nos sigue costando, porque cada a\u00f1o se pagan abonos no tan chiquitos.<\/p>\n<p>Ya critic\u00f3 a Felipe Calder\u00f3n por comprarlo&#8230;<\/p>\n<p>&#8230; y a Enrique Pe\u00f1a Nieto por usarlo.<\/p>\n<p>Ya propagande\u00f3 que no lo ten\u00eda \u201cni Obama\u201d.<\/p>\n<p>Ya lo desterr\u00f3 un par de ocasiones hacia California, <em>i\u00fa, es, ey<\/em>.<\/p>\n<p>Ya lo ofreci\u00f3 en venta a los multimillonarios del orbe, entre ellos a Donald Trump.<\/p>\n<p>Ya lo rif\u00f3&#8230;<\/p>\n<p>&#8230;o dizque lo sorte\u00f3.<\/p>\n<p>Ya lo us\u00f3 para transportar vacunas&#8230; y atletas.<\/p>\n<p>Y ahora, otra vez, por ser el \u201cPresidente de las ocurrencias\u201d, pues se le han ocurrido otro par de ideotas.<\/p>\n<p>1) La posibilidad de canjear el TP-01 por helic\u00f3pteros para combatir incendios, y<\/p>\n<p>2) entregar la aeronave a la empresa de Secretar\u00eda de la Defensa Nacional que va a manejar el nuevo Aeropuerto Internacional Felipe \u00c1ngeles y el Tren Maya, para que lo rente.<\/p>\n<p>Pero a\u00fan hay m\u00e1s&#8230;<\/p>\n<p style=\"text-align: center;\"><strong>\u00a0Una propuesta del escribidor <\/strong><\/p>\n<p>Que Sedena lo rente pareciera no ser un muy buen negocio.<\/p>\n<p>Porque los militares pondr\u00edan much\u00edsimos requisitos y, por ende, ser\u00eda dif\u00edcil que la aeronave produjera cuando menos lo que cuesta uno de los abonos mensuales.<\/p>\n<p>Lo que s\u00ed podr\u00eda ser redituable ser\u00e1 rentarla a quien tiene experiencia en eso de organizar <em>charters<\/em> y, adem\u00e1s, sin muchos requerimientos.<\/p>\n<p>Por eso, siempre atento a las supremas necesidades del pa\u00eds y dispuesto a colaborar con el ciudadano Presidente de la Rep\u00fablica, el <strong>\u00cdndice Pol\u00edtico<\/strong> propone lo que podr\u00eda ser la soluci\u00f3n al problema \u201c\u00a1del avi\u00f3n, del avi\u00f3n!\u201d.<\/p>\n<p>Que sea James William Awad, el organizador del pol\u00e9mico viaje de Montreal a Canc\u00fan quien se encargue del TP-01.<\/p>\n<p>Habr\u00e1 que llevar la aeronave al A\u00e9roport international Pierre-Elliott-Trudeau de Montreal.<\/p>\n<p>Y desde ah\u00ed que Awad organice fiestas en el aire con bebidas alcoh\u00f3licas, cigarrillos, mota, gorritos, serpentinas y confeti.<\/p>\n<p>Incluso, podr\u00eda ofrecer la experiencia del \u201cClub de la Milla\u201d que, como usted sabe, consiste en mantener relaciones sexuales a bordo de una aeronave.\u00a0 Le aseguro al Presidente L\u00f3pez Obrador que ese s\u00ed que ser\u00eda un buen bisne para la Naci\u00f3n.<\/p>\n<p>Aunque tiene un pero&#8230;<\/p>\n<p>&#8230; ya no lo podr\u00e1 seguir usando para distraernos cada ocasi\u00f3n que las cosas se le ponen dif\u00edciles, tal y como est\u00e1n ahora con los contagios de Covid-19 al alza, ya sin vacunas, con decenas y decenas de asesinatos y dos que tres masacres, con la carest\u00eda a todo lo que da y con nulos resultados del gobiernito que \u00e9l encabeza.<\/p>\n<p>\u00bfNo cree usted?<\/p>\n<p style=\"text-align: center;\"><strong>\u00a0<\/strong><strong>Indicios<\/strong><strong><br \/>\n<\/strong><\/p>\n<p>Imperdible la entrevista que el colega Roberto Zamarripa le hiciera al senador Ricardo Monreal en el diario <em>Reforma<\/em>. Destaca su afirmaci\u00f3n de que \u201clos que creen que siendo m\u00e1s radicales pueden obtener el cargo o la posici\u00f3n pol\u00edtica que anhelan, all\u00e1 ellos. Se equivocan, porque no va a quedar pa\u00eds para nadie. El aniquilamiento s\u00f3lo deja destrucci\u00f3n\u201d, expresa. Y como escribe el colega: \u201cPinta raya contra los radicalismos y a pesar de que el presidente Andr\u00e9s Manuel L\u00f3pez Obrador en diciembre pasado urgi\u00f3 a sus correligionarios a definirse en la izquierda porque ostentarse en el centro pol\u00edtico \u201cpara quedar bien con todos\u201d es un error pol\u00edtico, Monreal defiende la moderaci\u00f3n. \u201cNo estoy de acuerdo con radicalizar; ni la extrema derecha ni la extrema izquierda. Me acerco m\u00e1s al perfil socialdem\u00f3crata de los pa\u00edses n\u00f3rdicos; simpatizo m\u00e1s con la socialdemocracia que con los radicalismos\u201d. Hay que ver la entrevista completa en <u>,<\/u> d\u00e1ndole <em>click<\/em> al par de palabras subrayadas. * * * Peor y de malas el gobernador de Veracruz Cuitl\u00e1huac Garc\u00eda. Se le acumulan los cad\u00e1veres producto de masacres y asesinatos violentos, mientras su secretario de Gobierno, Eric Cisneros, es se\u00f1alado de proteger al C\u00e1rtel de Sinaloa y \u00e9l dice que no va a permitir que otra organizaci\u00f3n criminal venga a desplazar a los socios y herederos de Joaqu\u00edn <em>El Chapo<\/em> Guzm\u00e1n. * * * Por hoy es todo. Le deseo que la iniciada ayer sea una gran semana y, como siempre, al tiempo que agradezco la lectura de estas l\u00edneas le deseo \u00a1buenas gracias y muchos, muchos d\u00edas!<\/p>\n<p><em><u><a href=\"http:\/\/www.indicepolitico.com\" target=\"_blank\" rel=\"noopener noreferrer\">www.indicepolitico.com<\/a><\/u><u><br \/>\n<\/u><a href=\"mailto:indicepolitico@gmail.com\" target=\"_blank\" rel=\"noopener noreferrer\">indicepolitico@gmail.com<\/a><\/em><br \/>\n<em><a href=\"https:\/\/twitter.com\/indicepolitico?lang=es\" target=\"_blank\" rel=\"noopener noreferrer\">@IndicePolitico<\/a><\/em><br \/>\n<em><u><a href=\"https:\/\/twitter.com\/pacorodriguez\" target=\"_blank\" rel=\"noopener noreferrer\">@pacorodriguez<\/a><\/u><\/em><\/p>\n","protected":false},"excerpt":{"rendered":"<p><span style=\"color: #005497;\"><strong>Francisco Rodr\u00edguez<\/strong><\/span><br \/>\n<br \/>\nEn el \u201cM\u00e9xico de la fantas\u00eda\u201d de Andr\u00e9s Manuel L\u00f3pez Obrador, de vez en vez a \u00e9l le viene bien dejar el papel del misterioso, raro y a veces mal\u00e9volo <em>se\u00f1or Roarke<\/em>, interpretado por Ricardo Montalb\u00e1n, y adoptar el del brioso hombrecito de traje blanco y mo\u00f1o negro, el peque\u00f1o <em>Tattoo<\/em>, a cargo del histri\u00f3n Herv\u00e9 Villechaize.<\/p>\n","protected":false},"author":3,"featured_media":0,"comment_status":"open","ping_status":"open","sticky":false,"template":"","format":"standard","meta":{"_monsterinsights_skip_tracking":false,"_monsterinsights_sitenote_active":false,"_monsterinsights_sitenote_note":"","_monsterinsights_sitenote_category":0,"footnotes":""},"categories":[549],"tags":[43689,550,43674],"class_list":["post-531557","post","type-post","status-publish","format-standard","hentry","category-francisco-rodriguez","tag-francisco-rodriguez","tag-indice-politico","tag-opinion"],"_links":{"self":[{"href":"https:\/\/www.diarioimagen.net\/index.php?rest_route=\/wp\/v2\/posts\/531557","targetHints":{"allow":["GET"]}}],"collection":[{"href":"https:\/\/www.diarioimagen.net\/index.php?rest_route=\/wp\/v2\/posts"}],"about":[{"href":"https:\/\/www.diarioimagen.net\/index.php?rest_route=\/wp\/v2\/types\/post"}],"author":[{"embeddable":true,"href":"https:\/\/www.diarioimagen.net\/index.php?rest_route=\/wp\/v2\/users\/3"}],"replies":[{"embeddable":true,"href":"https:\/\/www.diarioimagen.net\/index.php?rest_route=%2Fwp%2Fv2%2Fcomments&post=531557"}],"version-history":[{"count":0,"href":"https:\/\/www.diarioimagen.net\/index.php?rest_route=\/wp\/v2\/posts\/531557\/revisions"}],"wp:attachment":[{"href":"https:\/\/www.diarioimagen.net\/index.php?rest_route=%2Fwp%2Fv2%2Fmedia&parent=531557"}],"wp:term":[{"taxonomy":"category","embeddable":true,"href":"https:\/\/www.diarioimagen.net\/index.php?rest_route=%2Fwp%2Fv2%2Fcategories&post=531557"},{"taxonomy":"post_tag","embeddable":true,"href":"https:\/\/www.diarioimagen.net\/index.php?rest_route=%2Fwp%2Fv2%2Ftags&post=531557"}],"curies":[{"name":"wp","href":"https:\/\/api.w.org\/{rel}","templated":true}]}}