{"id":531563,"date":"2022-01-10T00:07:18","date_gmt":"2022-01-10T06:07:18","guid":{"rendered":"https:\/\/www.diarioimagen.net\/?p=531563"},"modified":"2022-03-01T02:28:34","modified_gmt":"2022-03-01T08:28:34","slug":"todos-quieren-beneficiarse-de-la-legalizacion-de-autos-chocolate","status":"publish","type":"post","link":"https:\/\/www.diarioimagen.net\/?p=531563","title":{"rendered":"Todos quieren beneficiarse de la legalizaci\u00f3n de autos \u201cchocolate\u201d"},"content":{"rendered":"<h2>Clase Pol\u00edtica<\/h2>\n<h5>Miguel \u00c1ngel Rivera<\/h5>\n<p>&nbsp;<\/p>\n<p>Todav\u00eda no llega el momento en que el presidente Andr\u00e9s Manuel L\u00f3pez Obrador entregue el m\u00e1ximo regalo, la candidatura presidencial, pero s\u00ed tiene un presente para el \u201cpueblo bueno y sabio\u201d: la regularizaci\u00f3n de los llamados autos \u201cchocolate\u201d, es decir, que entraron ilegalmente a territorio nacional.<\/p>\n<p>Desde que anunci\u00f3 su prop\u00f3sito de regularizar esos automotores, el primer mandatario destac\u00f3 que los beneficiados ser\u00e1n familias de escasos recursos, que no tienen capacidad para adquirir un auto en agencias. Adem\u00e1s, destac\u00f3 que, con frecuencia esos autos son utilizados en acciones criminales, por lo cual resultaba conveniente tener un registro de los mismos, el cual se crear\u00eda al tiempo que se legalizaban esos veh\u00edculos.<\/p>\n<p>Como sucede con otras acciones y decisiones del Presidente, hubo muchos comentarios positivos, sobre todo por simpatizantes de la llamada Cuarta Transformaci\u00f3n, por considerarse que resulta una efectiva ayuda para familias de escasos recursos.<\/p>\n<p>De hecho, desde 2019, cuando se discuti\u00f3 el Paquete Fiscal 2020, una diputada del partido oficial, Morena, Teresita Vargas, propuso que se adicionara un art\u00edculo transitorio D\u00e9cimo Quinto, el cual ordenar\u00eda al Congreso de la Uni\u00f3n a buscar, en un plazo m\u00e1ximo de 8 meses, un mecanismo para regularizar los autos \u201cchocolate\u201d.<\/p>\n<p>Pero, tambi\u00e9n se escucharon cr\u00edticas, sobre todo de quienes viven de la producci\u00f3n y comercializaci\u00f3n de autos \u201clegales\u201d.<\/p>\n<p>Por ejemplo, la Asociaci\u00f3n Nacional de Productores de Autobuses, Camiones y Tractocamiones (ANPACT) indic\u00f3 que, por cada 100 veh\u00edculos nuevos que se colocan en el mercado mexicano, se importan 35 unidades adicionales de forma irregular.<\/p>\n<p>A su vez, la Asociaci\u00f3n Mexicana de Distribuidores Automotores (AMDA) advirti\u00f3 que la regularizaci\u00f3n generar\u00eda una ca\u00edda de hasta el 39 por ciento en las ventas del mercado nacional y la Asociaci\u00f3n Mexicana de la Industria Automotriz (AMIA) record\u00f3 que la importaci\u00f3n de autos \u201cchocolate\u201d es un fen\u00f3meno que se ha acelerado en los \u00faltimos a\u00f1os, pues en 1992 se calculaba que los autos chocolate oscilaban entre los 600 y 700 mil unidades; no obstante, para 2001 increment\u00f3 su estimaci\u00f3n hasta 1.5 y 2.5 millones. A la fecha, algunas estimaciones hacen llegar que la cifra de autos que han entrado ilegalmente al pa\u00eds llega a 18 millones.<\/p>\n<p>Otros c\u00e1lculos son m\u00e1s conservados. Por ejemplo, la AMIA calcul\u00f3 que, en 2015, el total de estos veh\u00edculos alcanzaba los 7.5 millones.<\/p>\n<p>Otro c\u00e1lculo proviene de Manuel Nieblas, socio l\u00edder de la Industria de Manufactura de Deloitte M\u00e9xico: \u201csi se venden en 2019 alrededor de 1.3 millones de veh\u00edculos nuevos y hay 18 millones de autos \u201cchocolate\u201d circulando en el pa\u00eds, estamos hablando de que esa cantidad representa la p\u00e9rdida de 13 a\u00f1os de ventas de autos nuevos. Este balance provoca un impacto en cascada porque vender menos veh\u00edculos implica que se disminuya la recaudaci\u00f3n, se corte la cadena de suministro que provee autopartes para la fabricaci\u00f3n de veh\u00edculos, disminuya la inversi\u00f3n en el sector automotriz y se generen menos empleos\u201d.<\/p>\n<p>Con todo, el presidente L\u00f3pez Obrador no esper\u00f3 a que la regularizaci\u00f3n fuese legalizada por el Congreso. El pasado 17 de octubre firm\u00f3 un acuerdo por el cual autoriza legalizar esos veh\u00edculos, pero limitado a siete estados del norte: Baja California, Chihuahua, Sonora, Coahuila, Nuevo Le\u00f3n, Tamaulipas y Baja california Sur.<\/p>\n<p>Los diversos aspectos que abarca el proceso de legalizar estos veh\u00edculos estar\u00e1n a cargo de las secretar\u00edas de Gobernaci\u00f3n, de Econom\u00eda, de Hacienda y de Seguridad y Protecci\u00f3n Ciudadana, seg\u00fan confirm\u00f3 en su momento la titular de esta \u00faltima dependencia, Risa Icela Rodr\u00edguez.<\/p>\n<p style=\"text-align: center;\"><strong>\u201cTodos coludos o todos rabones\u201d<\/strong><\/p>\n<p>Al margen de los efectos negativos se\u00f1alados por los involucrados en la producci\u00f3n y comercializaci\u00f3n de los autos \u201clegales\u201d, la medida del presidente L\u00f3pez Obrador ha tenido un efecto que tal vez no se esperaba; se puso de manifiesto que el problema de los \u201cchocolate\u201d no se limita a los estados del norte, sino que se ha extendido por toda la Rep\u00fablica.<\/p>\n<p>En consecuencia, los propietarios de autos importados ilegalmente y que residen en entidades del centro y del sur de la Rep\u00fablica reclaman tener el mismo privilegio.<\/p>\n<p>Los reclamos de quienes quedaron fuera de su decreto han orillado al jefe del Ejecutivo a hacer las veces de uno de esos personajes que llevaron oro, incienso y mirra al Ni\u00f1o Jes\u00fas. Bueno, no se le pide tanto, apenas un documento oficial que legalice su compra.<\/p>\n<p>Esto ya sucedi\u00f3, por ejemplo, en Michoac\u00e1n. En la inauguraci\u00f3n del cuartel de la Guardia Nacional, el titular del Ejecutivo federal detall\u00f3 que a este acuerdo entrar\u00e1n s\u00f3lo los autos que est\u00e9n en la entidad hasta el 31 de diciembre de este a\u00f1o.<\/p>\n<p>\u201cVamos a cumplir con esa demanda, esa petici\u00f3n de que todos los carros que no tengan papeles y que hayan introducido nuestros paisanos para los trabajos del campo y tambi\u00e9n para transportar a sus familias, llevar a sus hijos a la escuela, todos los vamos a regularizar, hacemos ese compromiso, nada m\u00e1s que vamos a poner un l\u00edmite, hasta el 31 de diciembre, los que entran, los que ya est\u00e1n aqu\u00ed y los que entren hasta el 31 de diciembre porque vienen nuestros paisanos y a lo mejor van a traer sus carros y que se los regularice porque nos ayudan mucho, mucho, mucho, nuestros paisanos michoacanos\u201d.<\/p>\n<p>Acompa\u00f1ado por Alfredo Ram\u00edrez Bedolla, el nuevo gobernador, postulado por su partido, Morena, el primer mandatario hizo referencia a las protestas de los distribuidores de veh\u00edculos nuevos, a quienes les pidi\u00f3 entender que todos \u201ctenemos derecho a ser felices\u201d.<\/p>\n<p>Los que de inmediato le tomaron la palabra fueron los propietarios de los veh\u00edculos ilegales, pues en Nayarit, tuvo la misma demanda. Todos quieren beneficiarse de la legalizaci\u00f3n.<\/p>\n<p>El Presidente, que ha repetido que \u201cprimero los pobres\u201d, ofreci\u00f3 que la legalizaci\u00f3n se extender\u00e1 a ese estado. Sus cr\u00edticos dir\u00edan que es una acci\u00f3n que garantizar\u00e1 un aumento de votos para los candidatos \u201cmorenos\u201d.<\/p>\n<p>En respuesta a comentarios de un reportero local, el mandatario acept\u00f3 incluir a Michoac\u00e1n, bajo el argumento que los coches los traen los paisanos que han ayudado mucho a la entidad y al pa\u00eds a trav\u00e9s de las remesas. Present\u00f3 incluso una gr\u00e1fica (enero-octubre) en la que se muestra la recepci\u00f3n en Nayarit de 672 millones de d\u00f3lares.<\/p>\n<p>El mandatario estuvo en Chihuahua y present\u00f3 el citado acuerdo para la regularizaci\u00f3n de veh\u00edculos usados de procedencia extranjera. El evento se realiz\u00f3 en la fronteriza Ciudad Ju\u00e1rez.<\/p>\n<p>\u201cYa se emiti\u00f3 un acuerdo para que se regularicen los carros que no tienen papeles, que han tra\u00eddo nuestros paisanos para ayudarles, porque no todos tienen para comprar un carro nuevo\u201d, repiti\u00f3 L\u00f3pez Obrador los argumentos antes expuestos en Michoac\u00e1n.<\/p>\n<p>Tambi\u00e9n coment\u00f3 que, originalmente ese programa estaba pensado para la zona fronteriza, pero ya nos hicieron la solicitud tambi\u00e9n en Michoac\u00e1n y decidimos tambi\u00e9n ampliar a Michoac\u00e1n. \u201cNosotros le tenemos mucho afecto al pueblo de Nayarit. Mucho, mucho afecto porque por mucho tiempo se le margin\u00f3, entonces, me comprometo que tambi\u00e9n se va a aplicar el programa para Nayarit la regularizaci\u00f3n de los carros. Los paisanos nos han ayudado much\u00edsimo\u201d, reiter\u00f3 el mandatario.<\/p>\n<p>En aras de simplificar procedimientos, en congruencia con el otro criticado acuerdo presidencial para proteger las obras prioritarias de su gobierno, lo l\u00f3gico ser\u00eda que de plano la legalizaci\u00f3n de los \u201cchocolate\u201d se aplicara en toda la Rep\u00fablica, pero es poco probable que as\u00ed ocurra, pues se conoce la tendencia del Presidente a buscar la manera de hacer llegar personalmente los programas de beneficio a grupos sociales.<\/p>\n<p>Cabe destacar que el primer mandatario ha ordenado que el dinero que se cobrar\u00e1 por la regularizaci\u00f3n de los \u201cchocolate\u201d &#8211; 2,500 pesos por cada auto- se destinar\u00e1 a programas de reparaci\u00f3n del pavimento en zonas urbanas, es decir a \u201cbacheo\u201d. Ojal\u00e1 se cumpla cabalmente su orden y no se desv\u00eden los recursos, pues como es posible comprobar en casi cualquier ciudad, pr\u00e1cticamente todas las calles tienen enormes hoyancos.<\/p>\n<p><em><a href=\"mailto:riparcangel@hotmail.com\" target=\"_blank\" rel=\"noopener noreferrer\">riparcangel@hotmail.com<\/a><\/em><\/p>\n<p>&nbsp;<\/p>\n","protected":false},"excerpt":{"rendered":"<p><span style=\"color: #005497;\"><strong>Miguel \u00c1ngel Rivera<\/strong><\/span<\/span><\/p>\n","protected":false},"author":3,"featured_media":0,"comment_status":"open","ping_status":"open","sticky":false,"template":"","format":"standard","meta":{"_monsterinsights_skip_tracking":false,"_monsterinsights_sitenote_active":false,"_monsterinsights_sitenote_note":"","_monsterinsights_sitenote_category":0,"footnotes":""},"categories":[84119],"tags":[84120,84121,43674],"class_list":["post-531563","post","type-post","status-publish","format-standard","hentry","category-miguel-angel-rivera","tag-clase-politica","tag-miguel-angel-rivera","tag-opinion"],"_links":{"self":[{"href":"https:\/\/www.diarioimagen.net\/index.php?rest_route=\/wp\/v2\/posts\/531563","targetHints":{"allow":["GET"]}}],"collection":[{"href":"https:\/\/www.diarioimagen.net\/index.php?rest_route=\/wp\/v2\/posts"}],"about":[{"href":"https:\/\/www.diarioimagen.net\/index.php?rest_route=\/wp\/v2\/types\/post"}],"author":[{"embeddable":true,"href":"https:\/\/www.diarioimagen.net\/index.php?rest_route=\/wp\/v2\/users\/3"}],"replies":[{"embeddable":true,"href":"https:\/\/www.diarioimagen.net\/index.php?rest_route=%2Fwp%2Fv2%2Fcomments&post=531563"}],"version-history":[{"count":0,"href":"https:\/\/www.diarioimagen.net\/index.php?rest_route=\/wp\/v2\/posts\/531563\/revisions"}],"wp:attachment":[{"href":"https:\/\/www.diarioimagen.net\/index.php?rest_route=%2Fwp%2Fv2%2Fmedia&parent=531563"}],"wp:term":[{"taxonomy":"category","embeddable":true,"href":"https:\/\/www.diarioimagen.net\/index.php?rest_route=%2Fwp%2Fv2%2Fcategories&post=531563"},{"taxonomy":"post_tag","embeddable":true,"href":"https:\/\/www.diarioimagen.net\/index.php?rest_route=%2Fwp%2Fv2%2Ftags&post=531563"}],"curies":[{"name":"wp","href":"https:\/\/api.w.org\/{rel}","templated":true}]}}