{"id":531623,"date":"2022-01-11T00:01:04","date_gmt":"2022-01-11T06:01:04","guid":{"rendered":"https:\/\/www.diarioimagen.net\/?p=531623"},"modified":"2022-01-11T02:55:47","modified_gmt":"2022-01-11T08:55:47","slug":"pjcdmx-refrenda-compromiso-de-cumplir-con-pago-de-vales-de-fin-de-ano-y-de-antiguedad","status":"publish","type":"post","link":"https:\/\/www.diarioimagen.net\/?p=531623","title":{"rendered":"PJCDMX refrenda compromiso de cumplir con pago de vales de fin de a\u00f1o y de antig\u00fcedad"},"content":{"rendered":"<p>&nbsp;<\/p>\n<p><a href=\"https:\/\/www.diarioimagen.net\/?attachment_id=531663\" rel=\"attachment wp-att-531663\"><img loading=\"lazy\" decoding=\"async\" class=\"aligncenter size-full wp-image-531663\" src=\"https:\/\/www.diarioimagen.net\/wp-content\/uploads\/2022\/01\/tribunal-1.jpg\" alt=\"\" width=\"460\" height=\"270\" \/><\/a><\/p>\n<p>&nbsp;<\/p>\n<p>El Poder Judicial de la Ciudad de M\u00e9xico (PJCDMX) informa que se refrenda el compromiso con los empleados de la instituci\u00f3n de cumplir con el pago de vales de fin de a\u00f1o y de antig\u00fcedad, en un proceso que iniciar\u00e1 el pr\u00f3ximo d\u00eda 13, de acuerdo con la circular 1\/2022, del pasado 7 de enero, suscrita por la Oficial\u00eda Mayor.<\/p>\n<p>Ante los reclamos de algunos trabajadores, el presidente del PJCDMX, magistrado Rafael Guerra \u00c1lvarez, confirm\u00f3 que ser\u00e1n cumplidos todos los compromisos laborales pactados, ya que son derechos adquiridos por la base trabajadora.<\/p>\n","protected":false},"excerpt":{"rendered":"<p>El Poder Judicial de la Ciudad de M\u00e9xico (PJCDMX) informa que se refrenda el compromiso con los empleados de la instituci\u00f3n de cumplir con el pago de vales de fin de a\u00f1o y de antig\u00fcedad, en un proceso que iniciar\u00e1 el pr\u00f3ximo d\u00eda 13, de acuerdo con la circular 1\/2022, del pasado 7 de enero, suscrita por la Oficial\u00eda Mayor.<\/p>\n","protected":false},"author":3,"featured_media":531663,"comment_status":"open","ping_status":"open","sticky":false,"template":"","format":"standard","meta":{"_monsterinsights_skip_tracking":false,"_monsterinsights_sitenote_active":false,"_monsterinsights_sitenote_note":"","_monsterinsights_sitenote_category":0,"footnotes":""},"categories":[6],"tags":[18874,87379,47286],"class_list":["post-531623","post","type-post","status-publish","format-standard","has-post-thumbnail","hentry","category-cd-de-mexico","tag-pago","tag-pjcdmx","tag-refrenda"],"_links":{"self":[{"href":"https:\/\/www.diarioimagen.net\/index.php?rest_route=\/wp\/v2\/posts\/531623","targetHints":{"allow":["GET"]}}],"collection":[{"href":"https:\/\/www.diarioimagen.net\/index.php?rest_route=\/wp\/v2\/posts"}],"about":[{"href":"https:\/\/www.diarioimagen.net\/index.php?rest_route=\/wp\/v2\/types\/post"}],"author":[{"embeddable":true,"href":"https:\/\/www.diarioimagen.net\/index.php?rest_route=\/wp\/v2\/users\/3"}],"replies":[{"embeddable":true,"href":"https:\/\/www.diarioimagen.net\/index.php?rest_route=%2Fwp%2Fv2%2Fcomments&post=531623"}],"version-history":[{"count":0,"href":"https:\/\/www.diarioimagen.net\/index.php?rest_route=\/wp\/v2\/posts\/531623\/revisions"}],"wp:featuredmedia":[{"embeddable":true,"href":"https:\/\/www.diarioimagen.net\/index.php?rest_route=\/wp\/v2\/media\/531663"}],"wp:attachment":[{"href":"https:\/\/www.diarioimagen.net\/index.php?rest_route=%2Fwp%2Fv2%2Fmedia&parent=531623"}],"wp:term":[{"taxonomy":"category","embeddable":true,"href":"https:\/\/www.diarioimagen.net\/index.php?rest_route=%2Fwp%2Fv2%2Fcategories&post=531623"},{"taxonomy":"post_tag","embeddable":true,"href":"https:\/\/www.diarioimagen.net\/index.php?rest_route=%2Fwp%2Fv2%2Ftags&post=531623"}],"curies":[{"name":"wp","href":"https:\/\/api.w.org\/{rel}","templated":true}]}}