{"id":531643,"date":"2022-01-11T00:04:35","date_gmt":"2022-01-11T06:04:35","guid":{"rendered":"https:\/\/www.diarioimagen.net\/?p=531643"},"modified":"2022-01-11T03:06:27","modified_gmt":"2022-01-11T09:06:27","slug":"concluye-inmunizacion-de-adolescentes-de-14-anos-y-rezagados-de-huixquilucan","status":"publish","type":"post","link":"https:\/\/www.diarioimagen.net\/?p=531643","title":{"rendered":"Concluye inmunizaci\u00f3n de adolescentes de 14 a\u00f1os y rezagados de Huixquilucan"},"content":{"rendered":"<p>&nbsp;<\/p>\n<ul>\n<li><strong><em>Aplicaron tambi\u00e9n segundas dosis a j\u00f3venes de 15 a 17<\/em><\/strong><\/li>\n<\/ul>\n<p>&nbsp;<\/p>\n<div id=\"attachment_531692\" style=\"width: 470px\" class=\"wp-caption aligncenter\"><a href=\"https:\/\/www.diarioimagen.net\/?attachment_id=531692\" rel=\"attachment wp-att-531692\"><img loading=\"lazy\" decoding=\"async\" aria-describedby=\"caption-attachment-531692\" class=\"size-full wp-image-531692\" src=\"https:\/\/www.diarioimagen.net\/wp-content\/uploads\/2022\/01\/huixquilucan-6.jpg\" alt=\"\" width=\"460\" height=\"270\" \/><\/a><p id=\"caption-attachment-531692\" class=\"wp-caption-text\">La presidenta municipal Romina Contreras destac\u00f3 el gran compromiso que han mostrado las y los huixquiluquenses para iniciar o completar su esquema de vacunaci\u00f3n.<\/p><\/div>\n<p>&nbsp;<\/p>\n<p><strong>Huixquilucan, Estado de M\u00e9xico.\u2014<\/strong>\u00a0 Con una gran asistencia de personas, este domingo concluy\u00f3 la catorceava jornada de vacunaci\u00f3n en Huixquilucan, donde se aplic\u00f3 la primera dosis contra la Covid-19 a los adolescentes de 14 a\u00f1os que este a\u00f1o cumplen 15, adem\u00e1s de que se suministraron las segundas dosis a j\u00f3venes de 15 a 17 a\u00f1os y de 12 a 17 con comorbilidades, al tiempo en que se atendi\u00f3 a las personas que, por alguna raz\u00f3n, no pudieron iniciar o completar su esquema a tiempo.<\/p>\n<p>Al supervisar, por segundo d\u00eda, la operaci\u00f3n de la sede instalada en el Complejo Rosa M\u00edstica, la presidenta municipal, Romina Contreras Carrasco, destac\u00f3 el gran compromiso que han mostrado las y los huixquiluquenses para iniciar o completar su esquema de vacunaci\u00f3n, con lo que este municipio sigue avanzando para hacerle frente a la pandemia y reducir el riesgo de contagios graves.<\/p>\n<p>Mencion\u00f3 que la enorme respuesta que mostraron los ciudadanos para acudir a vacunarse a lo largo de estos dos d\u00edas, permite a Huixquilucan avanzar hacia un municipio sano, en donde los tres niveles de gobierno y su poblaci\u00f3n son corresponsables para tratar de erradicar esta enfermedad causada por el virus SARS-Cov2.<\/p>\n<p>Romina Contreras resalt\u00f3 que, desde el primer d\u00eda de la pandemia, Huixquilucan ha trabajado permanentemente para disminuir el riesgo de contagio entre la poblaci\u00f3n, lo que se muestra con el respaldo que el gobierno municipal ha brindado para celebrar 14 jornadas de vacunaci\u00f3n en el \u00faltimo a\u00f1o, con lo que se ha logrado la inmunizaci\u00f3n completa del cien por ciento de su poblaci\u00f3n de\u00a0 a\u00f1os en adelante.<\/p>\n<p>Adem\u00e1s, los adultos mayores de 60 a\u00f1os o m\u00e1s recibieron este fin de semana su vacuna de refuerzo, mientras que los adolescentes de 14 a\u00f1os que nacieron en 2007 ya recibieron su primera dosis.<\/p>\n<p>La presidenta municipal exhort\u00f3 a la poblaci\u00f3n en general de Huixquilucan a no bajar la guardia, a pesar de ya estar vacunada, pues el riesgo de contagio de covid-19 se mantiene, por lo que pidi\u00f3 seguir respetando la sana distancia, usar correctamente el cubrebocas, privilegiar el lavado constante de manos y evitar aglomeraciones.<\/p>\n<p>Durante este fin de semana, se aplicaron m\u00e1s de 12 mil 900 dosis contra la covid-19, incluyendo las que se aplicaron ayer a los j\u00f3venes de 15 a 17 a\u00f1os de edad en las tres sedes: Universidad An\u00e1huac, Rosa M\u00edstica y Ciudad Salud.<\/p>\n","protected":false},"excerpt":{"rendered":"<p>Con una gran asistencia de personas, este domingo concluy\u00f3 la catorceava jornada de vacunaci\u00f3n en Huixquilucan, donde se aplic\u00f3 la primera dosis contra la Covid-19 a los adolescentes de 14 a\u00f1os que este a\u00f1o cumplen 15, adem\u00e1s de que se suministraron las segundas dosis a j\u00f3venes de 15 a 17 a\u00f1os y de 12 a 17 con comorbilidades, al tiempo en que se atendi\u00f3 a las personas que, por alguna raz\u00f3n, no pudieron iniciar o completar su esquema a tiempo.<\/p>\n","protected":false},"author":3,"featured_media":531692,"comment_status":"open","ping_status":"open","sticky":false,"template":"","format":"standard","meta":{"_monsterinsights_skip_tracking":false,"_monsterinsights_sitenote_active":false,"_monsterinsights_sitenote_note":"","_monsterinsights_sitenote_category":0,"footnotes":""},"categories":[5],"tags":[43675,1097,92043,93954],"class_list":["post-531643","post","type-post","status-publish","format-standard","has-post-thumbnail","hentry","category-estado-de-mexico","tag-estado-de-mexico","tag-huixquilucan","tag-inmunizacion","tag-rezagados"],"_links":{"self":[{"href":"https:\/\/www.diarioimagen.net\/index.php?rest_route=\/wp\/v2\/posts\/531643","targetHints":{"allow":["GET"]}}],"collection":[{"href":"https:\/\/www.diarioimagen.net\/index.php?rest_route=\/wp\/v2\/posts"}],"about":[{"href":"https:\/\/www.diarioimagen.net\/index.php?rest_route=\/wp\/v2\/types\/post"}],"author":[{"embeddable":true,"href":"https:\/\/www.diarioimagen.net\/index.php?rest_route=\/wp\/v2\/users\/3"}],"replies":[{"embeddable":true,"href":"https:\/\/www.diarioimagen.net\/index.php?rest_route=%2Fwp%2Fv2%2Fcomments&post=531643"}],"version-history":[{"count":0,"href":"https:\/\/www.diarioimagen.net\/index.php?rest_route=\/wp\/v2\/posts\/531643\/revisions"}],"wp:featuredmedia":[{"embeddable":true,"href":"https:\/\/www.diarioimagen.net\/index.php?rest_route=\/wp\/v2\/media\/531692"}],"wp:attachment":[{"href":"https:\/\/www.diarioimagen.net\/index.php?rest_route=%2Fwp%2Fv2%2Fmedia&parent=531643"}],"wp:term":[{"taxonomy":"category","embeddable":true,"href":"https:\/\/www.diarioimagen.net\/index.php?rest_route=%2Fwp%2Fv2%2Fcategories&post=531643"},{"taxonomy":"post_tag","embeddable":true,"href":"https:\/\/www.diarioimagen.net\/index.php?rest_route=%2Fwp%2Fv2%2Ftags&post=531643"}],"curies":[{"name":"wp","href":"https:\/\/api.w.org\/{rel}","templated":true}]}}