{"id":531644,"date":"2022-01-11T00:03:02","date_gmt":"2022-01-11T06:03:02","guid":{"rendered":"https:\/\/www.diarioimagen.net\/?p=531644"},"modified":"2022-01-11T03:07:05","modified_gmt":"2022-01-11T09:07:05","slug":"mas-de-30-mil-atizapenses-de-15-a-17-anos-concluyeron-esquema-de-vacunacion-anti-covid","status":"publish","type":"post","link":"https:\/\/www.diarioimagen.net\/?p=531644","title":{"rendered":"M\u00e1s de 30 mil atizapenses de 15 a 17 a\u00f1os concluyeron esquema de vacunaci\u00f3n anti-Covid"},"content":{"rendered":"<p>&nbsp;<\/p>\n<ul>\n<li><strong><em>Destaca alcalde participaci\u00f3n de ciudadanos<\/em><\/strong><\/li>\n<\/ul>\n<p>&nbsp;<\/p>\n<div id=\"attachment_531694\" style=\"width: 470px\" class=\"wp-caption aligncenter\"><a href=\"https:\/\/www.diarioimagen.net\/?attachment_id=531694\" rel=\"attachment wp-att-531694\"><img loading=\"lazy\" decoding=\"async\" aria-describedby=\"caption-attachment-531694\" class=\"size-full wp-image-531694\" src=\"https:\/\/www.diarioimagen.net\/wp-content\/uploads\/2022\/01\/atizapan-3.jpg\" alt=\"\" width=\"460\" height=\"270\" \/><\/a><p id=\"caption-attachment-531694\" class=\"wp-caption-text\">Durante tres d\u00edas de la aplicaci\u00f3n de la vacuna contra Covid-19, se inocul\u00f3 a un total de 31 mil j\u00f3venes de 15 a 17 a\u00f1os que acudieron a las sedes ubicadas en Atizap\u00e1n.<\/p><\/div>\n<p>&nbsp;<\/p>\n<p><strong>Atizap\u00e1n, Estado de M\u00e9xico.\u2014<\/strong> En Atizap\u00e1n de Zaragoza, durante los tres d\u00edas de la aplicaci\u00f3n de la vacuna contra Cocid-19, se inocul\u00f3 a un total de 31 mil j\u00f3venes de 15 a 17 a\u00f1os que acudieron en compa\u00f1\u00eda de sus padres a las sedes ubicadas en la demarcaci\u00f3n.<\/p>\n<p>En el \u00faltimo d\u00eda, el presidente municipal de Atizap\u00e1n de Zaragoza, Pedro Rodr\u00edguez Villegas, realiz\u00f3 un recorrido por los puntos de vacunaci\u00f3n y destac\u00f3 la participaci\u00f3n de toda la ciudadan\u00eda para reducir los riesgos de contagio.<\/p>\n<p>\u201cHoy todos tenemos que poner de nuestra parte para contener esta pandemia y ustedes j\u00f3venes, por la edad que tienen, deben ser muy responsables de lo que se est\u00e1 viviendo en nuestro M\u00e9xico y a nivel mundial. Ustedes son una parte fundamental en la contenci\u00f3n de contagios\u201d, expres\u00f3.<\/p>\n<p>En la Unidad Deportiva Ana Gabriela Guevara, en el Teatro Zaragoza, y las instalaciones de DIF Central en Lomas de Atizap\u00e1n, la jornada progres\u00f3 en completo orden y con estricto apego a las medidas sanitarias. Al arribar a las distintas sedes, los j\u00f3venes recibieron gel sanitizante, fueron desinfectados con una soluci\u00f3n l\u00edquida para eliminar virus de ropa y calzado, y conservaron la sana distancia.<\/p>\n","protected":false},"excerpt":{"rendered":"<p>En Atizap\u00e1n de Zaragoza, durante los tres d\u00edas de la aplicaci\u00f3n de la vacuna contra Cocid-19, se inocul\u00f3 a un total de 31 mil j\u00f3venes de 15 a 17 a\u00f1os que acudieron en compa\u00f1\u00eda de sus padres a las sedes ubicadas en la demarcaci\u00f3n.<\/p>\n","protected":false},"author":3,"featured_media":531694,"comment_status":"open","ping_status":"open","sticky":false,"template":"","format":"standard","meta":{"_monsterinsights_skip_tracking":false,"_monsterinsights_sitenote_active":false,"_monsterinsights_sitenote_note":"","_monsterinsights_sitenote_category":0,"footnotes":""},"categories":[5],"tags":[91936,969,43675,2643],"class_list":["post-531644","post","type-post","status-publish","format-standard","has-post-thumbnail","hentry","category-estado-de-mexico","tag-anti-covid","tag-atizapan","tag-estado-de-mexico","tag-vacunacion"],"_links":{"self":[{"href":"https:\/\/www.diarioimagen.net\/index.php?rest_route=\/wp\/v2\/posts\/531644","targetHints":{"allow":["GET"]}}],"collection":[{"href":"https:\/\/www.diarioimagen.net\/index.php?rest_route=\/wp\/v2\/posts"}],"about":[{"href":"https:\/\/www.diarioimagen.net\/index.php?rest_route=\/wp\/v2\/types\/post"}],"author":[{"embeddable":true,"href":"https:\/\/www.diarioimagen.net\/index.php?rest_route=\/wp\/v2\/users\/3"}],"replies":[{"embeddable":true,"href":"https:\/\/www.diarioimagen.net\/index.php?rest_route=%2Fwp%2Fv2%2Fcomments&post=531644"}],"version-history":[{"count":0,"href":"https:\/\/www.diarioimagen.net\/index.php?rest_route=\/wp\/v2\/posts\/531644\/revisions"}],"wp:featuredmedia":[{"embeddable":true,"href":"https:\/\/www.diarioimagen.net\/index.php?rest_route=\/wp\/v2\/media\/531694"}],"wp:attachment":[{"href":"https:\/\/www.diarioimagen.net\/index.php?rest_route=%2Fwp%2Fv2%2Fmedia&parent=531644"}],"wp:term":[{"taxonomy":"category","embeddable":true,"href":"https:\/\/www.diarioimagen.net\/index.php?rest_route=%2Fwp%2Fv2%2Fcategories&post=531644"},{"taxonomy":"post_tag","embeddable":true,"href":"https:\/\/www.diarioimagen.net\/index.php?rest_route=%2Fwp%2Fv2%2Ftags&post=531644"}],"curies":[{"name":"wp","href":"https:\/\/api.w.org\/{rel}","templated":true}]}}