{"id":531648,"date":"2022-01-11T00:01:26","date_gmt":"2022-01-11T06:01:26","guid":{"rendered":"https:\/\/www.diarioimagen.net\/?p=531648"},"modified":"2022-01-11T03:08:23","modified_gmt":"2022-01-11T09:08:23","slug":"cuautitlan-izcalli-retoma-jornada-de-vacunacion-para-jovenes-de-15-a-17-anos","status":"publish","type":"post","link":"https:\/\/www.diarioimagen.net\/?p=531648","title":{"rendered":"Cuautitl\u00e1n Izcalli retoma jornada de vacunaci\u00f3n para j\u00f3venes de 15 a 17 a\u00f1os"},"content":{"rendered":"<p>&nbsp;<\/p>\n<p><a href=\"https:\/\/www.diarioimagen.net\/?attachment_id=531702\" rel=\"attachment wp-att-531702\"><img loading=\"lazy\" decoding=\"async\" class=\"aligncenter size-full wp-image-531702\" src=\"https:\/\/www.diarioimagen.net\/wp-content\/uploads\/2022\/01\/izcalli-5.jpg\" alt=\"\" width=\"460\" height=\"460\" \/><\/a><\/p>\n<p>&nbsp;<\/p>\n<p><strong>Cuautitl\u00e1n Izcalli, Estado de M\u00e9xico.\u2014<\/strong> En coordinaci\u00f3n con autoridades del gobierno de M\u00e9xico y del Estado de M\u00e9xico, a partir del 10 y hasta el 13 de enero se implementar\u00e1 la jornada de aplicaci\u00f3n de vacunas contra Covid-19 en el municipio de Cuautitl\u00e1n Izcalli.<\/p>\n<p>En esta ocasi\u00f3n, se aplicar\u00e1 la segunda dosis a aquellas personas de entre 15 y 17 a\u00f1os o que vayan a cumplir 15 a\u00f1os en 2022. De igual forma se proporcionar\u00e1 la primera y segunda dosis a los rezagados mayores de 18 a\u00f1os; y la segunda dosis a menores de 12 a 17 a\u00f1os con alguna comorbilidad.<\/p>\n","protected":false},"excerpt":{"rendered":"<p>En coordinaci\u00f3n con autoridades del gobierno de M\u00e9xico y del Estado de M\u00e9xico, a partir del 10 y hasta el 13 de enero se implementar\u00e1 la jornada de aplicaci\u00f3n de vacunas contra Covid-19 en el municipio de Cuautitl\u00e1n Izcalli.<\/p>\n","protected":false},"author":3,"featured_media":531702,"comment_status":"open","ping_status":"open","sticky":false,"template":"","format":"standard","meta":{"_monsterinsights_skip_tracking":false,"_monsterinsights_sitenote_active":false,"_monsterinsights_sitenote_note":"","_monsterinsights_sitenote_category":0,"footnotes":""},"categories":[5],"tags":[971,43675,2643],"class_list":["post-531648","post","type-post","status-publish","format-standard","has-post-thumbnail","hentry","category-estado-de-mexico","tag-cuautitlan-izcalli","tag-estado-de-mexico","tag-vacunacion"],"_links":{"self":[{"href":"https:\/\/www.diarioimagen.net\/index.php?rest_route=\/wp\/v2\/posts\/531648","targetHints":{"allow":["GET"]}}],"collection":[{"href":"https:\/\/www.diarioimagen.net\/index.php?rest_route=\/wp\/v2\/posts"}],"about":[{"href":"https:\/\/www.diarioimagen.net\/index.php?rest_route=\/wp\/v2\/types\/post"}],"author":[{"embeddable":true,"href":"https:\/\/www.diarioimagen.net\/index.php?rest_route=\/wp\/v2\/users\/3"}],"replies":[{"embeddable":true,"href":"https:\/\/www.diarioimagen.net\/index.php?rest_route=%2Fwp%2Fv2%2Fcomments&post=531648"}],"version-history":[{"count":0,"href":"https:\/\/www.diarioimagen.net\/index.php?rest_route=\/wp\/v2\/posts\/531648\/revisions"}],"wp:featuredmedia":[{"embeddable":true,"href":"https:\/\/www.diarioimagen.net\/index.php?rest_route=\/wp\/v2\/media\/531702"}],"wp:attachment":[{"href":"https:\/\/www.diarioimagen.net\/index.php?rest_route=%2Fwp%2Fv2%2Fmedia&parent=531648"}],"wp:term":[{"taxonomy":"category","embeddable":true,"href":"https:\/\/www.diarioimagen.net\/index.php?rest_route=%2Fwp%2Fv2%2Fcategories&post=531648"},{"taxonomy":"post_tag","embeddable":true,"href":"https:\/\/www.diarioimagen.net\/index.php?rest_route=%2Fwp%2Fv2%2Ftags&post=531648"}],"curies":[{"name":"wp","href":"https:\/\/api.w.org\/{rel}","templated":true}]}}