{"id":531664,"date":"2022-01-11T00:01:51","date_gmt":"2022-01-11T06:01:51","guid":{"rendered":"https:\/\/www.diarioimagen.net\/?p=531664"},"modified":"2022-01-11T02:58:36","modified_gmt":"2022-01-11T08:58:36","slug":"dos-vecinos-divididos-y-enfrentados","status":"publish","type":"post","link":"https:\/\/www.diarioimagen.net\/?p=531664","title":{"rendered":"Dos vecinos divididos y enfrentados"},"content":{"rendered":"<h2>De pe a pa<\/h2>\n<h5>Alberto Vieyra G.<\/h5>\n<p>&nbsp;<\/p>\n<p>En abril de 1861, y tras de que Abraham Lincoln arribar\u00e1 a la presidencia de los Estados Unidos, estallar\u00eda la llamada guerra de secesi\u00f3n o guerra civil que ten\u00eda como fin primordial abolir la esclavitud en los Estados Unidos.<\/p>\n<p>El conflicto armado entre los estados del norte y del sur terminar\u00eda hasta 1865, dejando una estela macabra de m\u00e1s de 750 mil muertos, entre poblaci\u00f3n civil y militares. Esa guerra marcar\u00eda un antes y un despu\u00e9s, pero sobre todo exhib\u00eda a una naci\u00f3n norteamericana dividida y enfrentada y por desgracia, la historia parece estar a punto de repetirse.<\/p>\n<p>Benito Ju\u00e1rez hab\u00eda nombrado a Melchor Ocampo como embajador de M\u00e9xico en Estados Unidos, pero tan ocupado estaba Abraham Lincoln en la guerra norte-sur, que ni siquiera se dign\u00f3 en recibir las cartas-credenciales y solamente a trav\u00e9s de sus <em>gatones<\/em> le mando saludos al Benem\u00e9rito de las Am\u00e9ricas, dese\u00e1ndole \u00e9xito en su guerra contra los franceses.<\/p>\n<p>\u00bfPor qu\u00e9 hago historia? Mire usted.<\/p>\n<p>El lun\u00e1tico <em>pelos de elote<\/em>, Donald Trump dejo una naci\u00f3n terriblemente dividida y enfrentada, a tal grado que previo a cumplirse un a\u00f1o del asalto al capitolio, en el que participaron fundamentalistas blancos, incluyendo un pu\u00f1ado de militares ya retirados, un grupo de ex generales norteamericanos alertaron que el pa\u00eds de las barras y las estrellas estar\u00eda al borde de otra guerra civil, alertando que si para las elecciones presidenciales de 2024 es burlada la voluntad popular, como asegura Donald Trump que ocurri\u00f3 en las presidenciales de 2020, irremediablemente estallar\u00e1 el cohete con un ej\u00e9rcito dividido y enfrentado.<\/p>\n<p>Los generales Paul Eaton, Antonio Taguba y Steven Anderson declararon hace una semana a <em>The Washington Post<\/em> que el conflicto post electoral en Estados Unidos sigue latente y a\u00f1adieron: \u201cTememos que si 2024 es una elecci\u00f3n disputada, que divida las lealtades, existe la posibilidad de una ruptura total de la cadena de mando a lo largo de l\u00edneas partidistas\u201d. \u201cBajo tal escenario, no es descabellado decir que un colapso militar podr\u00eda conducir a una guerra civil\u201d.<\/p>\n<p>Por lo que se ve, la \u2018herencia maldita\u2019 de Donald Trump es haber dejado un pa\u00eds radicalmente enfrentado y dividido, pues atiz\u00f3 los conflictos raciales y como todos los tiranos retomar\u00eda la ponzo\u00f1a de Adolfo Hitler, quien sosten\u00eda la tesis de que la raza aria, o sea \u201cla raza blanca es la m\u00e1s pura del mundo\u201d, lo cual usted y yo sabemos que es una colosal mentira, pero esa asquerosa mentira har\u00eda que los blancos odien a los extranjeros que no son de ese color y que qui\u00e9rase o no, llegaron a Estados Unidos para hacer los trabajos que no quieren hacer los blancos.<\/p>\n<p>\u00bfQu\u00e9 nos dice semejante realidad divisionista en Estados Unidos? Bueno, pues que en M\u00e9xico no cantamos malas rancheras en eso del divisionismo y la infame t\u00f3nica de estar como perros y gatos y todo porque a un tirano populista llamado Andr\u00e9s Manuel L\u00f3pez Obrador se le ocurri\u00f3 que las maquiav\u00e9licas tesis de \u201cdivide y vencer\u00e1s\u201d, le han dado magn\u00edficos resultados para obtener el poder mediante mentiras, casi 70 mil, la simulaci\u00f3n pol\u00edtica y sus permanentes reyertas contra empresarios, periodistas, medios de comunicaci\u00f3n, mujeres, intelectuales, artistas y hasta con los ni\u00f1os y los pap\u00e1s de estos que reclaman medicamentos contra el c\u00e1ncer y para otros padecimientos, etc\u00e9tera, etc\u00e9tera.<\/p>\n<p>Las elecciones presidenciales de 2024 en M\u00e9xico prometen todav\u00eda profundizar m\u00e1s en ese divisionismo y encono. El factor AMLO est\u00e1 ya en su cuenta regresiva, pero su maquiavelismo lo har\u00e1 sentir para seguir siendo el poder tras el trono y la radicalizaci\u00f3n de mexicanos que vomitan a una clase pol\u00edtica chindinguas que milita en Morena y que ha decepcionado a propios y extra\u00f1os en el poder, har\u00e1 que salgan chispas, rayos y centellas en 2024.<\/p>\n<p><a href=\"mailto:info@agenciamn.com\" target=\"_blank\" rel=\"noopener noreferrer\"><em>info@agenciamn.com<\/em><\/a><\/p>\n","protected":false},"excerpt":{"rendered":"<p><span style=\"color: #005497;\"><strong>Alberto Vieyra G.<\/strong><\/span><\/p>\n","protected":false},"author":3,"featured_media":0,"comment_status":"open","ping_status":"open","sticky":false,"template":"","format":"standard","meta":{"_monsterinsights_skip_tracking":false,"_monsterinsights_sitenote_active":false,"_monsterinsights_sitenote_note":"","_monsterinsights_sitenote_category":0,"footnotes":""},"categories":[4596],"tags":[43697,4597,43674],"class_list":["post-531664","post","type-post","status-publish","format-standard","hentry","category-alberto-vieyra-g","tag-alberto-vieyra-g","tag-de-pe-a-pa","tag-opinion"],"_links":{"self":[{"href":"https:\/\/www.diarioimagen.net\/index.php?rest_route=\/wp\/v2\/posts\/531664","targetHints":{"allow":["GET"]}}],"collection":[{"href":"https:\/\/www.diarioimagen.net\/index.php?rest_route=\/wp\/v2\/posts"}],"about":[{"href":"https:\/\/www.diarioimagen.net\/index.php?rest_route=\/wp\/v2\/types\/post"}],"author":[{"embeddable":true,"href":"https:\/\/www.diarioimagen.net\/index.php?rest_route=\/wp\/v2\/users\/3"}],"replies":[{"embeddable":true,"href":"https:\/\/www.diarioimagen.net\/index.php?rest_route=%2Fwp%2Fv2%2Fcomments&post=531664"}],"version-history":[{"count":0,"href":"https:\/\/www.diarioimagen.net\/index.php?rest_route=\/wp\/v2\/posts\/531664\/revisions"}],"wp:attachment":[{"href":"https:\/\/www.diarioimagen.net\/index.php?rest_route=%2Fwp%2Fv2%2Fmedia&parent=531664"}],"wp:term":[{"taxonomy":"category","embeddable":true,"href":"https:\/\/www.diarioimagen.net\/index.php?rest_route=%2Fwp%2Fv2%2Fcategories&post=531664"},{"taxonomy":"post_tag","embeddable":true,"href":"https:\/\/www.diarioimagen.net\/index.php?rest_route=%2Fwp%2Fv2%2Ftags&post=531664"}],"curies":[{"name":"wp","href":"https:\/\/api.w.org\/{rel}","templated":true}]}}