{"id":531666,"date":"2022-01-11T00:02:13","date_gmt":"2022-01-11T06:02:13","guid":{"rendered":"https:\/\/www.diarioimagen.net\/?p=531666"},"modified":"2022-01-11T02:57:27","modified_gmt":"2022-01-11T08:57:27","slug":"subestima-el-presidente-amlo-la-covid-19-y-otra-vez-se-contagia","status":"publish","type":"post","link":"https:\/\/www.diarioimagen.net\/?p=531666","title":{"rendered":"Subestima el presidente AMLO la Covid-19 y otra vez se contagia"},"content":{"rendered":"<h2>La Retaguardia<\/h2>\n<h5>Adriana Moreno Cordero<\/h5>\n<p>&nbsp;<\/p>\n<ul>\n<li><strong><em>La ruptura entre Andr\u00e9s Manuel L\u00f3pez Obrador y Ricardo Monreal<\/em><\/strong><\/li>\n<\/ul>\n<p>&nbsp;<\/p>\n<p>Pues nada, que contra su pron\u00f3stico en ese af\u00e1n de subestimar la cuarta ola de Covid-19, la tarde-noche de ayer, el presidente <strong>Andr\u00e9s Manuel L\u00f3pez Obrador<\/strong> se vio en la imperiosa necesidad de confirmar que result\u00f3 contagiado por segunda vez de coronavirus, por lo que se aislar\u00e1 durante la presente semana.<\/p>\n<p>El punto es que el Presidente sostuvo una reuni\u00f3n con la secretaria de Econom\u00eda, <strong>Tatiana Clouthier<\/strong>, quien el fin de semana inform\u00f3 estar contagiada, cuesti\u00f3n que el Presidente subestim\u00f3; antes, se supone que el subsecretario de Promoci\u00f3n y Prevenci\u00f3n de la Salud, <strong>Hugo L\u00f3pez-Gatell<\/strong>, solo ten\u00eda una \u201cgripita\u201d por lo que el secretario de Salud, <strong>Jorge Alcocer<\/strong> (el de los tecitos y el vick vaporub), lo tuvo que sustituir. El problema es que otro de los afectados podr\u00eda ser el embajador de Estados Unidos en M\u00e9xico, <strong>Ken Salazar<\/strong>, que el fin de semana estuvo por los rumbos de Palacio Nacional.<\/p>\n<p>No s\u00f3lo por las ex benditas redes sociales, corri\u00f3 el rumor, adem\u00e1s, de que la renegada no primera dama, <strong>Beatriz Guti\u00e9rrez<\/strong>, estaba contagiada tambi\u00e9n de Covid, cuesti\u00f3n que al final no se confirm\u00f3.<\/p>\n<p>Pero la evidente irresponsabilidad del de Tepetit\u00e1n fue mucho m\u00e1s all\u00e1 y aunque ahora no sac\u00f3 sus estampitas de protecci\u00f3n y del detente, que ya una vez le fallaron, cuando contrajo coronavirus por primera vez, s\u00ed se present\u00f3 a su gustad\u00edsimo \u201cstand up\u201d ma\u00f1anero por espacio de dos horas, sin cubrebocas y diciendo que s\u00f3lo ten\u00eda gripa, que al final result\u00f3 un \u201ccovidcito\u201d, como dice \u00e9l mismo.<\/p>\n<p>Todos los especialistas coinciden en que la Covid-19 es sumamente transmisible, por lo que la pregunta es: \u00bfa cu\u00e1ntas personas m\u00e1s va a infectar o ya infect\u00f3 el Presidente?<\/p>\n<p>La realidad se les estrella en la cara nuevamente a los siempre eficientes funcionarios de esta llamada y errada Cuarta Transformaci\u00f3n encabezados a L\u00f3pez Obrador y a su funcionaria consentida, la jefa de Gobierno de la Ciudad de M\u00e9xico, <strong>Claudia Sheinbaum<\/strong>, que se ha convertido en su marioneta en este perverso c\u00edrculo vicioso de lo que hace la mano, hace la tras.<\/p>\n<p>Ambos, se han dado ahora a la tarea de subestimar la realizaci\u00f3n de pruebas de Covid para evitar de esta manera que las cifras de contagios se incrementen, en un burdo maquillaje. Pero no conseguir\u00e1n mucho, pues los especialistas se encargan de recopilarlas y en las m\u00e1s recientes, se reportan\u00a0 m\u00e1s de 300 mil fallecidos por cifras oficiales, 600 mil en t\u00e9rminos reales.<\/p>\n<p>La \u201cperla\u201d que sacaron en Palacio Nacional, fue un rid\u00edculo \u2013si de alguna manera puede llam\u00e1rsele-, dec\u00e1logo de la autor\u00eda del vocero presidencial, <strong>Jes\u00fas Ram\u00edrez Cuevas<\/strong>, que m\u00e1s bien parecen citas de la Biblia al llamar a la espiritualidad y a buscar una utop\u00eda para tener una vida plena y ojo, prevenir la Covid-19<\/p>\n<p>As\u00ed que hoy, finalmente, tendremos el gusto de ver en el \u201cstand-up\u201d ma\u00f1anero ni m\u00e1s ni menos que al secretario de Gobernaci\u00f3n, <strong>Ad\u00e1n Augusto L\u00f3pez<\/strong>, con la representaci\u00f3n del Ejecutivo, as\u00ed que se espera una ma\u00f1anera de profunda somnolencia, si acaso, el responsable de la pol\u00edtica interna del pa\u00eds, hablar\u00e1 sobre la reuni\u00f3n que sostuvo ayer con el diputado <strong>Santiago Creel<\/strong>.<\/p>\n<p style=\"text-align: center;\"><strong>Municiones<\/strong><\/p>\n<p>*** La ruptura. En medio de toda la irresponsabilidad con la que esta errada y llamada Cuarta Transformaci\u00f3n maneja esta cuarta ola de Covid-19, ayer fue un d\u00eda especial para el presidente de la Junta de Coordinaci\u00f3n Pol\u00edtica del Senado de la Rep\u00fablica, Ricardo Monreal, porque desde Palacio Nacional, el presidente L\u00f3pez Obrador rompi\u00f3 definitivamente con quien lo acompa\u00f1\u00f3 por espacio de 15 a\u00f1os en su camino a la Presidencia de la Rep\u00fablica, lo que habla de que el agradecimiento, no es una de la cualidades del tabasque\u00f1o, que mostr\u00f3 sorpresa, \u201cme he quedado anonadado del despliegue para entrevistar a Monreal\u201d, dijo\u00a0 y reiter\u00f3 que \u00e9l y los llamados duros de Morena, desde luego que son radicales. Diversos especialistas coinciden en que lo m\u00e1s probable, es que el senador Monreal est\u00e9 preparando el terreno para su inminente salida del partido oficial. No hay que olvidar que ya en una ocasi\u00f3n, hubo alguna aspereza entre L\u00f3pez Obrador y Monreal\u00a0 cuando el primero impuso a Sheinbaum Pardo par la jefatura del Gobierno de la Ciudad de M\u00e9xico; entonces, el ex gobernador zacatecano se disciplin\u00f3, pero tres a\u00f1os despu\u00e9s, parece que esta fue \u201cla gota que derram\u00f3 el vaso\u201d. Es m\u00e1s, se sabe que desde hace alg\u00fan tiempo, el propio Presidente mueve los hilos desde Palacio Nacional, de un movimiento en contra del senador Monreal para que lo m\u00e1s pronto posible, sea destituido de la coordinaci\u00f3n de la bancada de Morena en la C\u00e1mara alta. Hay versiones que apuntan, adem\u00e1s, a que el ex delegado en la Cuauht\u00e9moc podr\u00eda pasar a formar parte del grupo de legisladores que organizaron lo que pretend\u00eda ser una nueva fracci\u00f3n parlamentaria en el Senado, Plural, de la que forman parte <strong>Gustavo Enrique Madero<\/strong> y <strong>Germ\u00e1n Mart\u00ednez C\u00e1zares<\/strong>. \u00bfSer\u00e1?<\/p>\n<p>*** La comunidad de estudiantes, acad\u00e9micos y padres de familia de la Universidad de las Am\u00e9ricas Puebla, solicit\u00f3 a la Suprema Corte de Justicia de la Naci\u00f3n atraer el caso de lo que consideran un secuestro de sus instalaciones; pues, con la presencia de los cuerpos policiacos en su campus de Cholula, se est\u00e1n violando los derechos fundamentales de sus m\u00e1s de 10 mil alumnos, quienes no tienen acceso a la educaci\u00f3n, adem\u00e1s de los de su plantilla de trabajadores, al vulnerar su medio de sustento. A todo esto, aseguraron en una carta dirigida al ministro presidente, <strong>Arturo Zald\u00edvar<\/strong>, habr\u00e1 que agregar que\u00a0 los municipios aleda\u00f1os al campus de la UDLAP ya empiezan a resentir tambi\u00e9n el golpe econ\u00f3mico y comercial que significa el que los estudiantes no hayan regresado a\u00fan a sus actividades.<\/p>\n<p>*** \u00bfY ahora con qu\u00e9 va a salir el flamante director del IMSS, <strong>Zo\u00e9 Robledo<\/strong>?, por lo pronto, no asom\u00f3 ni la cabeza por las largu\u00edsimas filas, principalmente en el Hospital de La Raza de dicho Instituto, por la situaci\u00f3n de que no hay consultas externas desde el mes de octubre del a\u00f1o pasado. Personal del IMSS les prometi\u00f3 que en enero los derechohabientes podr\u00edan sacar ficha y resulta que nada, pese a que desde las cuatro de la ma\u00f1ana se empezaron a formar las filas para 200 fichas para turno matutino y 200 para el vespertino. Hay quienes buscan ser atendidos por la Covid, pero otros, intentan sacar cita para una consulta para revisarse de otros males.<\/p>\n<p><u><a href=\"mailto:morcora@gmail.com\" target=\"_blank\" rel=\"noopener noreferrer\"><em>morcora@gmail.com<\/em><\/a><\/u><\/p>\n","protected":false},"excerpt":{"rendered":"<p><span style=\"color: #005497;\"><strong>Adriana Moreno Cordero<\/strong><\/span><\/p>\n","protected":false},"author":3,"featured_media":0,"comment_status":"open","ping_status":"open","sticky":false,"template":"","format":"standard","meta":{"_monsterinsights_skip_tracking":false,"_monsterinsights_sitenote_active":false,"_monsterinsights_sitenote_note":"","_monsterinsights_sitenote_category":0,"footnotes":""},"categories":[69370],"tags":[69369,69368,43674],"class_list":["post-531666","post","type-post","status-publish","format-standard","hentry","category-adriana-moreno-cordero","tag-adriana-moreno-cordero","tag-la-retaguardia","tag-opinion"],"_links":{"self":[{"href":"https:\/\/www.diarioimagen.net\/index.php?rest_route=\/wp\/v2\/posts\/531666","targetHints":{"allow":["GET"]}}],"collection":[{"href":"https:\/\/www.diarioimagen.net\/index.php?rest_route=\/wp\/v2\/posts"}],"about":[{"href":"https:\/\/www.diarioimagen.net\/index.php?rest_route=\/wp\/v2\/types\/post"}],"author":[{"embeddable":true,"href":"https:\/\/www.diarioimagen.net\/index.php?rest_route=\/wp\/v2\/users\/3"}],"replies":[{"embeddable":true,"href":"https:\/\/www.diarioimagen.net\/index.php?rest_route=%2Fwp%2Fv2%2Fcomments&post=531666"}],"version-history":[{"count":0,"href":"https:\/\/www.diarioimagen.net\/index.php?rest_route=\/wp\/v2\/posts\/531666\/revisions"}],"wp:attachment":[{"href":"https:\/\/www.diarioimagen.net\/index.php?rest_route=%2Fwp%2Fv2%2Fmedia&parent=531666"}],"wp:term":[{"taxonomy":"category","embeddable":true,"href":"https:\/\/www.diarioimagen.net\/index.php?rest_route=%2Fwp%2Fv2%2Fcategories&post=531666"},{"taxonomy":"post_tag","embeddable":true,"href":"https:\/\/www.diarioimagen.net\/index.php?rest_route=%2Fwp%2Fv2%2Ftags&post=531666"}],"curies":[{"name":"wp","href":"https:\/\/api.w.org\/{rel}","templated":true}]}}