{"id":531677,"date":"2022-01-11T00:12:36","date_gmt":"2022-01-11T06:12:36","guid":{"rendered":"https:\/\/www.diarioimagen.net\/?p=531677"},"modified":"2022-01-11T03:02:58","modified_gmt":"2022-01-11T09:02:58","slug":"monreal-y-lopez-obrador-caminos-convergentes-que-siguen-ya-rutas-diferentes","status":"publish","type":"post","link":"https:\/\/www.diarioimagen.net\/?p=531677","title":{"rendered":"Monreal y L\u00f3pez Obrador: caminos convergentes que siguen ya rutas diferentes\u00a0"},"content":{"rendered":"<h2>Tras la puerta del poder<\/h2>\n<h5>Roberto Vizca\u00edno<\/h5>\n<p>&nbsp;<\/p>\n<p>\u00a1Cierto! Lo que reclama constantemente\u00a0<strong>Ricardo Monreal<\/strong> es cierto.<\/p>\n<p><strong>Andr\u00e9s Manuel L\u00f3pez Obrador<\/strong>\u00a0y \u00e9l vienen juntos desde hace al menos unos 24 a\u00f1os, con una sola ruta en la cual, junto a otros, lucharon y construyeron un proyecto com\u00fan: la Cuarta Transformaci\u00f3n. Sus objetivos siempre fueron los mismos.<\/p>\n<p><strong>AMLO<\/strong>\u00a0en eso siempre fue el l\u00edder. Y el zacatecano, muy cercano, era sin embargo -a pesar de lo sobresaliente- uno m\u00e1s del peque\u00f1o grupo dominante alrededor del tabasque\u00f1o.<\/p>\n<p>Luego del fracaso de 2006 y 2012 y de la decisi\u00f3n de ir por la construcci\u00f3n y el registro de su propio partido, el del Movimiento Regeneraci\u00f3n Nacional, Morena,<strong>\u00a0L\u00f3pez Obrador<\/strong>\u00a0decidi\u00f3 cambiar y romper, alejarse de viejos aliados como, por ejemplo,\u00a0<strong>Dante Delgado<\/strong>.<\/p>\n<p>Todo indica que ah\u00ed tambi\u00e9n se comenz\u00f3 a alejar de\u00a0<strong>Ricardo Monreal<\/strong>, lo que se evidenci\u00f3 a finales de agosto de 2017 cuando intent\u00f3 deshacerse de \u00e9l al darle la candidatura de la Jefatura de Gobierno de la CDMX a\u00a0<strong>Claudia Sheinbaum<\/strong>.<\/p>\n<p>El tama\u00f1o de la reacci\u00f3n del zacatecano, quien incluso lleg\u00f3 a considerar irse por otro partido, evidenci\u00f3 que quiz\u00e1 hab\u00eda un acuerdo con el tabasque\u00f1o que el de Macuspana rompi\u00f3.<\/p>\n<p>Al final el arreglo fue ir al Senado donde\u00a0<strong>AMLO<\/strong>\u00a0le puso todos los obst\u00e1culos -ponerle por ejemplo a\u00a0<strong>Mart\u00ed Batres<\/strong>\u00a0a competirle, hacerle la vida imposible- para evitar que el de Fresnillo, Zacatecas, llegara a d\u00f3nde hoy est\u00e1: el liderazgo de la fracci\u00f3n de Morena y la Presidencia de la Junta de Coordinaci\u00f3n Pol\u00edtica.<\/p>\n<p>Como sea que resultara,\u00a0<strong>Monreal<\/strong>\u00a0estaba fuera de su c\u00edrculo interno en Palacio Nacional.<\/p>\n<p>El primero en darse cuenta de todo fue el propio\u00a0<strong>Ricardo<\/strong>. Animal pol\u00edtico convergente a la estructura de\u00a0<strong>AMLO<\/strong>, con la experiencia y la agudeza pol\u00edtica del primer nivel, el de Fresnillo inici\u00f3 la construcci\u00f3n de su camino a la Presidencia de M\u00e9xico desde el primer minuto de llegar al Senado. Sab\u00eda desde entonces que ya no caminaba al lado de\u00a0<strong>Andr\u00e9s Manuel<\/strong>. Que llegar\u00eda inevitablemente al tiempo de la confrontaci\u00f3n y la ruptura final.<\/p>\n<p>El de Macuspana ya era Presidente, y el calendario no perdona, cada d\u00eda transcurrido es uno menos en la c\u00fapula del Poder. Y en ese ejercicio a tiempos fijos s\u00f3lo hay una ruta: el ascenso, la exaltaci\u00f3n y la ca\u00edda.<\/p>\n<p><strong>Monreal\u00a0<\/strong>conoce muy bien esa ruta. Y ya la administra<strong>.\u00a0<\/strong><\/p>\n<p>Desde el lunes 5 de julio de 2021 que\u00a0<strong>AMLO<\/strong>\u00a0abri\u00f3 la lista de sus posibles sucesores en la que no lo incluy\u00f3, el zacatecano ha desplegado una agenda justo a la medida de la confrontaci\u00f3n con<strong>\u00a0el de Macuspana.\u00a0<\/strong><\/p>\n<p>Desde ese julio le dej\u00f3 en claro que lo confrontar\u00eda en su decisi\u00f3n de dejarlo afuera, anularlo, como contendiente presidencial. A partir de agosto<strong>\u00a0Monreal sigue tres rutas:<\/strong><\/p>\n<p>1.- La de apoderarse de los medios de comunicaci\u00f3n en donde hoy participa como articulista, entrevistado y hombre-noticia que da a conocer reformas y proyectos legislativos al tiempo que presenta posicionamientos y reclamos pre-electorales como precandidato presidencial. Uno persistente es el de que Morena deje de usar encuestas y vaya a la instauraci\u00f3n de consultas ciudadanas en la selecci\u00f3n de candidatos. Igual exige \u00abpiso parejo\u00bb y acuerdos para evitar fracturas y una guerra intestina en Morena.<\/p>\n<p>2.- La segunda ruta ha sido la de recorrer el pa\u00eds en una incansable y larga precampa\u00f1a con giras finsemanales a los estados, y;<\/p>\n<p>3.- La tercera ha sido la de convertirse en la alternativa a <strong>AMLO<\/strong> en la soluci\u00f3n de problemas nacionales. A tantos como <strong>AMLO<\/strong> ataca, Monreal abre puertas y defiende desde el Senado. Dejando en claro que la llamada Cuarta Transformaci\u00f3n no es solo la del rompimiento y ataques, o desaparici\u00f3n de proyectos y reformas que sigue A<strong>MLO<\/strong>. Hoy empresarios, inversionistas de todo nivel, industriales y sus organizaciones, representaciones de otros pa\u00edses -especialmente de EU-, universitarios, investigadores, cient\u00edficos, madres solteras, padres de ni\u00f1os con c\u00e1ncer, campesinos y agricultores, trabajadores, etc, etc, que han sido maltratados por <strong>AMLO<\/strong> saben que Monreal es una opci\u00f3n viable, distinta.<\/p>\n<p>Aunque no lo reconozcan e intenten dar una versi\u00f3n distinta, la ruptura entre ambos es ya un hecho.<\/p>\n<p><strong>L\u00f3pez Obrador\u00a0<\/strong>dir\u00eda ayer, seg\u00fan<strong>\u00a0Carmen Aristegui:\u00a0<\/strong>Me he quedado anonadado del despliegue de <strong><em>Reforma<\/em><\/strong> para entrevistar a<strong><em> Monreal<\/em><\/strong><\/p>\n<p>El mandatario reacciona as\u00ed por primera vez a una de las ya muchas entrevistas del zacatecano con personajes malqueridos del tabasque\u00f1o como son<strong>\u00a0Carlos Loret, o <em>Brozo<\/em>, <\/strong>o el diario<strong> <em>El Pa\u00eds<\/em>&#8230;\u00a0<\/strong><\/p>\n<p>En esta entrevista<strong>\u00a0Monreal\u00a0<\/strong>advierte que algunos de los radicales dentro del grupo en el poder al lado de<strong>\u00a0AMLO\u00a0<\/strong>pretenden dinamitar al pa\u00eds<strong>.<\/strong><\/p>\n<p><strong>L\u00f3pez Obrador\u00a0<\/strong>respondi\u00f3 a<strong>\u00a0Monreal\u00a0<\/strong>que su gobierno<strong>\u00a0s\u00ed es \u00abradical\u00bb&#8230;\u00a0<\/strong>pero contra los privilegios<strong>.\u00a0<\/strong>O sea, ahora considera\u00a0<strong>al zacatecano\u00a0<\/strong>un buscador de privilegios.<\/p>\n<p><strong>Monreal,\u00a0<\/strong>siempre atento a<strong>\u00a0AMLO<\/strong>, respondi\u00f3 de inmediato<strong>:\u00a0<\/strong><\/p>\n<p>\u00ab&#8230; nunca confrontar\u00e9\u00a0al Presidente\u00a0ni me alejar\u00e9 de mis ideales por un mejor pa\u00eds. \u00a1Viva M\u00e9xico!\u00bb.<\/p>\n<p>V\u00eda redes sociales aclar\u00f3 que desde hace ya casi un cuarto de siglo inici\u00f3 una larga traves\u00eda de lucha pol\u00edtica con<strong>\u00a0Andr\u00e9s Manuel L\u00f3pez Obrador\u00a0<\/strong>para transformar las instituciones de la naci\u00f3n. \u00a1Y esa fue la mejor decisi\u00f3n!<\/p>\n<p><strong>Acom\u00f3dese, que esto apenas empieza.<\/strong><\/p>\n<p><em><a href=\"mailto:rvizcainoa@gmail.com\" target=\"_blank\" rel=\"noopener noreferrer\">vizcainoa@gmail.com<\/a><br \/>\n<a href=\"http:\/\/endirecto.mx\" target=\"_blank\" rel=\"noopener noreferrer\">www.endirecto.mx<\/a><br \/>\n<a href=\"https:\/\/twitter.com\/_rvizcaino\" target=\"_blank\" rel=\"noopener noreferrer\">@_RVizcaino<\/a><br \/>\n<a href=\"https:\/\/www.facebook.com\/rvizcainoa\" target=\"_blank\" rel=\"noopener noreferrer\">facebook.com\/rvizcainoa<\/a><\/em><\/p>\n","protected":false},"excerpt":{"rendered":"<p><span style=\"color: #005497;\"><strong>Roberto Vizca\u00edno<\/strong><\/span><br \/>\n<br \/>\n\u00a1Cierto! Lo que reclama constantemente <strong>Ricardo Monreal<\/strong> es cierto.<\/p>\n","protected":false},"author":3,"featured_media":0,"comment_status":"open","ping_status":"open","sticky":false,"template":"","format":"standard","meta":{"_monsterinsights_skip_tracking":false,"_monsterinsights_sitenote_active":false,"_monsterinsights_sitenote_note":"","_monsterinsights_sitenote_category":0,"footnotes":""},"categories":[136],"tags":[43674,93,94],"class_list":["post-531677","post","type-post","status-publish","format-standard","hentry","category-roberto-vizcaino-opinion","tag-opinion","tag-roberto-vizcaino","tag-tras-la-puerta-del-poder"],"_links":{"self":[{"href":"https:\/\/www.diarioimagen.net\/index.php?rest_route=\/wp\/v2\/posts\/531677","targetHints":{"allow":["GET"]}}],"collection":[{"href":"https:\/\/www.diarioimagen.net\/index.php?rest_route=\/wp\/v2\/posts"}],"about":[{"href":"https:\/\/www.diarioimagen.net\/index.php?rest_route=\/wp\/v2\/types\/post"}],"author":[{"embeddable":true,"href":"https:\/\/www.diarioimagen.net\/index.php?rest_route=\/wp\/v2\/users\/3"}],"replies":[{"embeddable":true,"href":"https:\/\/www.diarioimagen.net\/index.php?rest_route=%2Fwp%2Fv2%2Fcomments&post=531677"}],"version-history":[{"count":0,"href":"https:\/\/www.diarioimagen.net\/index.php?rest_route=\/wp\/v2\/posts\/531677\/revisions"}],"wp:attachment":[{"href":"https:\/\/www.diarioimagen.net\/index.php?rest_route=%2Fwp%2Fv2%2Fmedia&parent=531677"}],"wp:term":[{"taxonomy":"category","embeddable":true,"href":"https:\/\/www.diarioimagen.net\/index.php?rest_route=%2Fwp%2Fv2%2Fcategories&post=531677"},{"taxonomy":"post_tag","embeddable":true,"href":"https:\/\/www.diarioimagen.net\/index.php?rest_route=%2Fwp%2Fv2%2Ftags&post=531677"}],"curies":[{"name":"wp","href":"https:\/\/api.w.org\/{rel}","templated":true}]}}