{"id":531683,"date":"2022-01-11T00:04:54","date_gmt":"2022-01-11T06:04:54","guid":{"rendered":"https:\/\/www.diarioimagen.net\/?p=531683"},"modified":"2022-01-11T03:04:47","modified_gmt":"2022-01-11T09:04:47","slug":"exceso-de-violencia","status":"publish","type":"post","link":"https:\/\/www.diarioimagen.net\/?p=531683","title":{"rendered":"Exceso de violencia"},"content":{"rendered":"<h2>Desde el portal<\/h2>\n<h5>\u00c1ngel Soriano<\/h5>\n<p>&nbsp;<\/p>\n<p>M\u00e1s all\u00e1 de las cifras y las estad\u00edsticas que se ofrecen como justificaciones si va a la baJa o al alza la violencia en diversas regiones del pa\u00eds, lo importante ser\u00eda un cambio de estrategia y de que, en los hechos, la pacificaci\u00f3n fuera efectiva y no de tableros o cuentas alegres de los funcionarios encargados de la seguridad nacional.<\/p>\n<p>Sexenalmente, se ha utilizado el cambio de fachada de las polic\u00edas, de logos y de nombres, de uniformes y de patrullas, de rotaci\u00f3n de mandos, pero todo sigue igual. Las distintas corporaciones policiacas no han respondido, hasta ahora, a las demandas de seguridad de la sociedad. Los centros penitenciarios, como se observa en Nuevo Le\u00f3n, son aut\u00e9nticas escuelas de la delincuencia.<\/p>\n<p>Funcionarios van y funcionarios vienen, se alternan gobiernos de distintos partidos y las promesas siguen siendo las mismas ante el aumento de los terribles hechos que se observan en ciudades otrora tranquilas o estados que eran ejemplos de desarrollo econ\u00f3mico y social, para convertirse en rehenes de la delincuencia.<\/p>\n<p>De la Guardia Nacional y de sus 100 mil efectivos e innumerables cuarteles se espera todav\u00eda que d\u00e9 resultados eficaces, pues todo parece indicar que como va la situaci\u00f3n, las instalaciones paramilitares que se construyen y el incremento de elementos no es instrumento eficaz; se necesita un trabajo efectivo y menos burocracia. La sociedad lo exige.<\/p>\n<p style=\"text-align: center;\"><strong>Turbulencias<br \/>\nConcluir\u00e1n las supercarreteras<\/strong><\/p>\n<p>\u00a0Se considera que en marzo concluir\u00e1n las autopistas al Istmo de Tehuantepec y a la costa que recortar\u00e1n un promedio de dos horas de traslado, mediante una moderna infraestructura en puentes, viaductos y t\u00faneles que han sido construidas sobre la accidentada orograf\u00eda que hoy permiten recorridos hasta de seis horas para llegar a ambas regiones. \u201cTrabajaremos m\u00e1s r\u00e1pido\u201d, ofreci\u00f3 el gobernador Alejandro Murat que, con el apoyo del presidente Andr\u00e9s Manuel L\u00f3pez Obrador en su administraci\u00f3n se har\u00e1 realidad sue\u00f1os de los nativos y deseos frustrados de sucesivos gobernadores. Ambas autopistas y el corredor trans\u00edstmico ser\u00e1n detonadores del desarrollo de la entidad\u2026 Sigue al alza \u00d3micron, que aun cuando se insiste en que es menos letal que otras variantes, causa estragos en las actividades cotidianas de todos los pa\u00edses del mundo, incluyendo los desarrollados y en v\u00edas de desarrollo. Cuando menos en nuestro pa\u00eds el retraso de las actividades escolares y acad\u00e9micas a nivel superior no se han reanudado del todo y las afectaciones a escolares, estudiantes y personal docente, ser\u00e1n a corto y largo plazo\u2026 En la pugna entre el gobernador de Veracruz, Cuitl\u00e1huac Garc\u00eda y el presidente de la Jucopo del Senado, Ricardo Monreal, lleva las de perder el zacatecano, pese a la formaci\u00f3n de una comisi\u00f3n senatorial que investiga los abusos de poder del gobernante morenista. Sus aspiraciones presidenciales se ver\u00e1n afectadas aunque su causa en favor de su secretario t\u00e9cnico, Jos\u00e9 Manuel del R\u00edo, sea justa. La integridad y el profesionalismo del ex diputado federal veracruzano es ampliamente avalado aunque la decisi\u00f3n del juez sea m\u00e1s pol\u00edtica que jur\u00eddica\u2026 De la generaci\u00f3n de don Luis Echeverr\u00eda que celebrar\u00e1 sus 100 a\u00f1os, siguen vigentes y actuantes como en sus mejores \u00e9pocas Porfirio Mu\u00f1oz Ledo y don Augusto G\u00f3mez Villanueva; no han dejado los reflectores sexenio tras sexenio. Ahora le organizan un homenaje al hist\u00f3rico Presidente.<\/p>\n<p><u><a href=\"mailto:asorianocarrasco@yahoo.com\" target=\"_blank\" rel=\"noopener noreferrer\"><em>asorianocarrasco@yahoo.com<\/em><\/a><br \/>\n<em><a href=\"https:\/\/revistabrecha.com\" target=\"_blank\" rel=\"noopener noreferrer\">www.revistabrecha.com<\/a><br \/>\n<a href=\"https:\/\/twitter.com\/brecharevista\" target=\"_blank\" rel=\"noopener noreferrer\">@BrechaRevista<\/a><\/em><\/u><\/p>\n","protected":false},"excerpt":{"rendered":"<p><span style=\"color: #005497;\"><strong>\u00c1ngel Soriano<\/strong><\/span><\/p>\n","protected":false},"author":3,"featured_media":0,"comment_status":"open","ping_status":"open","sticky":false,"template":"","format":"standard","meta":{"_monsterinsights_skip_tracking":false,"_monsterinsights_sitenote_active":false,"_monsterinsights_sitenote_note":"","_monsterinsights_sitenote_category":0,"footnotes":""},"categories":[135],"tags":[85,86,43674],"class_list":["post-531683","post","type-post","status-publish","format-standard","hentry","category-angel-soriano-opinion","tag-angel-soriano","tag-desde-el-portal","tag-opinion"],"_links":{"self":[{"href":"https:\/\/www.diarioimagen.net\/index.php?rest_route=\/wp\/v2\/posts\/531683","targetHints":{"allow":["GET"]}}],"collection":[{"href":"https:\/\/www.diarioimagen.net\/index.php?rest_route=\/wp\/v2\/posts"}],"about":[{"href":"https:\/\/www.diarioimagen.net\/index.php?rest_route=\/wp\/v2\/types\/post"}],"author":[{"embeddable":true,"href":"https:\/\/www.diarioimagen.net\/index.php?rest_route=\/wp\/v2\/users\/3"}],"replies":[{"embeddable":true,"href":"https:\/\/www.diarioimagen.net\/index.php?rest_route=%2Fwp%2Fv2%2Fcomments&post=531683"}],"version-history":[{"count":0,"href":"https:\/\/www.diarioimagen.net\/index.php?rest_route=\/wp\/v2\/posts\/531683\/revisions"}],"wp:attachment":[{"href":"https:\/\/www.diarioimagen.net\/index.php?rest_route=%2Fwp%2Fv2%2Fmedia&parent=531683"}],"wp:term":[{"taxonomy":"category","embeddable":true,"href":"https:\/\/www.diarioimagen.net\/index.php?rest_route=%2Fwp%2Fv2%2Fcategories&post=531683"},{"taxonomy":"post_tag","embeddable":true,"href":"https:\/\/www.diarioimagen.net\/index.php?rest_route=%2Fwp%2Fv2%2Ftags&post=531683"}],"curies":[{"name":"wp","href":"https:\/\/api.w.org\/{rel}","templated":true}]}}