{"id":531685,"date":"2022-01-11T00:08:01","date_gmt":"2022-01-11T06:08:01","guid":{"rendered":"https:\/\/www.diarioimagen.net\/?p=531685"},"modified":"2022-01-11T03:05:54","modified_gmt":"2022-01-11T09:05:54","slug":"el-pan-en-el-atolladero","status":"publish","type":"post","link":"https:\/\/www.diarioimagen.net\/?p=531685","title":{"rendered":"El PAN, en el atolladero"},"content":{"rendered":"<h2>Punto por punto<\/h2>\n<h5>Augusto Corro<\/h5>\n<p>&nbsp;<\/p>\n<p>Los partidos de oposici\u00f3n no parecen ser un obst\u00e1culo importante para el Movimiento Regeneraci\u00f3n Nacional (Morena).<\/p>\n<p>En las principales organizaciones pol\u00edticas contin\u00faan los dirigentes sin ideas de cambio.<\/p>\n<p>En Acci\u00f3n Nacional (PAN) la militancia no logr\u00f3 sacudirse a Marko Cort\u00e9s, un l\u00edder opaco y abusivo.\u00a0 El panista aprovech\u00f3 la desorganizaci\u00f3n de ese instituto pol\u00edtico para autoelegirse como el presidente del partido.<\/p>\n<p>Desde 2018, el triunfo de Morena lo sumi\u00f3 en una derrota que no puede superar. Acci\u00f3n Nacional ahora est\u00e1 debilitado.<\/p>\n<p>Y de no darle ox\u00edgeno, su destino seguir\u00e1 en la incertidumbre.<\/p>\n<p>En ese instituto pol\u00edtico se olvidaron de los j\u00f3venes. En el presente tienen como gu\u00edas a Santiago Creel y a Diego Fern\u00e1ndez de Cevallos.<\/p>\n<p>Dos pol\u00edticos que ya tendr\u00edan que estar jubilados.<\/p>\n<p>Y como si lo anterior no fuera suficiente, sobre el partido pesa la sombra del ex presidente Felipe Calder\u00f3n y su esposa, Margarita Zavala, quien es diputada blanquiazul. La se\u00f1ora Zavala regres\u00f3 a su partido luego de probar suerte como candidata independiente en busca de la Presidencia de la Rep\u00fablica.<\/p>\n<p>Asumi\u00f3 esa actitud de luchar sin su organizaci\u00f3n pol\u00edtica de origen porque no ten\u00eda el apoyo de su organizaci\u00f3n pol\u00edtica.<\/p>\n<p>El negocio le sali\u00f3 mal. Posteriormente promovi\u00f3 la formaci\u00f3n del partido M\u00e9xico Libre con resultados negativos.<\/p>\n<p>Hasta que por fin logr\u00f3 obtener una curul en San L\u00e1zaro.<\/p>\n<p>Y, sin duda, ya le empez\u00f3 a ir mejor.\u00a0 Cabe se\u00f1alar que la ex primera dama en nada le favorece la imagen de su esposo Felipe, quien carga sobre los hombros el saldo de miles de muertos de la guerra contra la delincuencia organizada.<\/p>\n<p>Adem\u00e1s, el michoacano tendr\u00e1 que explicar ampliamente c\u00f3mo es que no se dio cuenta que uno de sus principales funcionarios, Genaro Garc\u00eda Luna, colaboraba con los c\u00e1rteles de la droga.<\/p>\n<p>El ex secretario de Seguridad se encuentra en una c\u00e1rcel en Nueva York en espera de ser enjuiciado.<\/p>\n<p>Y, por supuesto, se espera que en el proceso penal surja el nombre de Felipe Calder\u00f3n. Como se\u00f1alamos l\u00edneas arriba, el dirigente Marko Cort\u00e9s no entendi\u00f3 que Acci\u00f3n Nacional debe buscar gente nueva: no m\u00e1s Ricardo Anaya.<\/p>\n<p>El l\u00edder nacional panista ve en Anaya al hombre que puede sacar al PAN del atolladero.<\/p>\n<p>Pero en realidad, el ex candidato presidencial no crece. Convertido en pr\u00f3fugo de la justicia espera mejores tiempos para regresar a M\u00e9xico, algo que dif\u00edcilmente ocurrir\u00e1 por el momento.<\/p>\n<p>Lo que preocupa al presidente del PAN, pero no tanto, son las elecciones estatales que se efectuar\u00e1n en el presente a\u00f1o.<\/p>\n<p>Habr\u00e1 elecciones para relevo de gobernadores en Oaxaca, Hidalgo, Quintana Roo, Aguascalientes, Durango y Tamaulipas.<\/p>\n<p>En una declaraci\u00f3n derrotista, Marko Cort\u00e9s dijo que su partido s\u00f3lo ganar\u00e1 la gubernatura de Aguascalientes.<\/p>\n<p>Lo que s\u00ed se puede decir que fue un triunfo para el PAN lo ocurrido en Hidalgo. El blanquiazul ser\u00e1 el que designe el candidato para la contienda electoral.<\/p>\n<p>Como se sabe, Hidalgo es o era un territorio priista.<\/p>\n<p>\u00bfUsted qu\u00e9 opina amable lector?<\/p>\n<p style=\"text-align: center;\"><strong>Puntos suspensivos\u2026<\/strong><\/p>\n<p>El dirigente de Morena, Mario Delgado, contin\u00faa con su conducta despectiva hacia los aspirantes a las gubernaturas. Les dijo a los inconformes que \u201cel que quiera puestos, que se vaya al mercado\u201d. En el partido del gobierno, surgieron protestas por la manera de designar a sus abanderados. No a todos les agradan las encuestas para designar al candidato\u2026 El Partido de la Revoluci\u00f3n Democr\u00e1tica (PRD) de un d\u00eda para otro se saca de la manga los nombres de sus posibles candidatos a las gubernaturas. S\u00f3lo que m\u00e1s bien refleja algo parecido a una burla. En el PRD manejaron el nombre del controvertido Roberto Palazuelos como su posible abanderado en Quintana Roo. El propio actor-hotelero se declar\u00f3 aliado del presidente L\u00f3pez Obrador. Con Oaxaca ocurri\u00f3 lo mismo con la cantante Susana Harp, quien fue rechazada por Morena y se empez\u00f3 a hablar de una posible candidatura perredista; pero luego aclar\u00f3 que no ser\u00e1 la candidata a la gubernatura de Oaxaca por ning\u00fan otro partido que no sea Morena.<\/p>\n<p><a href=\"mailto:aco2742@hotmail.com\" target=\"_blank\" rel=\"noopener noreferrer\"><em>aco2742@hotmail.com<\/em><\/a><\/p>\n","protected":false},"excerpt":{"rendered":"<p><span style=\"color: #005497;\"><strong>Augusto Corro<\/strong><\/span><\/p>\n","protected":false},"author":3,"featured_media":0,"comment_status":"open","ping_status":"open","sticky":false,"template":"","format":"standard","meta":{"_monsterinsights_skip_tracking":false,"_monsterinsights_sitenote_active":false,"_monsterinsights_sitenote_note":"","_monsterinsights_sitenote_category":0,"footnotes":""},"categories":[157],"tags":[43686,43674,11515],"class_list":["post-531685","post","type-post","status-publish","format-standard","hentry","category-augusto-corro","tag-augusto-corro","tag-opinion","tag-punto-por-punto"],"_links":{"self":[{"href":"https:\/\/www.diarioimagen.net\/index.php?rest_route=\/wp\/v2\/posts\/531685","targetHints":{"allow":["GET"]}}],"collection":[{"href":"https:\/\/www.diarioimagen.net\/index.php?rest_route=\/wp\/v2\/posts"}],"about":[{"href":"https:\/\/www.diarioimagen.net\/index.php?rest_route=\/wp\/v2\/types\/post"}],"author":[{"embeddable":true,"href":"https:\/\/www.diarioimagen.net\/index.php?rest_route=\/wp\/v2\/users\/3"}],"replies":[{"embeddable":true,"href":"https:\/\/www.diarioimagen.net\/index.php?rest_route=%2Fwp%2Fv2%2Fcomments&post=531685"}],"version-history":[{"count":0,"href":"https:\/\/www.diarioimagen.net\/index.php?rest_route=\/wp\/v2\/posts\/531685\/revisions"}],"wp:attachment":[{"href":"https:\/\/www.diarioimagen.net\/index.php?rest_route=%2Fwp%2Fv2%2Fmedia&parent=531685"}],"wp:term":[{"taxonomy":"category","embeddable":true,"href":"https:\/\/www.diarioimagen.net\/index.php?rest_route=%2Fwp%2Fv2%2Fcategories&post=531685"},{"taxonomy":"post_tag","embeddable":true,"href":"https:\/\/www.diarioimagen.net\/index.php?rest_route=%2Fwp%2Fv2%2Ftags&post=531685"}],"curies":[{"name":"wp","href":"https:\/\/api.w.org\/{rel}","templated":true}]}}