{"id":531688,"date":"2022-01-11T00:03:51","date_gmt":"2022-01-11T06:03:51","guid":{"rendered":"https:\/\/www.diarioimagen.net\/?p=531688"},"modified":"2022-01-11T03:07:33","modified_gmt":"2022-01-11T09:07:33","slug":"amlo-vs-monreal-se-ira-este","status":"publish","type":"post","link":"https:\/\/www.diarioimagen.net\/?p=531688","title":{"rendered":"AMLO vs Monreal, \u00bfse ir\u00e1 \u00e9ste?"},"content":{"rendered":"<h2>Espacio Electoral<\/h2>\n<h5>Eleazar Flores<\/h5>\n<p>&nbsp;<\/p>\n<p><strong>\u00bfCAMBIO SENATORIAL?-.<\/strong> Con la \u201csutil\u201d ret\u00f3rica que emplea, el presidente Andr\u00e9s Manuel L\u00f3pez Obrador dijo \u201cno tener tema de qu\u00e9 hablar\u201d con el l\u00edder senatorial Ricardo Monreal, con lo que le cierra la puerta para todo, incluida la sucesi\u00f3n presidencial\u2026 por Morena.<\/p>\n<p>Esta fue la s\u00edntesis de la homil\u00eda desde el p\u00falpito ma\u00f1anero de ayer lunes, reacci\u00f3n inmediata del padre de la Cuarta Transformaci\u00f3n, todo porque el senador zacatecano declar\u00f3 que \u201cMorena no necesita integrantes radicales que acaben con M\u00e9xico, sino quienes busquen acuerdos como en el Senado\u201d.<\/p>\n<p>Monreal extern\u00f3 estos puntos de vista en amplia entrevista dominical en <em>Reforma<\/em> por lo que el tabasque\u00f1o veloz y ronco respondi\u00f3 que \u201cen Morena nada de medias tintas, somos radicales\u201d, pronunciamiento totalmente contrario al del senador zacatecano a quien incluso los observadores ya le ven alas para dejar esa coordinaci\u00f3n.<\/p>\n<p>M\u00e1s a\u00fan, en la ma\u00f1anera de ayer y a pregunta de alguno de los reporteros madrugadores, de esos que se quiebran la cabeza para buscar que el mandatario se luzca, respondi\u00f3 de inmediato que no recibir\u00e1 pr\u00f3ximamente al coordinador de los senadores de Morena y de toda la C\u00e1mara Alta en general,\u00a0 pues \u201cno hay tema qu\u00e9 tratar\u201d.<\/p>\n<p>Incluso presumi\u00f3 el mandatario que ya est\u00e1n las tres reformas urgentes que a \u00e9l le interesan, la el\u00e9ctrica que ya est\u00e1 en sus manos, la electoral, cuyo prop\u00f3sito es debilitar a los consejeros independientes para meter a sus incondicionales y la relacionada con la Guardia Nacional, m\u00e1s militarizada que los carabinieri de Italia y Chile juntos.<\/p>\n<p><strong>OPOSICI\u00d3N, PENDIENT\u00cdSIMA-.<\/strong> El inminente divorcio visto desde el distanciamiento de hace semanas, pero declarado abiertamente a partir de ayer entre el Presidente de la Rep\u00fablica Andr\u00e9s Manuel L\u00f3pez Obrador y el senador Ricardo Monreal \u00c1vila, abre las puertas para que \u00e9ste cumpla su promesa pregonada a los cuatro vientos \u201cYo estar\u00e9 en la boleta de 2024\u201d.\u00a0 Ha agregado en sus declaraciones de que estar\u00eda en la boleta \u201cpor Morena\u201d pero ante la cerraz\u00f3n del due\u00f1o de este partido el zacatecano podr\u00eda optar por otra divisa.<\/p>\n<p>Semejanzas entre Andr\u00e9s Manuel y Ricardo son muchas, casi todas, menos la de la presidencia de la rep\u00fablica, veamos-<\/p>\n<p>Andy y Richard son ex priistas y ex perredistas.<\/p>\n<p>Cuando el PRI le cerr\u00f3 las puertas a Monreal para ser candidato al gobierno de Zacatecas, el PRD de L\u00f3pez Obrador le abri\u00f3 las puertas\u2026 y seguramente la chequera partidista para la campa\u00f1a y ganar esa gubernatura por primera vez en esa entidad.<\/p>\n<p>Ese amasiato perdur\u00f3 y en 2018 present\u00f3 cuarteaduras por la jefatura de gobierno que gan\u00f3 Claudia\u2026 y Monreal el Senado.<\/p>\n<p>Ahora sin reconciliaci\u00f3n entre ambos PRIAN-PRD podr\u00edan readoptarlo, al tiempo.<\/p>\n<p><em><a href=\"mailto:elefa44@gmail.com\" target=\"_blank\" rel=\"noopener noreferrer\">elefa44@gmail.com<\/a><\/em><\/p>\n","protected":false},"excerpt":{"rendered":"<p><span style=\"color: #005497;\"><strong>Eleazar Flores<\/strong><\/span><\/p>\n","protected":false},"author":3,"featured_media":0,"comment_status":"open","ping_status":"open","sticky":false,"template":"","format":"standard","meta":{"_monsterinsights_skip_tracking":false,"_monsterinsights_sitenote_active":false,"_monsterinsights_sitenote_note":"","_monsterinsights_sitenote_category":0,"footnotes":""},"categories":[81743],"tags":[81744,81776,43674],"class_list":["post-531688","post","type-post","status-publish","format-standard","hentry","category-eleazar-flores","tag-eleazar-flores","tag-espacio-electoral","tag-opinion"],"_links":{"self":[{"href":"https:\/\/www.diarioimagen.net\/index.php?rest_route=\/wp\/v2\/posts\/531688","targetHints":{"allow":["GET"]}}],"collection":[{"href":"https:\/\/www.diarioimagen.net\/index.php?rest_route=\/wp\/v2\/posts"}],"about":[{"href":"https:\/\/www.diarioimagen.net\/index.php?rest_route=\/wp\/v2\/types\/post"}],"author":[{"embeddable":true,"href":"https:\/\/www.diarioimagen.net\/index.php?rest_route=\/wp\/v2\/users\/3"}],"replies":[{"embeddable":true,"href":"https:\/\/www.diarioimagen.net\/index.php?rest_route=%2Fwp%2Fv2%2Fcomments&post=531688"}],"version-history":[{"count":0,"href":"https:\/\/www.diarioimagen.net\/index.php?rest_route=\/wp\/v2\/posts\/531688\/revisions"}],"wp:attachment":[{"href":"https:\/\/www.diarioimagen.net\/index.php?rest_route=%2Fwp%2Fv2%2Fmedia&parent=531688"}],"wp:term":[{"taxonomy":"category","embeddable":true,"href":"https:\/\/www.diarioimagen.net\/index.php?rest_route=%2Fwp%2Fv2%2Fcategories&post=531688"},{"taxonomy":"post_tag","embeddable":true,"href":"https:\/\/www.diarioimagen.net\/index.php?rest_route=%2Fwp%2Fv2%2Ftags&post=531688"}],"curies":[{"name":"wp","href":"https:\/\/api.w.org\/{rel}","templated":true}]}}