{"id":531699,"date":"2022-01-11T00:17:34","date_gmt":"2022-01-11T06:17:34","guid":{"rendered":"https:\/\/www.diarioimagen.net\/?p=531699"},"modified":"2022-01-18T00:17:44","modified_gmt":"2022-01-18T06:17:44","slug":"mexico-la-pandemia-de-la-violencia","status":"publish","type":"post","link":"https:\/\/www.diarioimagen.net\/?p=531699","title":{"rendered":"M\u00e9xico, la pandemia de la violencia"},"content":{"rendered":"<h2>Caleidoscopio<\/h2>\n<h5>Guillermina G\u00f3mora Ord\u00f3\u00f1ez<\/h5>\n<p>&nbsp;<\/p>\n<p>La terca realidad evidencia cada d\u00eda que la estrategia de \u201cabrazos, no balazos\u201d, para enfrentar y combatir al crimen organizado es un fracaso. Los 23 cuerpos abandonados recientemente en <strong>Zacatecas<\/strong> (10) y <strong>Veracruz<\/strong> (13), estados gobernados por Morena, confirman la pandemia de violencia que agobia a M\u00e9xico y enluta a miles de hogares.<\/p>\n<p>2021 cerr\u00f3 con un incremento de 1.4 por ciento en materia de homicidios dolosos. De acuerdo con el reporte del gabinete de seguridad federal, durante el mes de diciembre se registraron 2 mil 274 asesinatos, es decir, 32 m\u00e1s con respecto a noviembre cuando se contabilizaron 2 mil 242 v\u00edctimas.<\/p>\n<p>En los primeros tres a\u00f1os de gobierno del presidente L\u00f3pez Obrador, se registraron 102,830 v\u00edctimas de homicidio doloso en M\u00e9xico, lo cual equivale a una tasa anual cercana a 26 v\u00edctimas por cada 100 mil habitantes.<\/p>\n<p>Seg\u00fan informaci\u00f3n del gobierno federal, en el \u00faltimo mes de 2021, en promedio, cada d\u00eda 73 personas fueron privadas de la vida. La inseguridad es la principal preocupaci\u00f3n de los mexicanos. Nadie se salva.<\/p>\n<p>Bajo el amparo de la corrupci\u00f3n y la impunidad los c\u00e1rteles del narcotr\u00e1fico y el crimen organizado han penetrado el tejido social. Son un poder f\u00e1ctico que opera y domina gran parte del territorio nacional.<\/p>\n<p>En Guerrero, Morelos, Michoac\u00e1n, Colima, Veracruz, Quintana Roo, Sinaloa, Jalisco, Guanajuato, Chihuahua, Zacatecas y Tamaulipas, entre otros estados, la narcopol\u00edtica se ejerce sin tapujos para favorecer a los criminales.<\/p>\n<p>El actual gobierno federal reconoci\u00f3 la existencia de 37 c\u00e1rteles o grupos delictivos que operan en el pa\u00eds. Entre los m\u00e1s relevantes est\u00e1n el \u201cC\u00e1rtel de Sinaloa\u201d que registra actividad en al menos 17 estados y el \u201cC\u00e1rtel Jalisco Nueva Generaci\u00f3n\u201d que tiene presencia en 22 estados de los 32 que conforman la rep\u00fablica mexicana. Ambos grupos criminales extienden su cobertura a Estados Unidos y otras naciones.<\/p>\n<p>Ellos controlan el poder. En los procesos electorales su voto no lo realiza en las urnas, lo hace sentir en la selecci\u00f3n o \u201cimposici\u00f3n\u201d de los candidatos, como sucedi\u00f3 en 2021 y seguramente pasar\u00e1 en 2022 en los seis estados donde habr\u00e1 cambio de gobernador.<\/p>\n<p>Principalmente en <strong>Tamaulipas, Durango y Quintana Roo<\/strong>, entidades relevantes para las operaciones del crimen organizado, como parte de las rutas de trasiego de drogas hacia Estados Unidos o de narcomenudeo y extorsi\u00f3n.<\/p>\n<p><strong>Francisco Rivas, director del Observatorio Nacional Ciudadano<\/strong>, advierte en el estudio \u201cTres a\u00f1os sin gobernabilidad, resultados, ni rumbo fijo en seguridad\u201d que, las promesas de L\u00f3pez Obrador de terminar con la guerra contra el narco, conseguir la paz y regresar al Ej\u00e9rcito a los cuarteles no se han cumplido y se registra un alto deterioro de las condiciones de gobernabilidad.<\/p>\n<p>En efecto, la agenda y estrategia de seguridad p\u00fablica federal es err\u00e1tica y contradictoria. Las Fuerzas Armadas est\u00e1n en todo el pa\u00eds, en sus diferentes representaciones, Ej\u00e9rcito, Marina o Guardia Nacional. Sin embargo, tienen la instrucci\u00f3n de Palacio Nacional de no intervenir directamente en operativos violentos contra grupos del crimen organizado o de captura de narcotraficantes de alto nivel. (\u201cpor ejemplo el \u201cculiacanazo\u201d-Ovidio Guzm\u00e1n).<\/p>\n<p>Se ha dejado de lado la necesaria e indispensable tarea de profesionalizar a los cuerpos policiales estatales y municipales, los cuales sufren de insuficiencia de elementos, recursos econ\u00f3micos y tecnol\u00f3gicos, as\u00ed como falta de capacitaci\u00f3n en atenci\u00f3n de v\u00edctimas.<\/p>\n<p>As\u00ed las cosas, todo indica que en 2022 seguir\u00e1 la pandemia de violencia, dejando su l\u00fagubre y perniciosa estela de homicidio doloso, extorsi\u00f3n, robo, desaparecidos, desplazados, y narcotr\u00e1fico. Ahuyentando la inversi\u00f3n privada y el desarrollo de algunas regiones del pa\u00eds.<\/p>\n<p style=\"text-align: center;\"><strong>VERICUENTOS<\/strong><\/p>\n<p style=\"text-align: center;\"><strong>Monreal pinta su raya<\/strong><\/p>\n<p>En la cuenta regresiva hacia 2024, los aspirantes presidenciales marcan su ruta. <strong>Ricardo Monreal, coordinador de Morena en el Senado, <\/strong>la defini\u00f3 as\u00ed: \u201cNo estoy de acuerdo con radicalizar; ni la extrema derecha ni la extrema izquierda. Me acerco m\u00e1s al perfil socialdem\u00f3crata de los pa\u00edses n\u00f3rdicos; simpatizo m\u00e1s con la socialdemocracia que con los radicalismos\u201d. El zacatecano insiste en que permanecer\u00e1 en Morena, aunque reconoce que la sucesi\u00f3n adelantada est\u00e1 generando divisiones internas y diferencias profundas que pueden conducir a confrontaciones pol\u00edticas insalvables en detrimento del movimiento. Monreal, advirti\u00f3: \u201cEstamos a tiempo de evitar que la caracter\u00edstica principal de la etapa moderna de Morena sea la pugna y la purga y no el di\u00e1logo y la conciliaci\u00f3n\u201d <strong>\u00a1\u00d3rale!<\/strong><\/p>\n<p style=\"text-align: center;\"><strong>AMLO, \u00bfy los medicamentos? <\/strong><\/p>\n<p>El 25 de noviembre de 2021 el presidente L\u00f3pez Obrador dijo: \u201cVamos a distribuir medicamentos hasta los pueblos m\u00e1s apartados, no van a faltar, me dejo de llamar Andr\u00e9s Manuel\u201d. Todo indica que habr\u00e1 que irle buscando un nuevo nombre. El desabasto de medicinas contin\u00faa. <strong>Irene Tello, directora ejecutiva de Impunidad Cero, <\/strong>afirma: \u201cEstamos peor que el a\u00f1o pasado, se supon\u00eda que ten\u00edamos lo suficiente para empezar 2022, pero s\u00f3lo est\u00e1n haciendo compras de \u00faltimo minuto\u201d. En la primera licitaci\u00f3n consolidada de medicinas, el gobierno federal apenas pudo conseguir el 54.5 por ciento de las claves que solicit\u00f3 el <strong>Instituto de Salud para el Bienestar. <\/strong>Lamentablemente la historia se repite en otras instituciones del sector salud. <strong>\u00a1Qu\u00e9 miedo!<\/strong><\/p>\n<p>&nbsp;<\/p>\n<blockquote>\n<p style=\"text-align: right;\"><strong><em>Feliz 2022 estimados lectores. Les deseo un a\u00f1o de<br \/>\nbendiciones y realizaciones para ustedes y sus familias.<\/em><\/strong><\/p>\n<\/blockquote>\n<p>&nbsp;<\/p>\n<p><a href=\"https:\/\/twitter.com\/guillegomora?lang=es\" target=\"_blank\" rel=\"noopener\"><em>@guillegomora<\/em><\/a><\/p>\n","protected":false},"excerpt":{"rendered":"<p><span style=\"color: #005497;\"><strong>Guillermina G\u00f3mora Ord\u00f3\u00f1ez<\/strong><\/span<\/span><\/p>\n","protected":false},"author":3,"featured_media":0,"comment_status":"open","ping_status":"open","sticky":false,"template":"","format":"standard","meta":{"_monsterinsights_skip_tracking":false,"_monsterinsights_sitenote_active":false,"_monsterinsights_sitenote_note":"","_monsterinsights_sitenote_category":0,"footnotes":""},"categories":[58361],"tags":[58362,58363,43674],"class_list":["post-531699","post","type-post","status-publish","format-standard","hentry","category-guillermina-gomora-ordonez","tag-caleidoscopio","tag-guillermina-gomora-ordonez","tag-opinion"],"_links":{"self":[{"href":"https:\/\/www.diarioimagen.net\/index.php?rest_route=\/wp\/v2\/posts\/531699","targetHints":{"allow":["GET"]}}],"collection":[{"href":"https:\/\/www.diarioimagen.net\/index.php?rest_route=\/wp\/v2\/posts"}],"about":[{"href":"https:\/\/www.diarioimagen.net\/index.php?rest_route=\/wp\/v2\/types\/post"}],"author":[{"embeddable":true,"href":"https:\/\/www.diarioimagen.net\/index.php?rest_route=\/wp\/v2\/users\/3"}],"replies":[{"embeddable":true,"href":"https:\/\/www.diarioimagen.net\/index.php?rest_route=%2Fwp%2Fv2%2Fcomments&post=531699"}],"version-history":[{"count":0,"href":"https:\/\/www.diarioimagen.net\/index.php?rest_route=\/wp\/v2\/posts\/531699\/revisions"}],"wp:attachment":[{"href":"https:\/\/www.diarioimagen.net\/index.php?rest_route=%2Fwp%2Fv2%2Fmedia&parent=531699"}],"wp:term":[{"taxonomy":"category","embeddable":true,"href":"https:\/\/www.diarioimagen.net\/index.php?rest_route=%2Fwp%2Fv2%2Fcategories&post=531699"},{"taxonomy":"post_tag","embeddable":true,"href":"https:\/\/www.diarioimagen.net\/index.php?rest_route=%2Fwp%2Fv2%2Ftags&post=531699"}],"curies":[{"name":"wp","href":"https:\/\/api.w.org\/{rel}","templated":true}]}}