{"id":531757,"date":"2022-01-12T00:01:01","date_gmt":"2022-01-12T06:01:01","guid":{"rendered":"https:\/\/www.diarioimagen.net\/?p=531757"},"modified":"2022-01-12T02:21:17","modified_gmt":"2022-01-12T08:21:17","slug":"contra-fraudes-en-linea-se-unen-aeromexico-meta-y-socialtic","status":"publish","type":"post","link":"https:\/\/www.diarioimagen.net\/?p=531757","title":{"rendered":"Contra fraudes en l\u00ednea se unen Aerom\u00e9xico, Meta y SocialTIC\u00a0 \u00a0"},"content":{"rendered":"<h2>De cinco estrellas<\/h2>\n<h5>Victoria Gonz\u00e1lez Prado<\/h5>\n<p>&nbsp;<\/p>\n<ul>\n<li><strong><em>En Venecia, Italia, se sustituir\u00e1 el suelo de vidrio del puente de Calatrava<\/em><\/strong><\/li>\n<li><strong><em>La cadena <\/em>AMR Collection<em> abrir\u00e1 su primer resort en Colombia <\/em><\/strong><\/li>\n<li><strong><em>Madrid estrena tres nuevos restaurantes con Estrella <\/em>Michelin<\/strong><\/li>\n<\/ul>\n<p>&nbsp;<\/p>\n<div id=\"attachment_204391\" style=\"width: 470px\" class=\"wp-caption aligncenter\"><a href=\"https:\/\/diarioimagenqroo.mx\/noticias\/?attachment_id=204391\" rel=\"attachment wp-att-204391\"><img loading=\"lazy\" decoding=\"async\" aria-describedby=\"caption-attachment-204391\" class=\"size-full wp-image-204391\" src=\"https:\/\/diarioimagenqroo.mx\/noticias\/wp-content\/uploads\/2022\/01\/turismo-4.jpg\" alt=\"\" width=\"460\" height=\"412\" \/><\/a><p id=\"caption-attachment-204391\" class=\"wp-caption-text\">Con las gu\u00edas lograr\u00e1s evitar fraudes.<\/p><\/div>\n<p>&nbsp;<\/p>\n<p>Con el objetivo de ayudar a las personas a configurar sus cuentas para que sean m\u00e1s seguras y privadas, prevenir y reportar intentos de fraude, incluyendo los relacionados con la venta de viajes y boletos de avi\u00f3n, Aerom\u00e9xico, Meta y la organizaci\u00f3n especializada en seguridad digital, <em>SocialTIC,<\/em>unieron esfuerzos, tecnolog\u00eda y talento para promover recomendaciones y herramientas de seguridad en l\u00ednea, especialmente en <em>Facebook, Instagram<\/em>y <em>WhatsApp.<\/em><\/p>\n<p>Por medio de videos protagonizados por siete figuras p\u00fablicas, expertos en seguridad digital y periodistas, se compartir\u00e1n consejos para evitar estafas, activar funciones como la autenticaci\u00f3n de dos pasos y las alertas de inicio de sesi\u00f3n no reconocidos, promover el uso de herramientas como \u201cSilenciar\u201d, \u201cRestringir\u201d \u201cBloquear\u201d y \u201cReportar\u201d, para evitar casos de acoso o denunciar infracciones a las Normas Comunitarias de las plataformas.<br \/>\nEstos materiales audiovisuales se distribuir\u00e1n en Facebook y se proyectar\u00e1n en los aviones y salones Premier de Aerom\u00e9xico durante 2022. Se estima que se logre alcance de m\u00e1s de 74 millones de personas.<\/p>\n<p>El proyecto tambi\u00e9n contempla gu\u00edas para orientar a las personas sobre los recursos que tienen a su disposici\u00f3n para estar m\u00e1s seguros en las redes sociales mencionadas. El contenido fue creado por las tres organizaciones y considera el combate a pr\u00e1cticas como ingenier\u00eda social, <em>phishing<\/em>\u00a0y robo de identidad. Asimismo, invita a los usuarios a reportar abusos ante organizaciones especializadas en seguridad, como Consejo Ciudadano y\u00a0\u00a0las autoridades correspondientes.<\/p>\n<p>El esfuerzo resulta especialmente relevante, ya que M\u00e9xico est\u00e1 entre los pa\u00edses que reciben m\u00e1s ataques cibern\u00e9ticos en Am\u00e9rica Latina, y la seguridad en l\u00ednea es de las principales barreras para el comercio digital: 80 por ciento de las personas que a\u00fan no realizan ompras en l\u00ednea tienen temor a ser v\u00edctimas de fraudes electr\u00f3nicos.\u00a0 <strong>Juan Manuel Casanueva<\/strong>, director de <em>SocialTIC<\/em>dijo: hoy en d\u00eda, cuando todos los aspectos de la vida se mezclan en espacios virtuales y presenciales, es fundamental que conozcamos mejor las plataformas digitales que utilizamos, espec\u00edficamente sus configuraciones de seguridad y privacidad as\u00ed como sus normas comunitarias y mecanismos de reporte\u00bb.<\/p>\n<p>Por su parte, <strong>Andr\u00e9s Casta\u00f1eda<\/strong>, vicepresidente Ejecutivo Digital y Experiencia al Cliente de la aerol\u00ednea indic\u00f3: \u201cpara Aerom\u00e9xico la seguridad\u00a0\u00a0es la m\u00e1s alta prioridad y este principio lo aplicamos en toda la experiencia de viaje. Nos sentimos orgullosos porque esta alianza de tecnolog\u00eda y talento ayuda a nuestros clientes y al p\u00fablico en general para que puedan utilizar las redes sociales y hacer sus compras en l\u00ednea con m\u00e1s seguridad, aplicando\u00a0\u00a0funciones que protejan de la mejor manera sus datos personales\u201d.<\/p>\n<p>\u201cReconocemos y compartimos el compromiso de Aerom\u00e9xico y <em>SocialTIC<\/em>con la seguridad de las personas en l\u00ednea, su contribuci\u00f3n es clave para frenar los distintos tipos de estafas que se presentan en los espacios digitales\u201d, expres\u00f3 <strong>Marco Casar\u00edn<\/strong>, director general de Meta en M\u00e9xico.<\/p>\n<p>\u201cLa primera barrera de seguridad ante los estafadores somos los usuarios. Si adoptamos pr\u00e1cticas como la gesti\u00f3n de contrase\u00f1as seguras y la activaci\u00f3n de la verificaci\u00f3n de dos pasos estaremos incrementando nuestras defensas y podremos evitar ser v\u00edctimas de fraudes. Generar espacios seguros para las personas seguir\u00e1 siendo prioridad para Meta, y por eso desarrollamos inteligencia artificial y aprendizaje autom\u00e1tico que detecta y elimina cuentas y contenido fraudulento\u201d, agreg\u00f3.<\/p>\n<p>Los materiales e informaci\u00f3n estar\u00e1n disponibles en las redes sociales de Aerom\u00e9xico y <em>SocialTIC<\/em>. Para m\u00e1s informaci\u00f3n: facebook.com\/seguridad,<a href=\"https:\/\/protege.la\/\">\u00a0<\/a><a href=\"https:\/\/protege.la\/\">protege.la<\/a>, o recibe asesor\u00eda del Consejo Ciudadano escribiendo a Adelita Sindelito en <em>Messenger<\/em>(<a href=\"http:\/\/m.me\/ConsejoCiudadanoMX\">m.me\/ConsejoCiudadanoMX<\/a>) y a su chat de confianza en <em>WhatsApp <\/em>(<a href=\"https:\/\/wa.me\/525555335533\">https:\/\/wa.me\/525555335533<\/a>).<\/p>\n<p><strong>\u2730\u2730\u2730\u2730\u2730 <\/strong>El\u00a0<strong>suelo de vidrio del<\/strong>\u00a0<em>Ponte della Costituzione<\/em>\u00a0(Puente de la Constituci\u00f3n) dise\u00f1ado por el arquitecto espa\u00f1ol Santiago Calatrava, desde su inauguraci\u00f3n en el a\u00f1o 2008, el innovador puente, instalado sobre el Gran Canal para unir la estaci\u00f3n de trenes de Santa Luc\u00eda con la terminal <em>Piazzale Roma<\/em>, ha representado\u00a0peligro de ca\u00eddas para turistas y vecinos.<\/p>\n<p>Por esta raz\u00f3n, el Ayuntamiento de\u00a0Venecia,\u00a0Italia\u00a0ha decidido cambiarlo. \u201cNo es un puente, es una trampa\u201d, se lamentaba <strong>Angelo Xalle<\/strong>, portuario veneciano jubilado, en declaraciones al diario<em>\u00a0The New York Times<\/em>.<\/p>\n<p>El suelo de la obra arquitect\u00f3nica de Calatrava, constituido por placas de vidrio, se convierte en superficie extremadamente deslizante y resbaladiza\u00a0con las primeras gotas de lluvia o la humedad inherente a la ciudad rodeada de agua como Venecia.<\/p>\n<p>Debido al riesgo que representa, el consistorio veneciano ha optado por sustituir completamente el firme de vidrio, para\u00a0instalar nuevo elaborado con traquita\u00a0(roca volc\u00e1nica de alta rugosidad), que costar\u00e1, aproximadamente, medio mill\u00f3n de euros.\u00a0 <strong>\u00a0<\/strong><\/p>\n<p>\u2730\u2730\u2730\u2730\u2730 El pr\u00f3ximo 1 de abril, la cadena hotelera <em>AMR Collection <\/em>abrir\u00e1 su primer resort, en\u00a0<strong>Cartagena de Indias,\u00a0<\/strong>Colombia, el <em>Dreams Karibana Cartagena Beach &amp; Golf Resort<\/em>.<\/p>\n<p>El lujoso complejo contar\u00e1 con\u00a0<strong>268 habitaciones<\/strong>, todas con terraza privada, balc\u00f3n o acceso a piscina privada.<\/p>\n<p>Tambi\u00e9n dispondr\u00e1 de<strong>\u00a0cinco bares y lounges<\/strong>,\u00a0<strong>tres restaurantes\u00a0<\/strong>a la carta, club de playa privado y\u00a0<strong>campo de golf\u00a0<\/strong>de 18 hoyos, as\u00ed como servicio de camarero en la piscina y en la playa. Y contar\u00e1 con m\u00e1s de 2 mil 500 metros cuadrados de espacios para eventos y reuniones.<\/p>\n<p>\u2730\u2730\u2730\u2730\u2730 La ciudad de Madrid contar\u00e1\u00a0en la Gu\u00eda <em>Michelin 2022<\/em>con 21 restaurantes con estrella: uno con tres, <em>DiverXo;<\/em>cinco con dos: <em>Smoked Room<\/em>\u2013el reci\u00e9n llegado a la lista-Paco Roncero, Ram\u00f3n Freixa Madrid, <em>DSTAgE<\/em>y <em>Coque. <\/em>16 con una: <em>Kabuki<\/em>, Ricardo Sanz; <em>Wellington,\u00a0L\u00faa,<\/em><em>A&#8217;Barra,<\/em>Gayt\u00e1n,\u00a0Cebo, Yugo, La Tasquer\u00eda, Clos Madrid, El Corral de la Morer\u00eda Gastron\u00f3mico, El Invernadero,\u00a0<em>Gofio,\u00a0Saddle, Deessa<\/em>y <em>Quimbaya<\/em>&#8211;las novedades entre los \u00abuniestrellados madrile\u00f1os\u00bb&#8211; 17 con la distinci\u00f3n <em>Bib Gourmand<\/em>, y dos con la Estrella verde <em>Michelin:<\/em>El Invernadero y nueva para Coque. Adem\u00e1s otros 80 restaurantes aparecen recomendados.<\/p>\n<p><strong>Cabe destacar, adem\u00e1s, que <\/strong>el \u00edndice Euromonitor International 2021 sit\u00faa a Madrid entre los principales destinos del mundo. La capital espa\u00f1ola ocupa el puesto n\u00famero cuatro del ranking solo detr\u00e1s de Par\u00eds, Dubai y Amsterdam. En materia de sostenibilidad, Madrid obtiene el primer puesto y el tercero en cuanto a pol\u00edtica tur\u00edstica y atractivos.<\/p>\n<p>&nbsp;<\/p>\n<blockquote>\n<p style=\"text-align: right;\">\u201c<strong>El<\/strong> <strong>\u00e1ngel de la fama tiene sus alas hechas de papel&#8230; peri\u00f3dico\u201d.<br \/>\n<\/strong><\/p>\n<\/blockquote>\n<p>&nbsp;<\/p>\n<p><em><span class=\"Apple-converted-space\"><a href=\"mailto:victoriagprado@gmail.com\" target=\"_blank\" rel=\"noopener noreferrer\">victoriagprado@gmail.com<\/a><br \/>\nTwitter: <a href=\"https:\/\/twitter.com\/victoriagprado\" target=\"_blank\" rel=\"noopener noreferrer\">@victoriagprado<\/a><\/span><\/em><\/p>\n","protected":false},"excerpt":{"rendered":"<p>Con el objetivo de ayudar a las personas a configurar sus cuentas para que sean m\u00e1s seguras y privadas, prevenir y reportar intentos de fraude, incluyendo los relacionados con la venta de viajes y boletos de avi\u00f3n, Aerom\u00e9xico, Meta y la organizaci\u00f3n especializada en seguridad digital, <em>SocialTIC<\/em>, unieron esfuerzos, tecnolog\u00eda y talento para promover recomendaciones y herramientas de seguridad en l\u00ednea, especialmente en <em>Facebook<\/em>, <em>Instagram<\/em> y <em>WhatsApp<\/em>.<\/p>\n","protected":false},"author":3,"featured_media":531809,"comment_status":"open","ping_status":"open","sticky":false,"template":"","format":"standard","meta":{"_monsterinsights_skip_tracking":false,"_monsterinsights_sitenote_active":false,"_monsterinsights_sitenote_note":"","_monsterinsights_sitenote_category":0,"footnotes":""},"categories":[11],"tags":[107,43674,43681,106],"class_list":["post-531757","post","type-post","status-publish","format-standard","has-post-thumbnail","hentry","category-turismo","tag-de-cinco-estrellas","tag-opinion","tag-turismo","tag-victoria-gonzalez-prado"],"_links":{"self":[{"href":"https:\/\/www.diarioimagen.net\/index.php?rest_route=\/wp\/v2\/posts\/531757","targetHints":{"allow":["GET"]}}],"collection":[{"href":"https:\/\/www.diarioimagen.net\/index.php?rest_route=\/wp\/v2\/posts"}],"about":[{"href":"https:\/\/www.diarioimagen.net\/index.php?rest_route=\/wp\/v2\/types\/post"}],"author":[{"embeddable":true,"href":"https:\/\/www.diarioimagen.net\/index.php?rest_route=\/wp\/v2\/users\/3"}],"replies":[{"embeddable":true,"href":"https:\/\/www.diarioimagen.net\/index.php?rest_route=%2Fwp%2Fv2%2Fcomments&post=531757"}],"version-history":[{"count":0,"href":"https:\/\/www.diarioimagen.net\/index.php?rest_route=\/wp\/v2\/posts\/531757\/revisions"}],"wp:featuredmedia":[{"embeddable":true,"href":"https:\/\/www.diarioimagen.net\/index.php?rest_route=\/wp\/v2\/media\/531809"}],"wp:attachment":[{"href":"https:\/\/www.diarioimagen.net\/index.php?rest_route=%2Fwp%2Fv2%2Fmedia&parent=531757"}],"wp:term":[{"taxonomy":"category","embeddable":true,"href":"https:\/\/www.diarioimagen.net\/index.php?rest_route=%2Fwp%2Fv2%2Fcategories&post=531757"},{"taxonomy":"post_tag","embeddable":true,"href":"https:\/\/www.diarioimagen.net\/index.php?rest_route=%2Fwp%2Fv2%2Ftags&post=531757"}],"curies":[{"name":"wp","href":"https:\/\/api.w.org\/{rel}","templated":true}]}}