{"id":531770,"date":"2022-01-12T00:04:02","date_gmt":"2022-01-12T06:04:02","guid":{"rendered":"https:\/\/www.diarioimagen.net\/?p=531770"},"modified":"2022-01-11T22:59:46","modified_gmt":"2022-01-12T04:59:46","slug":"cambios-en-relaciones","status":"publish","type":"post","link":"https:\/\/www.diarioimagen.net\/?p=531770","title":{"rendered":"Cambios en Relaciones"},"content":{"rendered":"<h2>Desde el portal<\/h2>\n<h5>\u00c1ngel Soriano<\/h5>\n<p>&nbsp;<\/p>\n<p>El presidente Andr\u00e9s Manuel L\u00f3pez Obrador, que durante la conferencia de prensa ma\u00f1anera del lunes 10 reconoci\u00f3 que \u201camaneci\u00f3 ronco\u201d, confirm\u00f3 m\u00e1s tarde que se hizo la prueba y result\u00f3 positivo a Covid-19, por lo que el secretario de Gobernaci\u00f3n, Ad\u00e1n Augusto L\u00f3pez Hern\u00e1ndez,le sustituir\u00e1 en las conferencias mientras permanece aislado.<\/p>\n<p>Respondi\u00f3 a las declaraciones del coordinador de la Jucopo del Senado, Ricardo Monreal, en el sentido de que los radicales de su gobierno acabar\u00e1n con el pa\u00eds. Dijo el Presidente que s\u00ed, efectivamente, son radicales porque desean un cambio de ra\u00edz, transformar todo, no andar con medias tintas.<\/p>\n<p>Respecto al porqu\u00e9 su gobierno no enviar\u00eda representante a la toma de posesi\u00f3n, por cuarta ocasi\u00f3n, de Daniel Ortega como presidente, dijo no estar enterado de cu\u00e1ndo ser\u00eda la ceremonia y cuando se le inform\u00f3 que ser\u00eda a las 4 de la tarde indic\u00f3 que si daba tiempo enviar\u00edan representante de acuerdo con lo que indica el 89 Constitucional de la no intromisi\u00f3n en asuntos internos de otros pa\u00edses y pleno respeto a su soberan\u00eda.<\/p>\n<p>Estuvo Ramiro Ayala, jefe de la canciller\u00eda en la embajada de M\u00e9xico en Nicaragua. Es que de una vez lo voy a decir, \u00e9l es el encargado de negocios, porque no tenemos embajador, pero ya vamos a pedir el benepl\u00e1cito del gobierno de Venezuela, porque va a ser embajador Leopoldo de Gyves y el periodista Guillermo Zamora va a Nicaragua, pero vienen otros cambios, anunci\u00f3.<\/p>\n<p style=\"text-align: center;\"><strong>Turbulencias<br \/>\nGira por Centroam\u00e9rica<\/strong><\/p>\n<p>Antes de que se enterada que padece Covid, en su conferencia de prensa el presidente L\u00f3pez Obrador anunci\u00f3 una gira por Centroam\u00e9rica as\u00ed como la visita de la nueva presidenta de Honduras,\u00a0 Xiomera Castro, y del nuevo presidente de Chile, Gabriel Boric; dijo que ha ido tres veces a la Uni\u00f3n Americana y no a la regi\u00f3n, por lo que tiene prevista una gira por la zona. Y pese a que el encargado de negocios en Nicaragua, Ramiro Ayala, acudi\u00f3 formalmente a la toma de posesi\u00f3n de Daniel Ortega como presidente de Nicaragua, ratific\u00f3 que es decisi\u00f3n de los nicarag\u00fcenses elegir a sus autoridades, seguramente hubo un error u omisi\u00f3n el que la canciller\u00eda mexicana haya anunciado que no habr\u00eda representante, situaci\u00f3n que el Presidente corri\u00f3 y de paso anunci\u00f3 cambios. Seguramente estos son en cuesti\u00f3n de embajadores o c\u00f3nsules con quienes se realizar\u00e1 una pr\u00f3xima reuni\u00f3n\u2026 La sorpresa fue la incorporaci\u00f3n al mundo diplom\u00e1tico del activista social Leopoldo de Gyves que ha realizado su trabajo pol\u00edtico en la regi\u00f3n del Istmo de Tehuantepec, concretamente en Juchit\u00e1n, en donde ha sido alcalde en dos ocasiones. Igual que el presidente AMLO, ha sido promotor del no pago de las tarifas de luz por ser \u00e9stas muy elevadas y buscaba la candidatura de Morena al gobierno del estado\u2026 Su salida de la regi\u00f3n obedece a dos razones: es un activista social como lo fue y es el Presidente a quien conoce de d\u00e9cadas; ha sido facilitador en la realizaci\u00f3n del corredor trans\u00edstmico al grado que las comunidades no han protestado como en sexenios anteriores y le allana el camino al senador con licencia Salom\u00f3n Jara, que tambi\u00e9n tiene sus huestes en la regi\u00f3n. Son reacomodos pol\u00edticos, burocr\u00e1ticos y administrativos con miras al proceso electoral del 5 de junio\u2026 Y tambi\u00e9n le aclar\u00f3 al senador Monreal que la lucha anticipada por el relevo presidencial obedece a que en M\u00e9xico ya no hay tapadismo como en el porfirismo: ahora los aspirantes alzan la mano y se exponen a la opini\u00f3n p\u00fablica. Son los cambios que promueve la IV Transformaci\u00f3n.<\/p>\n<p><u><a href=\"mailto:asorianocarrasco@yahoo.com\" target=\"_blank\" rel=\"noopener noreferrer\"><em>asorianocarrasco@yahoo.com<\/em><\/a><br \/>\n<em><a href=\"https:\/\/revistabrecha.com\" target=\"_blank\" rel=\"noopener noreferrer\">www.revistabrecha.com<\/a><br \/>\n<a href=\"https:\/\/twitter.com\/brecharevista\" target=\"_blank\" rel=\"noopener noreferrer\">@BrechaRevista<\/a><\/em><\/u><\/p>\n","protected":false},"excerpt":{"rendered":"<p><span style=\"color: #005497;\"><strong>\u00c1ngel Soriano<\/strong><\/span><\/p>\n","protected":false},"author":3,"featured_media":0,"comment_status":"open","ping_status":"open","sticky":false,"template":"","format":"standard","meta":{"_monsterinsights_skip_tracking":false,"_monsterinsights_sitenote_active":false,"_monsterinsights_sitenote_note":"","_monsterinsights_sitenote_category":0,"footnotes":""},"categories":[135],"tags":[85,86,43674],"class_list":["post-531770","post","type-post","status-publish","format-standard","hentry","category-angel-soriano-opinion","tag-angel-soriano","tag-desde-el-portal","tag-opinion"],"_links":{"self":[{"href":"https:\/\/www.diarioimagen.net\/index.php?rest_route=\/wp\/v2\/posts\/531770","targetHints":{"allow":["GET"]}}],"collection":[{"href":"https:\/\/www.diarioimagen.net\/index.php?rest_route=\/wp\/v2\/posts"}],"about":[{"href":"https:\/\/www.diarioimagen.net\/index.php?rest_route=\/wp\/v2\/types\/post"}],"author":[{"embeddable":true,"href":"https:\/\/www.diarioimagen.net\/index.php?rest_route=\/wp\/v2\/users\/3"}],"replies":[{"embeddable":true,"href":"https:\/\/www.diarioimagen.net\/index.php?rest_route=%2Fwp%2Fv2%2Fcomments&post=531770"}],"version-history":[{"count":0,"href":"https:\/\/www.diarioimagen.net\/index.php?rest_route=\/wp\/v2\/posts\/531770\/revisions"}],"wp:attachment":[{"href":"https:\/\/www.diarioimagen.net\/index.php?rest_route=%2Fwp%2Fv2%2Fmedia&parent=531770"}],"wp:term":[{"taxonomy":"category","embeddable":true,"href":"https:\/\/www.diarioimagen.net\/index.php?rest_route=%2Fwp%2Fv2%2Fcategories&post=531770"},{"taxonomy":"post_tag","embeddable":true,"href":"https:\/\/www.diarioimagen.net\/index.php?rest_route=%2Fwp%2Fv2%2Ftags&post=531770"}],"curies":[{"name":"wp","href":"https:\/\/api.w.org\/{rel}","templated":true}]}}