{"id":531771,"date":"2022-01-12T00:02:03","date_gmt":"2022-01-12T06:02:03","guid":{"rendered":"https:\/\/www.diarioimagen.net\/?p=531771"},"modified":"2022-01-11T22:58:22","modified_gmt":"2022-01-12T04:58:22","slug":"con-reacomodos-amlo-supone-que-mejorara-deplorable-labor-de-su-gabinete","status":"publish","type":"post","link":"https:\/\/www.diarioimagen.net\/?p=531771","title":{"rendered":"Con reacomodos, AMLO supone que mejorar\u00e1 deplorable labor de su gabinete"},"content":{"rendered":"<h2>La Retaguardia<\/h2>\n<h5>Adriana Moreno Cordero<\/h5>\n<p>&nbsp;<\/p>\n<ul>\n<li><strong><em>Que Claudia Sheinbaum Pardo se asesore mejor con Hugo L\u00f3pez-Gatell<\/em><\/strong><\/li>\n<\/ul>\n<p>&nbsp;<\/p>\n<p>Si el presidente <strong>Andr\u00e9s Manuel L\u00f3pez Obrador<\/strong>, desde su encierro en su despacho de Palacio Nacional, supuso que con hacer reacomodos en su flamante gabinete iba a mejorar la deplorable labor que ha hecho su equipo cercano de trabajo en estos tres a\u00f1os de administraci\u00f3n, cay\u00f3 en un gran error, pues la incapacidad es lo que seguir\u00e1 campeando en el gabinete lopezobradorista y dista mucho tambi\u00e9n de poner orden, cuando el propio tabasque\u00f1o fue el responsable de iniciar las pugnas internas en Morena, al adelantar tanto la carrera presidencial rumbo a 2024 y luego con el p\u00e9simo manejo que ha hecho de esta cuarta ola de \u201ccovidcito\u201d, pues peor.<\/p>\n<p>Eso s\u00ed, el inquilino de Palacio Nacional quiso \u201camarrarse el dedo\u201d y puso especial cuidado en la secretar\u00eda del Bienestar, cuyo titular dej\u00f3 de ser <strong>Javier May<\/strong>, sin embargo, se supone que envi\u00f3 a esa cartera que es la que le propinar\u00e1 votos para que repita Morena en la Presidencia de la Rep\u00fablica, a gente que sabe operar, o por lo menos, as\u00ed se han \u201cvendido\u201d.<\/p>\n<p>Y entr\u00f3 al relevo en Bienestar, la segunda de a bordo, <strong>Ariadna Montiel Reyes,<\/strong> quien en cuanto se enter\u00f3 que el tabasque\u00f1o, por segunda ocasi\u00f3n se contagi\u00f3 de Covid, de inmediato, por las \u201cex benditas redes\u201d, le envi\u00f3 un cari\u00f1oso mensaje a su \u201cquerido Presidente\u201d, a la voz de que \u201csu salud se fortalece con el amor del pueblo mexicano\u201d. \u00bfSer\u00e1?<\/p>\n<p>La se\u00f1ora Montiel es una de las personas m\u00e1s cercanas al Presidente, desde que \u00e9ste se desempe\u00f1\u00f3 como jefe de Gobierno del entonces Distrito Federal, ya que ella ocupaba la titularidad de la Red de Transporte de Pasajeros y luego fue diputada local.<\/p>\n<p>Ahora, en sus manos, la reci\u00e9n designada funcionaria, tiene la principal carta con la que cuenta el inquilino de Palacio Nacional para seguir dotando de abundantes recursos a los programas sociales del mandatario, s\u00ed, esos con los que capta votos de los llamados \u201cninis\u201d con su programa \u201cJ\u00f3venes Destruyendo, (\u00a1\u00a1perd\u00f3n!!) Construyendo el Futuro\u201d y los adultos mayores y que por cierto, cada vez le salen m\u00e1s caros, pero de cualquier manera, a L\u00f3pez Obrador no le importa dejar en la total incertidumbre otras \u00e1reas prioritarias como por ejemplo, la compra de pruebas de Covid-19, sobre todo ahora que el flamante subsecretario de Prevenci\u00f3n y Promoci\u00f3n de la Salud, <strong>Hugo L\u00f3pez-Gatell<\/strong>, dice que la escasez de \u00e9stas es mundial.<\/p>\n<p>Respecto a <strong>Javier May Rodr\u00edguez,<\/strong> hay que subrayar que fue enviado a Fonatur para hacerse responsable por consecuencia de una de las obras \u201cestrella\u201d del presidente, el Tren Maya, que se dirige directo al fracaso porque los costos se elevan un d\u00eda s\u00ed y al otro tambi\u00e9n, am\u00e9n de que recientemente, se cambi\u00f3 el trazo de este \u201cmagna\u201d obra con vagones destartalados y toda la cosa. Entonces, May Rodr\u00edguez tiene ya la alta responsabilidad de sacarla adelante como pueda.<\/p>\n<p>Sin embargo, uno de los errores de este funcionario, es que parte de la err\u00f3nea teor\u00eda de que solamente el paisanaje\u00a0 le basta para estar cerca del tabasque\u00f1o. Lo que s\u00ed hay que reconocerle, es que hasta ahora le ha funcionado, pero qui\u00e9n sabe en el futuro.<\/p>\n<p>Y dentro de estos reacomodos, destaca el de <strong>Rogelio Jim\u00e9nez Pons<\/strong>, ex de Fonatur que ahora llega a la subsecretar\u00eda de Transportes de la SCT, de lo que puede desprenderse que el verdadero secretario de Comunicaciones y Transportes, ser\u00e1 \u00e9l y no <strong>Jorge Arganiz<\/strong>, que por su edad, ya no puede asumir tal responsabilidad y m\u00e1s bien es una especie de ornato en esa dependencia.<\/p>\n<p style=\"text-align: center;\"><strong>Municiones<\/strong><\/p>\n<p>*** El presidente L\u00f3pez Obrador sigue activo v\u00eda virtual y desde la soledad de su despacho, opera \u00e9l mismo otras cuestiones, pero al parecer, las cosas no le han salido tan bien como \u00e9l quisiera. Despu\u00e9s de la anunciada ruptura entre el tabasque\u00f1o y el presidente de la Junta de Coordinaci\u00f3n Pol\u00edtica del Senado de la Rep\u00fablica, <strong>Ricardo Monreal<\/strong>, por ah\u00ed surgi\u00f3 alguna voz que pidi\u00f3 realizar una consulta para considerar la remoci\u00f3n del zacatecano de la coordinaci\u00f3n de Morena en esa instancia legislativa y fue la senadora <strong>Antares V\u00e1zquez<\/strong> en una entrevista con conocido diario, pero al parecer, la voz de esta legisladora no encontr\u00f3 eco pues el senador Monreal Avila ha sabido tejer fino y hasta los radicales que conforman la bancada del partido oficial en la C\u00e1mara Alta, le han brindado su respaldo, as\u00ed que por el momento, \u00bfqui\u00e9n se qued\u00f3 con un palmo de narices?<\/p>\n<p>*** \u00a1Qu\u00e9 tristeza!, que el flamante secretario de Salud, <strong>Jorge Alcocer<\/strong> no sea el m\u00e9dico que est\u00e9 tratando a L\u00f3pez Obrador en su segundo contagio de Covid-19. Seguramente \u00e9l mismo ya le hubiera preparado de esos tecitos que las mam\u00e1s les dan a sus hijos cuando se enferman y lo habr\u00eda dotado ya del famoso ung\u00fcento mentolado. Aun as\u00ed, es el secretario Alcocer Varela el que informa sobre el estado de salud del de Tepetit\u00e1n, a pesar de que fue el propio Presidente el que v\u00eda virtual en la ma\u00f1anera se tom\u00f3 la temperatura y la oxigenaci\u00f3n, aunque esta \u00faltima lo hizo en el dedo incorrecto. As\u00ed, el titular de Salud, dijo que est\u00e1 m\u00e1s que pendiente sobre cualquier duda que pudiera tener el Ejecutivo Federal y anunci\u00f3 que ser\u00e1 la semana pr\u00f3xima cuando retome sus actividades de manera presencial.<\/p>\n<p>*** Pues nada, que la flamante jefa de Gobierno de la Ciudad de M\u00e9xico, <strong>Claudia Sheinbaum<\/strong>, \u00a0tiene previsto hacerse una prueba de\u00a0Covid-19, luego de que mantuvo contacto con el presidente L\u00f3pez Obrador. La funcionaria capitalina explic\u00f3 que solamente est\u00e1 a la espera de que\u00a0<strong>Olivia L\u00f3pez Arellano<\/strong>, secretaria de\u00a0Salud\u00a0de la\u00a0CDMX, le d\u00e9 las instrucciones necesarias para hacerlo.\u00a0A buen \u00e1rbol se arrima la se\u00f1ora Sheinbaum Pardo, mejor que se asesore con el funcionario \u201cestrella\u201d, L\u00f3pez-Gatell porque de seguro \u00e9ste le va a decir que no debe de \u201csalir corriendo\u201d a hacerse la prueba, que mejor ya de una vez se asuma como contagiada y se a\u00edsle. \u00a1Qu\u00e9 Tal!<\/p>\n<p>*** Como en muchos otros lugares a lo largo y ancho del pa\u00eds, en la C\u00e1mara de Diputados contin\u00faan de forma muy r\u00e1pida los contagios de coronavirus, por lo que hoy sesionar\u00e1 la Comisi\u00f3n Permanente en el Palacio Legislativo de San L\u00e1zaro, pero de forma semi presencial.<\/p>\n<p>*** Malas noticias para el director del IMSS, <strong>Zo\u00e9 Robledo<\/strong>, que por fin dio la cara: la modalidad de obtener la incapacidad 3.0 por Covid v\u00eda virtual, de plano todo indica que no le funcionar\u00e1. Las largas filas de derechohabientes en espera de horas y horas para ser atendidos se extendieron por otros hospitales de dicho Instituto.<\/p>\n<p><u><a href=\"mailto:morcora@gmail.com\" target=\"_blank\" rel=\"noopener noreferrer\"><em>morcora@gmail.com<\/em><\/a><\/u><\/p>\n","protected":false},"excerpt":{"rendered":"<p><span style=\"color: #005497;\"><strong>Adriana Moreno Cordero<\/strong><\/span><\/p>\n","protected":false},"author":3,"featured_media":0,"comment_status":"open","ping_status":"open","sticky":false,"template":"","format":"standard","meta":{"_monsterinsights_skip_tracking":false,"_monsterinsights_sitenote_active":false,"_monsterinsights_sitenote_note":"","_monsterinsights_sitenote_category":0,"footnotes":""},"categories":[69370],"tags":[69369,69368,43674],"class_list":["post-531771","post","type-post","status-publish","format-standard","hentry","category-adriana-moreno-cordero","tag-adriana-moreno-cordero","tag-la-retaguardia","tag-opinion"],"_links":{"self":[{"href":"https:\/\/www.diarioimagen.net\/index.php?rest_route=\/wp\/v2\/posts\/531771","targetHints":{"allow":["GET"]}}],"collection":[{"href":"https:\/\/www.diarioimagen.net\/index.php?rest_route=\/wp\/v2\/posts"}],"about":[{"href":"https:\/\/www.diarioimagen.net\/index.php?rest_route=\/wp\/v2\/types\/post"}],"author":[{"embeddable":true,"href":"https:\/\/www.diarioimagen.net\/index.php?rest_route=\/wp\/v2\/users\/3"}],"replies":[{"embeddable":true,"href":"https:\/\/www.diarioimagen.net\/index.php?rest_route=%2Fwp%2Fv2%2Fcomments&post=531771"}],"version-history":[{"count":0,"href":"https:\/\/www.diarioimagen.net\/index.php?rest_route=\/wp\/v2\/posts\/531771\/revisions"}],"wp:attachment":[{"href":"https:\/\/www.diarioimagen.net\/index.php?rest_route=%2Fwp%2Fv2%2Fmedia&parent=531771"}],"wp:term":[{"taxonomy":"category","embeddable":true,"href":"https:\/\/www.diarioimagen.net\/index.php?rest_route=%2Fwp%2Fv2%2Fcategories&post=531771"},{"taxonomy":"post_tag","embeddable":true,"href":"https:\/\/www.diarioimagen.net\/index.php?rest_route=%2Fwp%2Fv2%2Ftags&post=531771"}],"curies":[{"name":"wp","href":"https:\/\/api.w.org\/{rel}","templated":true}]}}