{"id":531772,"date":"2022-01-12T00:05:25","date_gmt":"2022-01-12T06:05:25","guid":{"rendered":"https:\/\/www.diarioimagen.net\/?p=531772"},"modified":"2022-01-11T23:01:46","modified_gmt":"2022-01-12T05:01:46","slug":"nadien-como-cuauhtemoc","status":"publish","type":"post","link":"https:\/\/www.diarioimagen.net\/?p=531772","title":{"rendered":"\u201cNadien\u201d como Cuauht\u00e9moc"},"content":{"rendered":"<h2>Perfil de M\u00e9xico<\/h2>\n<h5>Armando R\u00edos Ruiz<\/h5>\n<p>&nbsp;<\/p>\n<p>En todo el mundo, son miles de millones de personas las que est\u00e1n seguras de que para ser buen gobernante es necesario contar, entre otros muchos ingredientes, con una escolaridad que incluya licenciaturas, estudios de post grado y especialidades en asuntos pol\u00edticos. Mientras m\u00e1s sean los conocimientos, principalmente en materias como Teor\u00eda del Estado y muchas m\u00e1s relacionadas con el Derecho, mejor podr\u00eda ser el desenvolvimiento de un mandatario.<\/p>\n<p>El tema se presta para la discusi\u00f3n amplia y en este espacio no es posible agregar otros datos por lo reducido. Tal vez todas las p\u00e1ginas del diario no alcanzar\u00edan para exponer los considerandos que se necesitan. Pero grosso modo, lo dicho arriba es argumentado y aceptado en diferentes latitudes del globo.<\/p>\n<p>En su obra, <em>El Pr\u00edncipe<\/em>, el maestro de pol\u00edtica a trav\u00e9s del tiempo, Nicol\u00e1s Maquiavelo, dec\u00eda: \u201cEl Pr\u00edncipe debe hacer uso del hombre y de la bestia: astuto como un zorro para evadir las trampas y fuerte como le\u00f3n para espantar a los lobos.\u201d(Cap. XXIII), \u00e9l hace uso a la perfecci\u00f3n de una actitud digna de un zorro al usar, astutamente, una plataforma pol\u00edtica ya establecida que simplemente necesita para lograr acceder al poder\u201d.<\/p>\n<p>En otra parte de su legado, el florentino se\u00f1al\u00f3 que el buen gobernante debe ser firme, inteligente a la hora de escoger, respetar los bienes de los gobernados, mantener felices a los ciudadanos y evitar ser odiado, adem\u00e1s de contar con un compromiso con la prosperidad social. Absolutamente ning\u00fan parecido a lo que ocurre en M\u00e9xico, desde la Presidencia del pa\u00eds hasta los gobiernos de los estados y los representantes en las c\u00e1maras, que se han llenado de basura incompetente e ignorante.<\/p>\n<p>Hace muchos a\u00f1os escrib\u00ed en una columna, que los habitantes del estado de Morelos eran los peores a la hora de votar por su gobernador. Esta entidad ha sido gobernada muchas veces por personas que no nacieron all\u00e1. El caso de Cuauht\u00e9moc Blanco no es excepci\u00f3n. Tampoco lo es que se trate de un verdadero desastre en materia de cultura. \u00c9l mismo ha admitido que no termin\u00f3 siquiera la secundaria y pudo haber ido lejos. Se nota que ni siquiera la primaria.<\/p>\n<p>Ha sido destacado en los deportes. Como futbolista figur\u00f3 como estrella. Tal vez por ello, en lugar de gobernar ahora, le resulta m\u00e1s f\u00e1cil delegar en alguno de sus familiares, como su medio hermano Ulises Bravo Medina, quien sin contar con un nombramiento se encarga de hacer todos los negocios posibles. Practicar un deporte es f\u00e1cil y no hace da\u00f1o a nadie. Gobernar mal y retratarse con\u00a0 maleantes de primera l\u00ednea, s\u00ed. Por ello ha sido se\u00f1alado como el peor gobernador. Est\u00e1 precisamente en \u00faltimo lugar de la lista.<\/p>\n<p>En una entrevista sobre el tema de una fotograf\u00eda suya con narcos, que por cierto abundan en su mandato en Morelos, respondi\u00f3 a una pregunta con una respuesta pre elaborada. No por \u00e9l, que no hubiera tenido el ingenio suficiente para inventarla. Sino por otros pol\u00edticos que la han repetido infinidad de veces: \u201ca m\u00ed los narcos me dan risa. Es guerra sucia\u201d<\/p>\n<p>Lo de la guerra sucia alude a otros pol\u00edticos que se encargan de denostar al principal por la raz\u00f3n que se quiera pensar. Por ello se escuch\u00f3 grotesca, pues, en el caso que cito, m\u00e1s bien parece aludir a pol\u00edticos inmersos en la actividad delictiva, que a pol\u00edticos que pretenden ensuciar su figura, ya demasiado enlodada en todos los renglones. Como en sus discursos llenos de disparates y a la hora de sumar. Dijo que de 10 delincuentes capturaron siete. \u201cNadien\u00a0 en administraciones pasadas, ha detenido a 7 personajes peligrosos, siete. Nos faltan cuatro de diez\u201d.<\/p>\n<p>Las narcomantas en Morelos, en contra de su gobernador comenzaron a menudear. Morena no las toma en cuenta, como en el pasado, el gobierno de Felipe Calder\u00f3n desde\u00f1\u00f3 las que anunciaban la relaci\u00f3n de Genaro Garc\u00eda Luna y el consentido de \u00e9ste, Luis C\u00e1rdenas Palomino \u2212acusado de haber asesinado a una persona en su juventud\u2212, con el narcotr\u00e1fico. Los resultados est\u00e1n a la vista.<\/p>\n<p><a href=\"mailto:ariosruiz@gmail.com\" target=\"_blank\" rel=\"noopener noreferrer\"><em>ariosruiz@gmail.com<\/em><\/a><\/p>\n","protected":false},"excerpt":{"rendered":"<p><span style=\"color: #005497;\"><strong>Armando R\u00edos Ruiz<\/strong><\/span><\/p>\n","protected":false},"author":3,"featured_media":0,"comment_status":"open","ping_status":"open","sticky":false,"template":"","format":"standard","meta":{"_monsterinsights_skip_tracking":false,"_monsterinsights_sitenote_active":false,"_monsterinsights_sitenote_note":"","_monsterinsights_sitenote_category":0,"footnotes":""},"categories":[88405],"tags":[88407,43674,91193],"class_list":["post-531772","post","type-post","status-publish","format-standard","hentry","category-armando-rios-ruiz","tag-armando-rios-ruiz","tag-opinion","tag-perfil-de-mexico"],"_links":{"self":[{"href":"https:\/\/www.diarioimagen.net\/index.php?rest_route=\/wp\/v2\/posts\/531772","targetHints":{"allow":["GET"]}}],"collection":[{"href":"https:\/\/www.diarioimagen.net\/index.php?rest_route=\/wp\/v2\/posts"}],"about":[{"href":"https:\/\/www.diarioimagen.net\/index.php?rest_route=\/wp\/v2\/types\/post"}],"author":[{"embeddable":true,"href":"https:\/\/www.diarioimagen.net\/index.php?rest_route=\/wp\/v2\/users\/3"}],"replies":[{"embeddable":true,"href":"https:\/\/www.diarioimagen.net\/index.php?rest_route=%2Fwp%2Fv2%2Fcomments&post=531772"}],"version-history":[{"count":0,"href":"https:\/\/www.diarioimagen.net\/index.php?rest_route=\/wp\/v2\/posts\/531772\/revisions"}],"wp:attachment":[{"href":"https:\/\/www.diarioimagen.net\/index.php?rest_route=%2Fwp%2Fv2%2Fmedia&parent=531772"}],"wp:term":[{"taxonomy":"category","embeddable":true,"href":"https:\/\/www.diarioimagen.net\/index.php?rest_route=%2Fwp%2Fv2%2Fcategories&post=531772"},{"taxonomy":"post_tag","embeddable":true,"href":"https:\/\/www.diarioimagen.net\/index.php?rest_route=%2Fwp%2Fv2%2Ftags&post=531772"}],"curies":[{"name":"wp","href":"https:\/\/api.w.org\/{rel}","templated":true}]}}