{"id":531779,"date":"2022-01-12T00:03:00","date_gmt":"2022-01-12T06:03:00","guid":{"rendered":"https:\/\/www.diarioimagen.net\/?p=531779"},"modified":"2022-01-11T23:06:57","modified_gmt":"2022-01-12T05:06:57","slug":"desaciertos-lopez-gatell","status":"publish","type":"post","link":"https:\/\/www.diarioimagen.net\/?p=531779","title":{"rendered":"(Des)aciertos L\u00f3pez-Gatell"},"content":{"rendered":"<h2>Espacio Electoral<\/h2>\n<h5>Eleazar Flores<strong>\u00a0<\/strong><\/h5>\n<p><strong>\u00a0<\/strong><\/p>\n<p><strong>A\u00daN HAY M\u00c1S-.<\/strong> Acostumbrados al lenguaje mendaz del subsecretario de Salud, Hugo L\u00f3pez-Gatell no deber\u00eda asombrar uno m\u00e1s, pero como se trata del presidente Andr\u00e9s Manuel L\u00f3pez Obrador, hay que tomar las mayores precauciones posibles.<\/p>\n<p><strong>PRIMERO-.<\/strong> Ignoro si haya sido el primero, pero s\u00ed uno de los m\u00e1s notorios, aquel al que el propio subsecretario L\u00f3pez-Gatell endosaba al padre de la Cuarta Transformaci\u00f3n la \u201cinmunidad presidencial\u201d que impedir\u00eda al mandatario contagiarse de coronavirus\u2026y va en el segundo.<\/p>\n<p><strong>SEGUNDO-.<\/strong> Fue a mediados del lejan\u00edsimo 2021 cuando el mismo subsecretario L\u00f3pez-Gatell asegur\u00f3 que el peor escenario para M\u00e9xico ser\u00eda llegar a las 60 mil vidas perdidas por culpa del coronavirus, \u201cser\u00eda catastr\u00f3fico\u201d, reiter\u00f3 y ya ve, vamos en 300,412. \u00bfQu\u00e9 calificativo emplear\u00eda el \u201ceficiente\u201d funcionario a tan elevada cifra de v\u00edctimas?<\/p>\n<p>Del cubrebocas mejor ni hablar, pues ni \u00e9l ni el L\u00f3pez mayor, o sea Obrador, lo utilizan, salvo cuando el padre de la Cuarta Transformaci\u00f3n es citado en la Uni\u00f3n Americana, antes por su \u201camigou\u201d Donald Trump y m\u00e1s recientemente por el presidente Joe Biden.<\/p>\n<p><strong>NO VACUNAS-.<\/strong> De mutuo propio, el subsecretario Hugo L\u00f3pez-Gatell neg\u00f3 aplicar vacunas contra el coronavirus a menores de edad y tuvo que intervenir el Poder Judicial para ordenar la aplicaci\u00f3n de la vacuna. No se olvida el \u201cfilos\u00f3fico\u201d pronunciamiento de L\u00f3pez en el sentido de al aplicar una vacuna a un menor era quit\u00e1rsela a un adulto, vaya, vaya.<\/p>\n<p><strong>CERO Y VAN 2-.<\/strong> Realmente sincero el deseo de una pronta recuperaci\u00f3n del presidente Andr\u00e9s Manuel L\u00f3pez Obrador de este \u201ccovidcito\u201d, enfermedad bautizada as\u00ed por el propio mandatario, s\u00f3lo que por desgracia, no todos los mexicanos conservadores o radicales, \u2014para evitar las medias tintas mal vistas por ya sabe quien\u2014, est\u00e1n en condiciones de enfrentar con tanta tranquilidad y comodidad la enfermedad.<\/p>\n<p>Hay quienes lo hacen en pleno desempleo con todas las carencias que ello conlleva y otras personas m\u00e1s, con la ineludible obligaci\u00f3n de asistir enfermas al trabajo presencial, o a cambio llevar una \u201cprueba anti-Covid\u201d, que usted lo ha visto, es m\u00e1s dif\u00edcil\u00a0 conseguir que un boleto en final de liguilla Chivas-\u00c1guilas. Ambas cosas me constan.<\/p>\n<p><strong>EDOMEX-.<\/strong>Por absurdo que usted crea, resulta que algunas oficinas del gobierno estatal est\u00e1n exigiendo a su personal acudir al trabajo presencial, olvidando los grados de flexibilidad y tolerancia que hab\u00edan caracterizado a esta administraci\u00f3n estatal.<\/p>\n<p>Podr\u00eda tratarse de funcionarios \u2014de educaci\u00f3n principalmente\u2014 que quieren ser m\u00e1s papistas que el papa para quedar bien con su(s) superior(es) jer\u00e1rquico(s), lo que pasa es que perjudican a su personal de apoyo y a sus superiores, que los tienen. Ojal\u00e1 se enteren y rectifiquen.<\/p>\n<p><em><a href=\"mailto:elefa44@gmail.com\" target=\"_blank\" rel=\"noopener noreferrer\">elefa44@gmail.com<\/a><\/em><\/p>\n","protected":false},"excerpt":{"rendered":"<p><span style=\"color: #005497;\"><strong>Eleazar Flores<\/strong><\/span><\/p>\n","protected":false},"author":3,"featured_media":0,"comment_status":"open","ping_status":"open","sticky":false,"template":"","format":"standard","meta":{"_monsterinsights_skip_tracking":false,"_monsterinsights_sitenote_active":false,"_monsterinsights_sitenote_note":"","_monsterinsights_sitenote_category":0,"footnotes":""},"categories":[81743],"tags":[81744,81776,43674],"class_list":["post-531779","post","type-post","status-publish","format-standard","hentry","category-eleazar-flores","tag-eleazar-flores","tag-espacio-electoral","tag-opinion"],"_links":{"self":[{"href":"https:\/\/www.diarioimagen.net\/index.php?rest_route=\/wp\/v2\/posts\/531779","targetHints":{"allow":["GET"]}}],"collection":[{"href":"https:\/\/www.diarioimagen.net\/index.php?rest_route=\/wp\/v2\/posts"}],"about":[{"href":"https:\/\/www.diarioimagen.net\/index.php?rest_route=\/wp\/v2\/types\/post"}],"author":[{"embeddable":true,"href":"https:\/\/www.diarioimagen.net\/index.php?rest_route=\/wp\/v2\/users\/3"}],"replies":[{"embeddable":true,"href":"https:\/\/www.diarioimagen.net\/index.php?rest_route=%2Fwp%2Fv2%2Fcomments&post=531779"}],"version-history":[{"count":0,"href":"https:\/\/www.diarioimagen.net\/index.php?rest_route=\/wp\/v2\/posts\/531779\/revisions"}],"wp:attachment":[{"href":"https:\/\/www.diarioimagen.net\/index.php?rest_route=%2Fwp%2Fv2%2Fmedia&parent=531779"}],"wp:term":[{"taxonomy":"category","embeddable":true,"href":"https:\/\/www.diarioimagen.net\/index.php?rest_route=%2Fwp%2Fv2%2Fcategories&post=531779"},{"taxonomy":"post_tag","embeddable":true,"href":"https:\/\/www.diarioimagen.net\/index.php?rest_route=%2Fwp%2Fv2%2Ftags&post=531779"}],"curies":[{"name":"wp","href":"https:\/\/api.w.org\/{rel}","templated":true}]}}