{"id":531883,"date":"2022-01-13T00:03:05","date_gmt":"2022-01-13T06:03:05","guid":{"rendered":"https:\/\/www.diarioimagen.net\/?p=531883"},"modified":"2022-01-13T02:42:55","modified_gmt":"2022-01-13T08:42:55","slug":"arranca-trenzaton-2022-en-huixquilucan-para-recuperar-confianza-de-las-pacientes-con-cancer","status":"publish","type":"post","link":"https:\/\/www.diarioimagen.net\/?p=531883","title":{"rendered":"Arranca Trenzat\u00f3n 2022 en Huixquilucan para recuperar confianza de las pacientes con c\u00e1ncer"},"content":{"rendered":"<p>&nbsp;<\/p>\n<ul>\n<li><strong><em>El cabello ser\u00e1 transformado en pelucas oncol\u00f3gicas<\/em><\/strong><\/li>\n<\/ul>\n<p>&nbsp;<\/p>\n<div id=\"attachment_532006\" style=\"width: 470px\" class=\"wp-caption aligncenter\"><a href=\"https:\/\/www.diarioimagen.net\/?attachment_id=532006\" rel=\"attachment wp-att-532006\"><img loading=\"lazy\" decoding=\"async\" aria-describedby=\"caption-attachment-532006\" class=\"size-full wp-image-532006\" src=\"https:\/\/www.diarioimagen.net\/wp-content\/uploads\/2022\/01\/huixquilucan-8.jpg\" alt=\"\" width=\"460\" height=\"345\" \/><\/a><p id=\"caption-attachment-532006\" class=\"wp-caption-text\">La alcaldesa Romina Contreras Carrasco, al encabezar la firma del convenio con la Fundaci\u00f3n Amoxkalli para poner en marcha este programa, indic\u00f3 que el objetivo del Trenzat\u00f3n 2022 es cambiarles la vida a las pacientes con c\u00e1ncer.<\/p><\/div>\n<p>&nbsp;<\/p>\n<p><strong>Huixquilucan, Estado de M\u00e9xico.\u2014<\/strong> Con la donaci\u00f3n de 325 trenzas recolectadas en el \u00faltimo a\u00f1o, elg de Huixquilucan y el Sistema Municipal DIF pusieron en marcha el \u201cTrenzat\u00f3n 2022\u201d; iniciativa con la que se busca cambiar la vida de aquellas mujeres que padecen c\u00e1ncer, pues el cabello ser\u00e1 transformado en pelucas oncol\u00f3gicas que les permitir\u00e1n recobrar su fortaleza para hacerle frente a esta enfermedad.<\/p>\n<p>Al encabezar la firma del convenio de colaboraci\u00f3n con la Fundaci\u00f3n Amoxkalli para poner en marcha este programa, la presidenta municipal, Romina Contreras Carrasco, indic\u00f3 que el objetivo del Trenzat\u00f3n 2022 es cambiarles la vida a las pacientes con c\u00e1ncer, pues al recuperar su cabello por medio de una peluca oncol\u00f3gica, tambi\u00e9n recobran su autoestima, lo que les posibilita no ser se\u00f1aladas y contar con el \u00e1nimo para seguir luchando hasta superar esta enfermedad.<\/p>\n<p>\u201cNuestra lucha es una lucha en conjunto. Sepan que no est\u00e1n solas, tienen el respaldo, por supuesto, de todo el ayuntamiento, de las fundaciones y de los corazones generosos. \u00c9sta es la sinergia que se hace con la sociedad civil y, por parte del Gobierno de Huixquilucan, sepan que tienen todo nuestro apoyo, todo nuestro respaldo y que no est\u00e1n solas en esta lucha. Seguimos comprometidos no solo en el mes de octubre, que es cuando se conmemora esta lucha, sino que, en el DIF Huixquilucan, los 365 d\u00edas del a\u00f1o estamos luchando de la mano con ustedes contra el c\u00e1ncer\u201d, mencion\u00f3.<\/p>\n<p>Romina Contreras explic\u00f3 que, a trav\u00e9s de la firma de este convenio, el Sistema Municipal DIF Huixquilucan se compromete a recolectar el cabello de las mujeres u hombres interesados en donarlo, en sus oficinas del DIF Central, as\u00ed como en los Centros de Desarrollo Comunitario que administra, mientras que la Fundaci\u00f3n Amoxkalli tendr\u00e1 la tarea de procesarlo en nuevas pelucas oncol\u00f3gicas.<\/p>\n<p>Subray\u00f3 que su administraci\u00f3n tiene un fuerte compromiso con la lucha contra el c\u00e1ncer, por lo que la Unidad Rosa contin\u00faa recorriendo las 49 comunidades y fraccionamientos que conforman Huixquilucan, con el objetivo de seguir avanzando hacia una detecci\u00f3n temprana de los casos de mama y cervicouterino que se presentan en la poblaci\u00f3n para que sean atendidos a tiempo.<\/p>\n<p>Agreg\u00f3 que tambi\u00e9n mantiene vigente la colaboraci\u00f3n con Fundaci\u00f3n Alma y otras instituciones de salud para que los pacientes puedan recibir su tratamiento oportunamente y cuenten con los recursos para hacer frente a esta enfermedad, mientras que algunos cirujanos pl\u00e1sticos de la fundaci\u00f3n referida donan sus servicios al hospital Mater Dei del Complejo Rosa M\u00edstica, con el fin de poder llevar a cabo la reconstrucci\u00f3n de mama a las pacientes de c\u00e1ncer que lo requieran.<\/p>\n<p>Por su parte, la vicepresidenta, fundadora y directora general del programa \u201cPeque\u00f1os Guerreros\u201d de la Fundaci\u00f3n Amoxkalli, Erika Verdejo Cruz, reconoci\u00f3 el compromiso del Gobierno de Huixquilucan y de su Sistema Municipal DIF para generar lazos de apoyo para estos pacientes de c\u00e1ncer, con la intenci\u00f3n de que no se sientan solos y no los invada el miedo por esta enfermedad.<\/p>\n<p>Mencion\u00f3 que la donaci\u00f3n de cabello es uno de los actos de generosidad m\u00e1s grandes que una persona pudiera tener, ya que el interesado se desprende de un elemento de su cuerpo al que vio crecer, con la intenci\u00f3n de ayudarle a una persona a adaptarse nuevamente en la sociedad, lo que le brinda la fortaleza para seguir adelante en la lucha contra el c\u00e1ncer.<\/p>\n<p>En este acto, Berenice Cuello Mart\u00ednez decidi\u00f3 renunciar a su larga cabellera para que \u00e9sta se transforme en una peluca oncol\u00f3gica para Mar\u00eda Cristina Aguilar, quien enfrenta al c\u00e1ncer.<\/p>\n<p>Las y los interesados en donar su cabello, el cual deber\u00e1 contar con un largo de 30 cent\u00edmetros como m\u00ednimo, estar limpio, no trenzado y sin haber sido procesado, podr\u00e1n acudir a entregarlo al Departamento de Capacitaci\u00f3n de la Mujer en el DIF Central, ubicado en carretera Huixquilucan \u2013 San Ram\u00f3n n\u00famero 66, en la comunidad de San Juan Bautista, o en alguno de los Talleres de Cultora de Belleza de los Centro de Desarrollo Comunitario existentes. La recepci\u00f3n ser\u00e1 de lunes a jueves, de 09:00 a 17:00 horas; y viernes de 09:00 a 15:00 horas. Se recomienda transportarlo en una bolsa tipo ziploc, con un papel en su interior, con los datos generales de la persona donante.<\/p>\n","protected":false},"excerpt":{"rendered":"<p>Con la donaci\u00f3n de 325 trenzas recolectadas en el \u00faltimo a\u00f1o, elg de Huixquilucan y el Sistema Municipal DIF pusieron en marcha el \u201cTrenzat\u00f3n 2022\u201d; iniciativa con la que se busca cambiar la vida de aquellas mujeres que padecen c\u00e1ncer, pues el cabello ser\u00e1 transformado en pelucas oncol\u00f3gicas que les permitir\u00e1n recobrar su fortaleza para hacerle frente a esta enfermedad.<\/p>\n","protected":false},"author":3,"featured_media":532006,"comment_status":"open","ping_status":"open","sticky":false,"template":"","format":"standard","meta":{"_monsterinsights_skip_tracking":false,"_monsterinsights_sitenote_active":false,"_monsterinsights_sitenote_note":"","_monsterinsights_sitenote_category":0,"footnotes":""},"categories":[5],"tags":[1466,43675,1097,72501],"class_list":["post-531883","post","type-post","status-publish","format-standard","has-post-thumbnail","hentry","category-estado-de-mexico","tag-cancer","tag-estado-de-mexico","tag-huixquilucan","tag-recuperar"],"_links":{"self":[{"href":"https:\/\/www.diarioimagen.net\/index.php?rest_route=\/wp\/v2\/posts\/531883","targetHints":{"allow":["GET"]}}],"collection":[{"href":"https:\/\/www.diarioimagen.net\/index.php?rest_route=\/wp\/v2\/posts"}],"about":[{"href":"https:\/\/www.diarioimagen.net\/index.php?rest_route=\/wp\/v2\/types\/post"}],"author":[{"embeddable":true,"href":"https:\/\/www.diarioimagen.net\/index.php?rest_route=\/wp\/v2\/users\/3"}],"replies":[{"embeddable":true,"href":"https:\/\/www.diarioimagen.net\/index.php?rest_route=%2Fwp%2Fv2%2Fcomments&post=531883"}],"version-history":[{"count":0,"href":"https:\/\/www.diarioimagen.net\/index.php?rest_route=\/wp\/v2\/posts\/531883\/revisions"}],"wp:featuredmedia":[{"embeddable":true,"href":"https:\/\/www.diarioimagen.net\/index.php?rest_route=\/wp\/v2\/media\/532006"}],"wp:attachment":[{"href":"https:\/\/www.diarioimagen.net\/index.php?rest_route=%2Fwp%2Fv2%2Fmedia&parent=531883"}],"wp:term":[{"taxonomy":"category","embeddable":true,"href":"https:\/\/www.diarioimagen.net\/index.php?rest_route=%2Fwp%2Fv2%2Fcategories&post=531883"},{"taxonomy":"post_tag","embeddable":true,"href":"https:\/\/www.diarioimagen.net\/index.php?rest_route=%2Fwp%2Fv2%2Ftags&post=531883"}],"curies":[{"name":"wp","href":"https:\/\/api.w.org\/{rel}","templated":true}]}}