{"id":531914,"date":"2022-01-13T00:02:29","date_gmt":"2022-01-13T06:02:29","guid":{"rendered":"https:\/\/www.diarioimagen.net\/?p=531914"},"modified":"2022-01-12T23:30:03","modified_gmt":"2022-01-13T05:30:03","slug":"gutierrez-luna-aplaude-pesimo-manejo-en-cuarta-ola-de-covid","status":"publish","type":"post","link":"https:\/\/www.diarioimagen.net\/?p=531914","title":{"rendered":"Guti\u00e9rrez Luna aplaude p\u00e9simo manejo en cuarta ola de Covid"},"content":{"rendered":"<h2>La Retaguardia<\/h2>\n<h5>Adriana Moreno Cordero<\/h5>\n<p>&nbsp;<\/p>\n<ul>\n<li><strong><em>Morena sigue presionando a Instituto Nacional Electoral<\/em><\/strong><\/li>\n<\/ul>\n<p>&nbsp;<\/p>\n<p>A la espera de que m\u00e1s de la mitad de los mexicanos -como estiman los especialistas- se contagien de Covid-19 en su variante Omicr\u00f3n y que por lo menos en nuestro pa\u00eds, podamos aprender a vivir con este virus, a sobrevivir con \u00e9l,\u00a0 en la sede de la C\u00e1mara de Diputados, una buena parte, personal principalmente de limpieza, ha salido positivo y lo sorprendente es que los filtros para ingresar al Palacio Legislativo de San L\u00e1zaro, se han hecho cada vez m\u00e1s laxos.<\/p>\n<p>Pero todav\u00eda m\u00e1s llama a sorpresa, la actitud que ha tenido quien encabeza los trabajos de la Comisi\u00f3n Permanente del Congreso de la Uni\u00f3n, el diputado <strong>Sergio Guti\u00e9rrez Luna<\/strong>, que hace un par de semanas sali\u00f3 positivo, tanto \u00e9l, como su esposa. El caso es que se dio a la tarea de aplaudir la pol\u00edtica que en el manejo de esta cuarta ola de coronavirus, ha hecho esta errada y llamada Cuarta Transformaci\u00f3n, al aseverar que el control de la pandemia por parte del gobierno federal ha sido responsable y sin mayor sustento, asegur\u00f3 que los casos presentados, se est\u00e1n recuperando m\u00e1s r\u00e1pidamente.<\/p>\n<p>Pues, con que poco se conforma el diputado morenista y a lo mejor no entendi\u00f3 bien que alrededor del 10 por ciento del personal de la C\u00e1mara Baja, est\u00e1 contagiado, porque inform\u00f3 en conferencia de prensa que en cuanto tenga el reporte sobre c\u00f3mo van evolucionando los casos, podr\u00e1 decidir si se realizan m\u00e1s pruebas PCR o no (lo m\u00e1s probable es que tome la \u00faltima opci\u00f3n).<\/p>\n<p>Esto \u00faltimo se debe a que el flamante subsecretario de Promoci\u00f3n y Prevenci\u00f3n de la Salud, <strong>Hugo L\u00f3pez Gatell<\/strong>, inform\u00f3 que la escasez de pruebas es a nivel mundial, porque los laboratorios no las pueden producir tan r\u00e1pidamente. No ofreci\u00f3 el funcionario mayor sustento, pero lo m\u00e1s probable es que no est\u00e9 enterado que en Estados Unidos hay una disposici\u00f3n de aproximadamente 50 mil pruebas diarias. Total, que puras fallas.<\/p>\n<p>Y en otro tema, muy importante fue la sesi\u00f3n del Consejo del Instituto Nacional Electoral, (INE), celebrada ayer porque por unanimidad, los consejeros avalaron el acuerdo que autoriza ajustes adicionales por 588 millones de pesos para la revocaci\u00f3n de mandato -que es el tema que realmente le interesa al inquilino de Palacio Nacional, por encima de la pandemia- e instruy\u00f3 a la Secretar\u00eda Ejecutiva a solicitar a la Secretar\u00eda, a cargo de un err\u00e1tico <strong>Rogelio Ram\u00edrez de la O<\/strong>, ampliaciones presupuestales por mil 738.94 millones de pesos para dicho ejercicio que con tanta ansia espera el tabasque\u00f1o.<\/p>\n<p>Dicho acuerdo plantea ahorros adicionales por 64.46 millones de pesos al presupuesto del INE, as\u00ed como una bolsa de 524 millones de pesos, para el ejercicio de revocaci\u00f3n de mandato, que pasar\u00eda de 3 mil 830 millones a tres mil 306.73 millones.<\/p>\n<p>Sin embargo, no hay que soslayar que Morena, \u201cno ha quitado el dedo del rengl\u00f3n\u201d y contin\u00faa presionando al INE y esto lo revel\u00f3 el consejero presidente, <strong>Lorenzo C\u00f3rdova<\/strong>, al se\u00f1alar que la Fiscal\u00eda General de la Rep\u00fablica, insiste en seguir haciendo indagatorias sobre las<strong>\u00a0<\/strong>denuncias contra los consejeras y consejeros\u00a0del Instituto que a prop\u00f3sito interpuso el flamante diputado Sergio Guti\u00e9rrez Luna, mismas que calific\u00f3 como \u201cabsolutamente rid\u00edculas\u201d, al tiempo que garantiz\u00f3 que en este \u00f3rgano aut\u00f3nomo nadie va a \u200b\u200basumir \u201cactitudes autoritarias, tir\u00e1nicas y d\u00e9spotas\u201d, ya que eso se lo dejan a otras instancias.<\/p>\n<p>El doctor C\u00f3rdova se\u00f1al\u00f3: \u201cAqu\u00ed nadie, por sus posicionamientos, por sus interpretaciones de la ley, por sus afirmaciones, ni por sus decisiones, va a ser jam\u00e1s denunciado penalmente como s\u00ed ocurre en otros espacios. Aqu\u00ed nadie nunca va asumir actitudes autoritarias, tir\u00e1nicas y d\u00e9spotas, eso se lo dejamos como privilegio a otras instancias. Las denuncias penales que se han presentado contra miembros del Consejo siguen su curso y la Fiscal\u00eda sigue haciendo indagatorias frente a denuncias que son absolutamente rid\u00edculas, que han recibido la descalificaci\u00f3n p\u00fablica de la sociedad, incluso del Presidente de la Rep\u00fablica y hasta la retracci\u00f3n de quien parad\u00f3jicamente las presento\u201d<\/p>\n<p style=\"text-align: center;\"><strong>Municiones<\/strong><\/p>\n<p>El ministro del Reino Unido, <strong>Boris Johnson<\/strong>, es blanco de dur\u00edsimas cr\u00edticas porque por ah\u00ed del mes de mayo del a\u00f1o pasado, asisti\u00f3 a una fiesta, cuando la norma sanitaria dictaba el confinamiento. A grado tal han llegado las presiones que en el Parlamento se ha planteado la necesidad de realizar una consulta sobre si debe seguir Johnson como jefe del partido conservador y por ende, primer ministro del Reino Unido, porque con su acci\u00f3n, no tiene la autoridad moral para seguir gobernando el pa\u00eds. Por m\u00e1s que el ministro ha ofrecido disculpas diciendo que se trat\u00f3 de un evento de trabajo, cuando el correo electr\u00f3nico dec\u00eda que se trataba de un evento social, no ha conseguido nada. Es m\u00e1s, la permanencia de Boris Johnson en el poder, pr\u00e1cticamente pende de un hilo, pues el Partido Laborista y otros adversarios pol\u00edticos, est\u00e1n pidiendo su cabeza por la irresponsabilidad cometida.<\/p>\n<p>*** Lo anterior sirve de ejemplo para comparar lo que pasa en M\u00e9xico, donde hay un Presidente que ha sido m\u00e1s que irresponsable pues no usa cubrebocas \u201cporque no le gusta\u201d; de p\u00e9sima manera ha manejado en general la pandemia de Covid; sus seguidores han sido igual de irresponsables; sus asesores en materia de salud como Alcocer Varela y L\u00f3pez-Gatell dejan much\u00edsimo que desear y aqu\u00ed, no pasa nada.<\/p>\n<p>*** Por cierto, ya encarrerado en su conferencia de prensa, el leal diputado Guti\u00e9rrez Luna se subi\u00f3 a un \u201ccarro\u201d al que no hab\u00eda sido convidado, pero todo sea con tal de quedar bien con el presidente L\u00f3pez Obrador y lo haga su carta mayor para la gubernatura de Veracruz, donde se encuentra otro de sus consentidos, <strong>Cuitl\u00e1huac Garc\u00eda<\/strong>, quien por cierto no conoce al diputado morenista y, por otro lado, nada m\u00e1s no puede con la delincuencia organizada y eso que luego de que se hallaran los primeros cuerpos abandonados, dijo, eso s\u00ed, muy contundente, que iba a parar esas masacres. Bueno, total, que el diputado Sergio Guti\u00e9rrez tambi\u00e9n se confes\u00f3 un radical en toda la extensi\u00f3n de la palabra, igualito que su jefe y espec\u00edficamente se\u00f1al\u00f3: \u201cEstos cambios que estamos haciendo, el tema de la reforma el\u00e9ctrica, es radical y es positivo para el pa\u00eds. El calificativo radical, debe entenderse como algo que se est\u00e1 cambiando para generar mejores condiciones. Yo soy parte de la 4T y estamos haciendo transformaciones en el pa\u00eds y que de alguna manera est\u00e1n cambiando al pa\u00eds; si eso es ser radical, lo ser\u00e9 positivamente hablando, claro que s\u00ed\u201d.<\/p>\n<p>*** Quien sustituye al presidente L\u00f3pez Obrador, el secretario de Gobernaci\u00f3n, <strong>Ad\u00e1n Augusto L\u00f3pez<\/strong>, inform\u00f3 e hizo votos para que entre lunes y martes de la semana pr\u00f3xima, el Ejecutivo podr\u00eda retornar a actividades presenciales y se\u00f1al\u00f3 que \u201ctampoco vamos a acelerar un proceso de salud que es normal. \u00c9l est\u00e1 pendiente y contin\u00faa conduciendo al pa\u00eds\u201d. No, bueno.<\/p>\n<p><u><a href=\"mailto:morcora@gmail.com\" target=\"_blank\" rel=\"noopener noreferrer\"><em>morcora@gmail.com<\/em><\/a><\/u><\/p>\n","protected":false},"excerpt":{"rendered":"<p><span style=\"color: #005497;\"><strong>Adriana Moreno Cordero<\/strong><\/span><\/p>\n","protected":false},"author":3,"featured_media":0,"comment_status":"open","ping_status":"open","sticky":false,"template":"","format":"standard","meta":{"_monsterinsights_skip_tracking":false,"_monsterinsights_sitenote_active":false,"_monsterinsights_sitenote_note":"","_monsterinsights_sitenote_category":0,"footnotes":""},"categories":[69370],"tags":[69369,69368,43674],"class_list":["post-531914","post","type-post","status-publish","format-standard","hentry","category-adriana-moreno-cordero","tag-adriana-moreno-cordero","tag-la-retaguardia","tag-opinion"],"_links":{"self":[{"href":"https:\/\/www.diarioimagen.net\/index.php?rest_route=\/wp\/v2\/posts\/531914","targetHints":{"allow":["GET"]}}],"collection":[{"href":"https:\/\/www.diarioimagen.net\/index.php?rest_route=\/wp\/v2\/posts"}],"about":[{"href":"https:\/\/www.diarioimagen.net\/index.php?rest_route=\/wp\/v2\/types\/post"}],"author":[{"embeddable":true,"href":"https:\/\/www.diarioimagen.net\/index.php?rest_route=\/wp\/v2\/users\/3"}],"replies":[{"embeddable":true,"href":"https:\/\/www.diarioimagen.net\/index.php?rest_route=%2Fwp%2Fv2%2Fcomments&post=531914"}],"version-history":[{"count":0,"href":"https:\/\/www.diarioimagen.net\/index.php?rest_route=\/wp\/v2\/posts\/531914\/revisions"}],"wp:attachment":[{"href":"https:\/\/www.diarioimagen.net\/index.php?rest_route=%2Fwp%2Fv2%2Fmedia&parent=531914"}],"wp:term":[{"taxonomy":"category","embeddable":true,"href":"https:\/\/www.diarioimagen.net\/index.php?rest_route=%2Fwp%2Fv2%2Fcategories&post=531914"},{"taxonomy":"post_tag","embeddable":true,"href":"https:\/\/www.diarioimagen.net\/index.php?rest_route=%2Fwp%2Fv2%2Ftags&post=531914"}],"curies":[{"name":"wp","href":"https:\/\/api.w.org\/{rel}","templated":true}]}}