{"id":531915,"date":"2022-01-13T00:01:55","date_gmt":"2022-01-13T06:01:55","guid":{"rendered":"https:\/\/www.diarioimagen.net\/?p=531915"},"modified":"2022-01-12T23:30:46","modified_gmt":"2022-01-13T05:30:46","slug":"obediencia-y-conciencia","status":"publish","type":"post","link":"https:\/\/www.diarioimagen.net\/?p=531915","title":{"rendered":"Obediencia y conciencia"},"content":{"rendered":"<h2>De pe a pa<\/h2>\n<h5>Alberto Vieyra G.<\/h5>\n<p>&nbsp;<\/p>\n<p>2022 arrancar\u00eda con un esc\u00e1ndalo mundial desatado por un desobediente que cobra millonadas como el n\u00famero uno del tenis en el mundo llamado Novak Djokovic, el hombre antivacunas que al arribar a Australia para intervenir en el Abierto de Tenis, el pasado mi\u00e9rcoles 5 de enero, se encontr\u00f3 con que en Australia s\u00ed hay gobiernos y leyes que se aplican a todos por igual, sean ricos, pobres o famosos fufurufos como Djokovic.<\/p>\n<p>La prohibici\u00f3n de ingreso al territorio australiano por no estar vacunado gener\u00f3 ya un encontronazo diplom\u00e1tico entre Australia y Serbia, pero el tenista ya se exhibi\u00f3 ante el mundo como un irreverente <em>contreras<\/em> y desobediente, que podr\u00eda perder su privilegio de ser desbancado como el n\u00famero uno en el mundo del deporte blanco.<\/p>\n<p>Es cierto que cada individuo tiene el derecho de hacer de su cuerpo y su vida lo que se le pegue la gana, pero estamos ante una mort\u00edfera pandemia que ha generado protocolos, que a veces no nos gustan porque transgreden las libertades, pero estamos tambi\u00e9n ante un problema de conciencia de que si alguien de nosotros corre el peligro de contaminarse de Covid-19, nuestra conciencia nos debe dictar que debemos aislarnos para no ser irresponsables y convertirnos en una larga cadena de muertes.<\/p>\n<p>La conciencia es una virtud que tiene que ver con la capacidad del hombre de poder distinguir lo bueno de lo malo. Y \u00bfqu\u00e9 es entonces la obediencia? Se trata de una cualidad del ser humano de acatar las leyes divinas y terrenales, as\u00ed sea muy fufurufo y muy famoso que, dicho sea de paso, cuando se vuelven famosos o tienen el poder en sus manos se convierten en irredentos desobedientes al no acatar la voluntad de la persona que manda, de lo que establece una norma o de lo que ordena la ley.<\/p>\n<p>Lo ocurrido al tenista Novak Djokovic es un mal ejemplo que cunde por el mundo y en M\u00e9xico tenemos a un Presidente de la Rep\u00fablica que adem\u00e1s de mentiroso, chill\u00f3n y peleonero, se distingue por ser desobediente hasta la pared de enfrente. Es un hombre terco que solamente hace que impere su ley: La ley de Herodes.<\/p>\n<p>Durante toda la pandemia, AMLO se ha negado terminantemente a usar el cubrebocas y a obedecer los protocolos que imperan en casos de una emergencia sanitaria, que debe ser responsabilidad de todos para no llevarse entre las patas a gente inocente.<\/p>\n<p>Antier por la tarde, don <em>Peje<\/em> nos dio la buena nueva de que otra vez la burra al trigo. S\u00ed, se volvi\u00f3 a contagiar de coronavirus por segunda vez, aun contando, seg\u00fan \u00e9l, con 3 dosis. Lo tiene muy merecido porque de manera irresponsable tuvo contacto con mucha gente, incluyendo su familia en los \u00faltimos 5 d\u00edas ya contaminado y aunque \u00e9l diga que son s\u00edntomas leves o que se trata de un catarrito que seguramente podr\u00eda ser paleado con paracetamol, Vick vaporub o tecitos para sacar los demonios de los huesos, lo cierto es que el virus es macabro y actuar de ese modo es una monumental irresponsabilidad.<\/p>\n<p>\u00bfQu\u00e9 nos dice semejante irresponsabilidad por parte del Presidente de la Rep\u00fablica?<\/p>\n<p>Bueno, pues nos revela que con esa irresponsabilidad ha sido manejada en M\u00e9xico la pandemia del coronavirus que hasta el pasado 20 de noviembre, de manera oficial contabilizaba 646 mil compatriotas muertos, es decir 6 estadios azteca repletos de fan\u00e1ticos del deporte de las patadas. Pero, AMLO y sus corifeos de salud Jorge Alcocer y Hugo L\u00f3pez-Gatell se pavonean como pavorreales, cuando deber\u00edan estar en la c\u00e1rcel por su negligencia criminal en el combate a la pandemia y el enga\u00f1o a los mexicanos.<\/p>\n<p>Nos dice tambi\u00e9n que, aunque se tengan 3 o m\u00e1s vacunas, el coronavirus no respeta ni a los poderosos inconscientes y desobedientes sean tenistas o cobren como Presidentes.<\/p>\n<p><a href=\"mailto:info@agenciamn.com\" target=\"_blank\" rel=\"noopener noreferrer\"><em>info@agenciamn.com<\/em><\/a><\/p>\n","protected":false},"excerpt":{"rendered":"<p><span style=\"color: #005497;\"><strong>Alberto Vieyra G.<\/strong><\/span><\/p>\n","protected":false},"author":3,"featured_media":0,"comment_status":"open","ping_status":"open","sticky":false,"template":"","format":"standard","meta":{"_monsterinsights_skip_tracking":false,"_monsterinsights_sitenote_active":false,"_monsterinsights_sitenote_note":"","_monsterinsights_sitenote_category":0,"footnotes":""},"categories":[4596],"tags":[43697,4597,43674],"class_list":["post-531915","post","type-post","status-publish","format-standard","hentry","category-alberto-vieyra-g","tag-alberto-vieyra-g","tag-de-pe-a-pa","tag-opinion"],"_links":{"self":[{"href":"https:\/\/www.diarioimagen.net\/index.php?rest_route=\/wp\/v2\/posts\/531915","targetHints":{"allow":["GET"]}}],"collection":[{"href":"https:\/\/www.diarioimagen.net\/index.php?rest_route=\/wp\/v2\/posts"}],"about":[{"href":"https:\/\/www.diarioimagen.net\/index.php?rest_route=\/wp\/v2\/types\/post"}],"author":[{"embeddable":true,"href":"https:\/\/www.diarioimagen.net\/index.php?rest_route=\/wp\/v2\/users\/3"}],"replies":[{"embeddable":true,"href":"https:\/\/www.diarioimagen.net\/index.php?rest_route=%2Fwp%2Fv2%2Fcomments&post=531915"}],"version-history":[{"count":0,"href":"https:\/\/www.diarioimagen.net\/index.php?rest_route=\/wp\/v2\/posts\/531915\/revisions"}],"wp:attachment":[{"href":"https:\/\/www.diarioimagen.net\/index.php?rest_route=%2Fwp%2Fv2%2Fmedia&parent=531915"}],"wp:term":[{"taxonomy":"category","embeddable":true,"href":"https:\/\/www.diarioimagen.net\/index.php?rest_route=%2Fwp%2Fv2%2Fcategories&post=531915"},{"taxonomy":"post_tag","embeddable":true,"href":"https:\/\/www.diarioimagen.net\/index.php?rest_route=%2Fwp%2Fv2%2Ftags&post=531915"}],"curies":[{"name":"wp","href":"https:\/\/api.w.org\/{rel}","templated":true}]}}