{"id":531923,"date":"2022-01-13T00:08:48","date_gmt":"2022-01-13T06:08:48","guid":{"rendered":"https:\/\/www.diarioimagen.net\/?p=531923"},"modified":"2022-01-12T23:36:51","modified_gmt":"2022-01-13T05:36:51","slug":"violencia-en-morelos-3","status":"publish","type":"post","link":"https:\/\/www.diarioimagen.net\/?p=531923","title":{"rendered":"Violencia en Morelos"},"content":{"rendered":"<h2>Punto por punto<\/h2>\n<h5>Augusto Corro<\/h5>\n<p>&nbsp;<\/p>\n<p>Para nadie es un secreto que la espiral de violencia contin\u00faa incontenible en varios estados.<\/p>\n<p>Lo mismo son asesinados activistas, pol\u00edticos, periodistas, mujeres, etc.<\/p>\n<p>Adem\u00e1s, llegaron para quedarse delitos como la extorsi\u00f3n y el secuestro. En algunas entidades la narcodelincuencia tiene sometida a la poblaci\u00f3n. Michoac\u00e1n es un ejemplo.<\/p>\n<p>El a\u00f1o pasado, en relaci\u00f3n con las elecciones intermedias, m\u00e1s de cien pol\u00edticos fueron asesinados en M\u00e9xico.\u00a0 Fueron agredidos 36 aspirantes y candidatos a distintos cargos.<\/p>\n<p>Abordamos el tema porque el martes, alrededor de las 15 horas, fue asesinado Benjam\u00edn L\u00f3pez Palacios, presidente del concejo municipal ind\u00edgena de Xoxocotla, Morelos.<\/p>\n<p>Ten\u00eda once d\u00edas de haber asumido el cargo. Con este homicido suman 29 en el a\u00f1o.<\/p>\n<p>Los hechos se registraron a la casa de L\u00f3pez Palacios a la que llegaron siete sujetos para matarlo.<\/p>\n<p>Cabe se\u00f1alar que en el gobierno de Cuauht\u00e9moc Blanco los asesinatos en Morelos van al alza.<\/p>\n<p>Seg\u00fan las cifras de 2021, de enero a noviembre se registraron mil 205 homicidios.<\/p>\n<p>Recientemente, al mandatario estatal lo ubicaron en el ojo de la tormenta debido a una fotograf\u00eda.<\/p>\n<p>Se trat\u00f3 de una foto en la que el exfutbolista aparec\u00eda con varios narcotraficantes.\u00a0 El gobernador dio explicaciones de la reuni\u00f3n con los delincuentes, sin lograr convencer a nadie.<\/p>\n<p>En este espacio informamos que Cuauht\u00e9moc Blanco fue acusado en la Fiscal\u00eda General de la Rep\u00fablica (FGR) por delitos relacionados con la delincuencia organizada, en la modalidad de encubrimiento, adem\u00e1s de realizar operaciones con recursos de procedencia il\u00edcita y lo que resulte, derivado de la fotograf\u00eda en la que aparece junto a tres l\u00edderes de crimen organizado.<\/p>\n<p>El incremento de la inseguridad en la zona sur de Morelos, adem\u00e1s de trastocar la vida de sus habitantes, caus\u00f3 preocupaci\u00f3n en el sector empresarial, pues esa situaci\u00f3n podr\u00eda poner en riesgo la recuperaci\u00f3n econ\u00f3mica de la regi\u00f3n.<\/p>\n<p style=\"text-align: center;\"><strong>Migraci\u00f3n, incontenible<\/strong><\/p>\n<p>La migraci\u00f3n continuar\u00e1. No se le ve fin. Los discursos para controlarla o erradicarla no causan ning\u00fan efecto.\u00a0 Cientos de indocumentados siguen con la idea de llegar a Estados Unidos para resolver sus problemas. Los migrantes abandonan sus pa\u00edses de origen obligados por la pobreza, la violencia y los da\u00f1os ocasionados por los fen\u00f3menos naturales.<\/p>\n<p>Son palabras que se lleva el viento los discursos de cuantiosas inversiones para que los indocumentados no abandonen sus tierras.<\/p>\n<p>La realidad es otra. La gente sin papeles ya decidi\u00f3 ir a Estados Unidos y est\u00e1 empe\u00f1ada en realizarlo.<\/p>\n<p>Para lograrlo utilizan todos los medios disponibles, sin importar los riesgos que corren. Al principio de diciembre, 55 migrantes perecieron en un accidente de cami\u00f3n cerca de Tuxtla Guti\u00e9rrez.<\/p>\n<p>El tr\u00e1iler, seg\u00fan se inform\u00f3, circulaba con exceso de velocidad.<\/p>\n<p>Sin embargo, es necesario se\u00f1alar que nada detiene a los indocumentados que son v\u00edctimas de extorsiones, secuestros y asesinatos.<\/p>\n<p>Tampoco toman en cuenta las tragedias registradas en la carretera.<\/p>\n<p>El martes pasado, se accident\u00f3 un cami\u00f3n oficial que transportaba a medio centenar de indocumentados. Se inform\u00f3 que 38 extranjeros resultaron con heridas leves.<\/p>\n<p>El accidente se registr\u00f3 en la autopista Orizaba-Puebla.<\/p>\n<p>Las autoridades reportaron que el conductor de la unidad, con logotipos de Diconsa de Segalmex, perdi\u00f3 el control y se estrell\u00f3 contra una barra de contenci\u00f3n. Los indocumentados fueron puestos a disposici\u00f3n de la Guardia Nacional (GD).<\/p>\n<p>Por otra parte, hace m\u00e1s de tres meses que desaparecieron trece migrantes mexicanos en su intento por llegar a Estados Unidos.<\/p>\n<p>Los hechos se registraron en Coyame, Chihuahua.<\/p>\n<p>El \u00faltimo contacto con los desaparecidos fue el pasado 25 de septiembre. A partir de esa fecha nada se sabe de los migrantes. Los familiares piden pistas para hallar a los indocumentados.<\/p>\n<p>\u00bfUsted qu\u00e9 opina amable lector?<\/p>\n<p><a href=\"mailto:aco2742@hotmail.com\" target=\"_blank\" rel=\"noopener noreferrer\"><em>aco2742@hotmail.com<\/em><\/a><\/p>\n","protected":false},"excerpt":{"rendered":"<p><span style=\"color: #005497;\"><strong>Augusto Corro<\/strong><\/span><\/p>\n","protected":false},"author":3,"featured_media":0,"comment_status":"open","ping_status":"open","sticky":false,"template":"","format":"standard","meta":{"_monsterinsights_skip_tracking":false,"_monsterinsights_sitenote_active":false,"_monsterinsights_sitenote_note":"","_monsterinsights_sitenote_category":0,"footnotes":""},"categories":[157],"tags":[43686,43674,11515],"class_list":["post-531923","post","type-post","status-publish","format-standard","hentry","category-augusto-corro","tag-augusto-corro","tag-opinion","tag-punto-por-punto"],"_links":{"self":[{"href":"https:\/\/www.diarioimagen.net\/index.php?rest_route=\/wp\/v2\/posts\/531923","targetHints":{"allow":["GET"]}}],"collection":[{"href":"https:\/\/www.diarioimagen.net\/index.php?rest_route=\/wp\/v2\/posts"}],"about":[{"href":"https:\/\/www.diarioimagen.net\/index.php?rest_route=\/wp\/v2\/types\/post"}],"author":[{"embeddable":true,"href":"https:\/\/www.diarioimagen.net\/index.php?rest_route=\/wp\/v2\/users\/3"}],"replies":[{"embeddable":true,"href":"https:\/\/www.diarioimagen.net\/index.php?rest_route=%2Fwp%2Fv2%2Fcomments&post=531923"}],"version-history":[{"count":0,"href":"https:\/\/www.diarioimagen.net\/index.php?rest_route=\/wp\/v2\/posts\/531923\/revisions"}],"wp:attachment":[{"href":"https:\/\/www.diarioimagen.net\/index.php?rest_route=%2Fwp%2Fv2%2Fmedia&parent=531923"}],"wp:term":[{"taxonomy":"category","embeddable":true,"href":"https:\/\/www.diarioimagen.net\/index.php?rest_route=%2Fwp%2Fv2%2Fcategories&post=531923"},{"taxonomy":"post_tag","embeddable":true,"href":"https:\/\/www.diarioimagen.net\/index.php?rest_route=%2Fwp%2Fv2%2Ftags&post=531923"}],"curies":[{"name":"wp","href":"https:\/\/api.w.org\/{rel}","templated":true}]}}