{"id":531926,"date":"2022-01-13T00:03:01","date_gmt":"2022-01-13T06:03:01","guid":{"rendered":"https:\/\/www.diarioimagen.net\/?p=531926"},"modified":"2022-01-12T23:38:51","modified_gmt":"2022-01-13T05:38:51","slug":"nicaragua-amlo-ortega","status":"publish","type":"post","link":"https:\/\/www.diarioimagen.net\/?p=531926","title":{"rendered":"Nicaragua, AMLO-Ortega"},"content":{"rendered":"<h2>Espacio Electoral<\/h2>\n<h5>Eleazar Flores<strong>\u00a0<\/strong><\/h5>\n<p>&nbsp;<\/p>\n<p><strong>\u00bfSER\u00c1 POSIBLE?-.<\/strong> Si como chiste es malo, como posible realidad es peor, pues decir, sin el menor rubor, que ignoraba que Daniel Ortega iba por su cuarto per\u00edodo presidencial consecutivo en el sufrido pa\u00eds centroamericano es lamentable, doloroso para quien dice cuidar y que le cuiden la figura presidencial. \u00bfEsto no es descuido?, \u00bfo ignorancia?.<\/p>\n<p>Esto debido a que el setentero Jos\u00e9 Daniel Ortega Saavedra lleva en el poder nicarag\u00fcense casi los mismos a\u00f1os que el padre de la Cuarta Transformaci\u00f3n dur\u00f3 y luch\u00f3 por llegar a sentarse en el sill\u00f3n en el que actualmente despacha, con o sin Covid.<\/p>\n<p><strong>PROLEG\u00d3MENOS-.<\/strong> El anta\u00f1o guerrillero Daniel Ortega fue l\u00edder del Frente Sandinista de Liberaci\u00f3n Nacional, acompa\u00f1ado por un tal Ed\u00e9n Pastora mejor conocido como el \u201cComandante Cero\u201d de cuya existencia ya casi nadie se acuerda, no obstante haber sido el art\u00edfice en la ca\u00edda del somocismo, junto con Ortega y muchos m\u00e1s.<\/p>\n<p>El triunfo del Frente Sandinista de Liberaci\u00f3n Nacional no se podr\u00e1 entender plenamente si se ignora la presencia de Ed\u00e9n Pastora, pues fue quien con su innata vocaci\u00f3n guerrillera emple\u00f3 las estrateg\u00edas, -rudimentarias si quiere pero que le funcionaron-, para derribar al mal recordado Anastasio Somoza y secuaces.<\/p>\n<p>De entonces a la fecha ha corrido mucha agua en los r\u00edos nicarag\u00fcenses y lo \u00fanico que no ha cambiado, o muy poco y para mal, es la pobreza del pueblo y la hegemon\u00eda de Daniel Ortega en principio, y de su esposa Rosario Murillo en los dos \u00faltimos dos per\u00edodos, \u00e9sta como vicepresidenta para cuidarle las espaldas y los dineros al mandatario.<\/p>\n<p><strong>VERGONZOSO-.<\/strong> \u00danicamente con la presencia de los presidentes de Venezuela y Cuba, Maduro y Miguel D\u00edaz Canel, Daniel Ortega, respectivamente, asumi\u00f3 el lunes pasado la presidencia de su pa\u00eds por cuarta ocasi\u00f3n consecutiva, debido a que el siglo pasado lo fue por primera vez, cuando a\u00fan viv\u00eda Ed\u00e9n Pastora, el \u201cComandante Cero\u201d, que falleci\u00f3 el 16 de junio de 2020.<\/p>\n<p>En torno a esa sucesi\u00f3n, en M\u00e9xico pareci\u00f3 tomarse casi como juego pues un d\u00eda antes el secretario de Relaciones Exteriores Marcelo Ebrard hab\u00eda dicho que nuestro pa\u00eds no enviar\u00eda a representante alguno.<\/p>\n<p>Un d\u00eda despu\u00e9s e ignorando qu\u00e9 d\u00eda ser\u00eda la asunci\u00f3n de Ortega, el presidente Andr\u00e9s Manuel L\u00f3pez Obrador le pregunta a su (d)eficient\u00edsimo jefe de prensa Jes\u00fas Ram\u00edrez, quien contesta que \u201choy\u201d, bueno, pues haber si llega alguien.<\/p>\n<p>El caso que por decisi\u00f3n presidencial y contradiciendo abiertamente a su canciller dijo que s\u00ed, alguien ir\u00eda\u2026 y fue el encargado de negocios de nuestra embajada en Nicaragua.<\/p>\n<p>Como ver\u00e1, este es el ambiente que impera en pol\u00edtica exterior, cuyos nuevos embajadores recibir\u00e1n lineamientos para \u201chablar bien de M\u00e9xico\u201d, f\u00e1cil.<\/p>\n<p><em><a href=\"mailto:elefa44@gmail.com\" target=\"_blank\" rel=\"noopener noreferrer\">elefa44@gmail.com<\/a><\/em><\/p>\n","protected":false},"excerpt":{"rendered":"<p><span style=\"color: #005497;\"><strong>Eleazar Flores<\/strong><\/span><\/p>\n","protected":false},"author":3,"featured_media":0,"comment_status":"open","ping_status":"open","sticky":false,"template":"","format":"standard","meta":{"_monsterinsights_skip_tracking":false,"_monsterinsights_sitenote_active":false,"_monsterinsights_sitenote_note":"","_monsterinsights_sitenote_category":0,"footnotes":""},"categories":[81743],"tags":[81744,81776,43674],"class_list":["post-531926","post","type-post","status-publish","format-standard","hentry","category-eleazar-flores","tag-eleazar-flores","tag-espacio-electoral","tag-opinion"],"_links":{"self":[{"href":"https:\/\/www.diarioimagen.net\/index.php?rest_route=\/wp\/v2\/posts\/531926","targetHints":{"allow":["GET"]}}],"collection":[{"href":"https:\/\/www.diarioimagen.net\/index.php?rest_route=\/wp\/v2\/posts"}],"about":[{"href":"https:\/\/www.diarioimagen.net\/index.php?rest_route=\/wp\/v2\/types\/post"}],"author":[{"embeddable":true,"href":"https:\/\/www.diarioimagen.net\/index.php?rest_route=\/wp\/v2\/users\/3"}],"replies":[{"embeddable":true,"href":"https:\/\/www.diarioimagen.net\/index.php?rest_route=%2Fwp%2Fv2%2Fcomments&post=531926"}],"version-history":[{"count":0,"href":"https:\/\/www.diarioimagen.net\/index.php?rest_route=\/wp\/v2\/posts\/531926\/revisions"}],"wp:attachment":[{"href":"https:\/\/www.diarioimagen.net\/index.php?rest_route=%2Fwp%2Fv2%2Fmedia&parent=531926"}],"wp:term":[{"taxonomy":"category","embeddable":true,"href":"https:\/\/www.diarioimagen.net\/index.php?rest_route=%2Fwp%2Fv2%2Fcategories&post=531926"},{"taxonomy":"post_tag","embeddable":true,"href":"https:\/\/www.diarioimagen.net\/index.php?rest_route=%2Fwp%2Fv2%2Ftags&post=531926"}],"curies":[{"name":"wp","href":"https:\/\/api.w.org\/{rel}","templated":true}]}}