{"id":532013,"date":"2022-01-14T00:05:14","date_gmt":"2022-01-14T06:05:14","guid":{"rendered":"https:\/\/www.diarioimagen.net\/?p=532013"},"modified":"2022-01-17T03:04:01","modified_gmt":"2022-01-17T09:04:01","slug":"ante-omicron-debe-privilegiarse-el-uso-de-cubrebocas-que-ofrezcan-mayor-seguridad","status":"publish","type":"post","link":"https:\/\/www.diarioimagen.net\/?p=532013","title":{"rendered":"Ante \u00d3micron debe privilegiarse el uso de cubrebocas que ofrezcan mayor seguridad"},"content":{"rendered":"<p><em>\u00a0<\/em><\/p>\n<ul>\n<li><strong><em>Ana Mar\u00eda Vargas Vieyra, m\u00e9dico integrante de la Cl\u00ednica Multidisciplinaria de Salud de la UAEM, exhort\u00f3 a la poblaci\u00f3n a utilizar cubrebocas N95, KN95 o quir\u00fargico porque tienen una\u00a0 <\/em><em>efectividad de 95% ante el contagio de la variante \u00d3micron del virus SARS-CoV-2<\/em><\/strong><\/li>\n<\/ul>\n<p><strong>\u00a0<\/strong><\/p>\n<div id=\"attachment_532125\" style=\"width: 470px\" class=\"wp-caption aligncenter\"><a href=\"https:\/\/www.diarioimagen.net\/?attachment_id=532125\" rel=\"attachment wp-att-532125\"><img loading=\"lazy\" decoding=\"async\" aria-describedby=\"caption-attachment-532125\" class=\"size-full wp-image-532125\" src=\"https:\/\/www.diarioimagen.net\/wp-content\/uploads\/2022\/01\/uaem-9.jpg\" alt=\"\" width=\"460\" height=\"270\" \/><\/a><p id=\"caption-attachment-532125\" class=\"wp-caption-text\">Ana Mar\u00eda Vargas Vieyra, m\u00e9dico de la Cl\u00ednica Multidisciplinaria de Salud (CMS) de la UAEM, afirm\u00f3 que los cubrebocas de tela en lugar de proteger, exponen al portador y las personas que lo rodean, aumentando la posibilidad de contagio, ya que su efectividad es menor de 5%.<\/p><\/div>\n<p>&nbsp;<\/p>\n<p><strong>Toluca, Estado de M\u00e9xico.\u2014<\/strong> Ante el aumento de la presencia de la variante \u00d3micron del virus SARS-CoV-2, que se transmite con mayor facilidad que las cepas anteriores, es necesario privilegiar el uso de cubrebocas N95, KN95 o quir\u00fargico, que garantizan hasta un 95 por ciento de protecci\u00f3n si se usan adecuadamente.<\/p>\n<p>Ana Mar\u00eda Vargas Vieyra, m\u00e9dico de la Cl\u00ednica Multidisciplinaria de Salud (CMS) de la Universidad Aut\u00f3noma del Estado de M\u00e9xico (UAEM), explic\u00f3 que los cubrebocas de tela fabricados de algod\u00f3n, poli\u00e9ster, licra, nylon o aquellos hechos con esponja, aunque refieren que tienen tres capas, no ofrecen ni 5 por ciento de protecci\u00f3n contra el contagio.<\/p>\n<p>En ese sentido, exhort\u00f3 a la poblaci\u00f3n a priorizar como medida preventiva ante la variante \u00d3micron el uso de cubrebocas y privilegiar entre las opciones los que son tipo N95, KN95 y quir\u00fargicos tricapa.<\/p>\n<p>Vargas Vieyra reconoci\u00f3 que aunque la efectividad de estos cubrebocas es de 95 por ciento, es imprescindible usarlos adecuadamente, es decir, cubriendo nariz y boca, siempre manipularlos, quitarlos o colocarlos desde las cintas o resortes que los sostienen y jam\u00e1s desde la parte central.<\/p>\n<p>Detall\u00f3 que su tiempo m\u00e1ximo de vida \u00fatil ronda las 8 horas, luego de las cuales deben ser renovados y si por alguna circunstancia se mojan, deben ser sustituidos inmediatamente.<\/p>\n<p>En caso de que el portador se lo tenga que quitar por alguna circunstancia como comer o beber, debe retirarlo de las cintas o resortes y colocarlo en una bolsa de uso exclusivo, lo que brinda la posibilidad de utilizarlo nuevamente.<\/p>\n<p>La universitaria indic\u00f3 que ante las nuevas variantes del virus que ocasiona la Covid-19 y su facilidad para propagarse no es opci\u00f3n el uso de cubrebocas de tela, que tienen un m\u00ednimo nivel de protecci\u00f3n, sobre todo hacia los dem\u00e1s, en caso de que el portador estornude o tosa. Ana Mar\u00eda Vargas Vieyra puntualiz\u00f3 que el uso de cubrebocas debe ser continuo y obligatorio en lugares cerrados como la oficina, el sal\u00f3n de clases y los centros comerciales, entre otros.<\/p>\n","protected":false},"excerpt":{"rendered":"<p>Ante el aumento de la presencia de la variante \u00d3micron del virus SARS-CoV-2, que se transmite con mayor facilidad que las cepas anteriores, es necesario privilegiar el uso de cubrebocas N95, KN95 o quir\u00fargico, que garantizan hasta un 95 por ciento de protecci\u00f3n si se usan adecuadamente.<\/p>\n","protected":false},"author":3,"featured_media":532125,"comment_status":"open","ping_status":"open","sticky":false,"template":"","format":"standard","meta":{"_monsterinsights_skip_tracking":false,"_monsterinsights_sitenote_active":false,"_monsterinsights_sitenote_note":"","_monsterinsights_sitenote_category":0,"footnotes":""},"categories":[5],"tags":[90364,43675,94141,452],"class_list":["post-532013","post","type-post","status-publish","format-standard","has-post-thumbnail","hentry","category-estado-de-mexico","tag-cubrebocas","tag-estado-de-mexico","tag-omicron","tag-toluca"],"_links":{"self":[{"href":"https:\/\/www.diarioimagen.net\/index.php?rest_route=\/wp\/v2\/posts\/532013","targetHints":{"allow":["GET"]}}],"collection":[{"href":"https:\/\/www.diarioimagen.net\/index.php?rest_route=\/wp\/v2\/posts"}],"about":[{"href":"https:\/\/www.diarioimagen.net\/index.php?rest_route=\/wp\/v2\/types\/post"}],"author":[{"embeddable":true,"href":"https:\/\/www.diarioimagen.net\/index.php?rest_route=\/wp\/v2\/users\/3"}],"replies":[{"embeddable":true,"href":"https:\/\/www.diarioimagen.net\/index.php?rest_route=%2Fwp%2Fv2%2Fcomments&post=532013"}],"version-history":[{"count":0,"href":"https:\/\/www.diarioimagen.net\/index.php?rest_route=\/wp\/v2\/posts\/532013\/revisions"}],"wp:featuredmedia":[{"embeddable":true,"href":"https:\/\/www.diarioimagen.net\/index.php?rest_route=\/wp\/v2\/media\/532125"}],"wp:attachment":[{"href":"https:\/\/www.diarioimagen.net\/index.php?rest_route=%2Fwp%2Fv2%2Fmedia&parent=532013"}],"wp:term":[{"taxonomy":"category","embeddable":true,"href":"https:\/\/www.diarioimagen.net\/index.php?rest_route=%2Fwp%2Fv2%2Fcategories&post=532013"},{"taxonomy":"post_tag","embeddable":true,"href":"https:\/\/www.diarioimagen.net\/index.php?rest_route=%2Fwp%2Fv2%2Ftags&post=532013"}],"curies":[{"name":"wp","href":"https:\/\/api.w.org\/{rel}","templated":true}]}}